{"id":7160,"date":"2020-02-04T00:01:13","date_gmt":"2020-02-03T23:01:13","guid":{"rendered":"https:\/\/kronika-futbolu.pl\/historia\/?p=7160"},"modified":"2020-02-04T00:01:13","modified_gmt":"2020-02-03T23:01:13","slug":"pilkarska-kartka-kalendarza-4-lutego","status":"publish","type":"post","link":"https:\/\/kronika-futbolu.pl\/historia\/pilkarska-kartka-kalendarza-4-lutego\/","title":{"rendered":"Pi\u0142karska kartka z kalendarza 4 lutego"},"content":{"rendered":"<h4>Pi\u0142karska kartka z kalendarza 4 lutego<\/h4>\n<p>1899.02.04 Za\u0142o\u017cono niemiecki klub pi\u0142karski <strong>Werder Brema<\/strong> 4-krotny mistrz Niemiec 1965,1988,1993,2004<\/p>\n<p>1922.02.04 Urodzi\u0142 si\u0119 <strong>Marian Jab\u0142o\u0144ski<\/strong>, polski pomocnik, mistrz Polski 1948 z Cracovi\u0105 (zm. 2004)<\/p>\n<p>1926.02.04 Urodzi\u0142 si\u0119 <strong>Gyula Grosics<\/strong>, w\u0119gierski bramkarz, mistrz olimpijski 1952<\/p>\n<p>1929.02.04 Urodzi\u0142 si\u0119 <strong>Reino B\u00f6rjesson<\/strong>, szwedzki pi\u0142karz, wicemistrz \u015bwiata 1958<\/p>\n<p>1970.02.04 Urodzi\u0142 si\u0119 <strong>Miros\u0142aw Walig\u00f3ra<\/strong> kr\u00f3l strzelc\u00f3w ligi polskiej 1992, srebrny medalista olimpijski 1992<br \/>\n1990-02-04 Teheran <strong>Iran &#8211; Polska<\/strong> 0-1 MT gol: Roman Szewczyk 60&#8242;<\/p>\n","protected":false},"excerpt":{"rendered":"<p>Pi\u0142karska kartka z kalendarza 4 lutego 1899.02.04 Za\u0142o\u017cono niemiecki klub pi\u0142karski Werder Brema 4-krotny mistrz Niemiec 1965,1988,1993,2004 1922.02.04 Urodzi\u0142 si\u0119 Marian Jab\u0142o\u0144ski, polski pomocnik, mistrz Polski 1948 z Cracovi\u0105 (zm. 2004) 1926.02.04 Urodzi\u0142 si\u0119 Gyula Grosics, w\u0119gierski bramkarz, mistrz olimpijski 1952 1929.02.04 Urodzi\u0142 si\u0119 Reino B\u00f6rjesson, szwedzki pi\u0142karz, wicemistrz \u015bwiata 1958 1970.02.04 Urodzi\u0142 si\u0119 Miros\u0142aw [&hellip;]<\/p>\n","protected":false},"author":3,"featured_media":992,"comment_status":"closed","ping_status":"open","sticky":false,"template":"","format":"standard","meta":{"_acf_changed":false,"footnotes":""},"categories":[144],"tags":[143],"class_list":["post-7160","post","type-post","status-publish","format-standard","has-post-thumbnail","hentry","category-kartka-z-kalendarza","tag-kalendarium"],"acf":[],"_links":{"self":[{"href":"https:\/\/kronika-futbolu.pl\/historia\/wp-json\/wp\/v2\/posts\/7160","targetHints":{"allow":["GET"]}}],"collection":[{"href":"https:\/\/kronika-futbolu.pl\/historia\/wp-json\/wp\/v2\/posts"}],"about":[{"href":"https:\/\/kronika-futbolu.pl\/historia\/wp-json\/wp\/v2\/types\/post"}],"author":[{"embeddable":true,"href":"https:\/\/kronika-futbolu.pl\/historia\/wp-json\/wp\/v2\/users\/3"}],"replies":[{"embeddable":true,"href":"https:\/\/kronika-futbolu.pl\/historia\/wp-json\/wp\/v2\/comments?post=7160"}],"version-history":[{"count":0,"href":"https:\/\/kronika-futbolu.pl\/historia\/wp-json\/wp\/v2\/posts\/7160\/revisions"}],"wp:featuredmedia":[{"embeddable":true,"href":"https:\/\/kronika-futbolu.pl\/historia\/wp-json\/wp\/v2\/media\/992"}],"wp:attachment":[{"href":"https:\/\/kronika-futbolu.pl\/historia\/wp-json\/wp\/v2\/media?parent=7160"}],"wp:term":[{"taxonomy":"category","embeddable":true,"href":"https:\/\/kronika-futbolu.pl\/historia\/wp-json\/wp\/v2\/categories?post=7160"},{"taxonomy":"post_tag","embeddable":true,"href":"https:\/\/kronika-futbolu.pl\/historia\/wp-json\/wp\/v2\/tags?post=7160"}],"curies":[{"name":"wp","href":"https:\/\/api.w.org\/{rel}","templated":true}]}}