{"id":7169,"date":"2020-02-08T00:01:32","date_gmt":"2020-02-07T23:01:32","guid":{"rendered":"https:\/\/kronika-futbolu.pl\/historia\/?p=7169"},"modified":"2022-10-17T09:19:57","modified_gmt":"2022-10-17T07:19:57","slug":"pilkarska-kartka-kalendarza-8-lutego","status":"publish","type":"post","link":"https:\/\/kronika-futbolu.pl\/historia\/pilkarska-kartka-kalendarza-8-lutego\/","title":{"rendered":"Pi\u0142karska kartka z kalendarza 8 lutego"},"content":{"rendered":"<h4>Pi\u0142karska kartka z kalendarza 8 lutego<\/h4>\n<p>1929-02-08 Urodzi\u0142 si\u0119 <strong>Karl Koller<\/strong>, austriacki pomocnik, zdobywca 3 miejsca na mistrzostwach \u015bwiata 1954 (zm. 2009)<\/p>\n<p>1932-02-08 Urodzi\u0142 si\u0119 <strong>Horst Eckel<\/strong>, niemiecki napastnik, mistrz \u015bwiata 1954<\/p>\n<p>1989-02-08 <strong>Kostaryka &#8211; Polska<\/strong> 2-4 MT San Jose bramki: Alexandre Borge Guimaraes 11&#8242;, Luis Claudio Jara 68&#8242; &#8211; Krzysztof Warzycha 8&#8242;,30&#8242;, Roman Kosecki 15&#8242;, Jan Urban 66&#8242;.<\/p>\n<p>1998-02-08 <strong>Paragwaj &#8211; Polska<\/strong> 4-0 MT Asunicon bramki: Miguel Benitez 25&#8242;, Francisco Arce 27&#8242;, Celso Ayala 74&#8242;, Oscar Ferreira 82&#8242;<\/p>\n","protected":false},"excerpt":{"rendered":"<p>Pi\u0142karska kartka z kalendarza 8 lutego 1929-02-08 Urodzi\u0142 si\u0119 Karl Koller, austriacki pomocnik, zdobywca 3 miejsca na mistrzostwach \u015bwiata 1954 (zm. 2009) 1932-02-08 Urodzi\u0142 si\u0119 Horst Eckel, niemiecki napastnik, mistrz \u015bwiata 1954 1989-02-08 Kostaryka &#8211; Polska 2-4 MT San Jose bramki: Alexandre Borge Guimaraes 11&#8242;, Luis Claudio Jara 68&#8242; &#8211; Krzysztof Warzycha 8&#8242;,30&#8242;, Roman Kosecki [&hellip;]<\/p>\n","protected":false},"author":3,"featured_media":12991,"comment_status":"closed","ping_status":"open","sticky":false,"template":"","format":"standard","meta":{"_acf_changed":false,"footnotes":""},"categories":[144],"tags":[143],"class_list":["post-7169","post","type-post","status-publish","format-standard","has-post-thumbnail","hentry","category-kartka-z-kalendarza","tag-kalendarium"],"acf":[],"_links":{"self":[{"href":"https:\/\/kronika-futbolu.pl\/historia\/wp-json\/wp\/v2\/posts\/7169","targetHints":{"allow":["GET"]}}],"collection":[{"href":"https:\/\/kronika-futbolu.pl\/historia\/wp-json\/wp\/v2\/posts"}],"about":[{"href":"https:\/\/kronika-futbolu.pl\/historia\/wp-json\/wp\/v2\/types\/post"}],"author":[{"embeddable":true,"href":"https:\/\/kronika-futbolu.pl\/historia\/wp-json\/wp\/v2\/users\/3"}],"replies":[{"embeddable":true,"href":"https:\/\/kronika-futbolu.pl\/historia\/wp-json\/wp\/v2\/comments?post=7169"}],"version-history":[{"count":1,"href":"https:\/\/kronika-futbolu.pl\/historia\/wp-json\/wp\/v2\/posts\/7169\/revisions"}],"predecessor-version":[{"id":13254,"href":"https:\/\/kronika-futbolu.pl\/historia\/wp-json\/wp\/v2\/posts\/7169\/revisions\/13254"}],"wp:featuredmedia":[{"embeddable":true,"href":"https:\/\/kronika-futbolu.pl\/historia\/wp-json\/wp\/v2\/media\/12991"}],"wp:attachment":[{"href":"https:\/\/kronika-futbolu.pl\/historia\/wp-json\/wp\/v2\/media?parent=7169"}],"wp:term":[{"taxonomy":"category","embeddable":true,"href":"https:\/\/kronika-futbolu.pl\/historia\/wp-json\/wp\/v2\/categories?post=7169"},{"taxonomy":"post_tag","embeddable":true,"href":"https:\/\/kronika-futbolu.pl\/historia\/wp-json\/wp\/v2\/tags?post=7169"}],"curies":[{"name":"wp","href":"https:\/\/api.w.org\/{rel}","templated":true}]}}