{"id":7171,"date":"2020-02-09T00:01:29","date_gmt":"2020-02-08T23:01:29","guid":{"rendered":"https:\/\/kronika-futbolu.pl\/historia\/?p=7171"},"modified":"2022-10-17T09:19:40","modified_gmt":"2022-10-17T07:19:40","slug":"pilkarska-kartka-kalendarza-9-lutego","status":"publish","type":"post","link":"https:\/\/kronika-futbolu.pl\/historia\/pilkarska-kartka-kalendarza-9-lutego\/","title":{"rendered":"Pi\u0142karska kartka z kalendarza 9 lutego"},"content":{"rendered":"<h4>Pi\u0142karska kartka z kalendarza 9 lutego<\/h4>\n<p>09.02.1928 Urodzi\u0142 si\u0119<strong> Rinus Michels<\/strong>, holenderski napastnik, trener (zm. 2005)<\/p>\n<p>09.02.1931 Urodzi\u0142 si\u0119 <strong>Josef Masopust, <\/strong>czeski obro\u0144ca\/pomocnik, wicemistrz \u015bwiata 1962<\/p>\n<p>09.02.1957 Urodzi\u0142 si\u0119 <strong>Gordon Strachan<\/strong>, szkocki pi\u0142karz, trener min. Celticu i reprezentacji Szkocji<\/p>\n<p>09.02.1964 Urodzi\u0142 si\u0119 <strong>Ernesto Valverde,<\/strong> hiszpa\u0144ski napastnik w 1989 wygra\u0142 Puchar Zdobywc\u00f3w Puchar\u00f3w z Barcelon\u0105<\/p>\n<p>09.02.1970 Urodzi\u0142 si\u0119<strong> Sergio Bernal, <\/strong>meksyka\u0144ski bramkarz, w latach 1988-2010 zagra\u0142 w barwach Pumas UNAM ponad 500 mecz\u00f3w<\/p>\n<p>09.02.1980 Urodzi\u0142 si\u0119<strong> Angelos Charisteas<\/strong>, grecki napastnik, mistrz Europy 2004<\/p>\n<p>1994-02-09<strong> Hiszpania &#8211; Polska<\/strong> 1-1 Santa Cruz mecz towarzyski, bramki: Sergi 19&#8242;- Roman Kosecki 38&#8242;<\/p>\n<p>2005-02-09 <strong>Polska &#8211; Bia\u0142oru\u015b<\/strong> 1-3 Grodzisk Wielkopolski mecz towarzyski, bramki: Maciej \u017burawski 51&#8242;- Aleksandr Gleb 8&#8242;, 84&#8242;, Andriej \u0141awrik 90&#8242;<\/p>\n<p>2011-02-09 <strong>Polska-Norwegia<\/strong> 1-0 Faro (Portugalia) mecz towarzyski gol: Robert Lewandowski 19&#8242;<\/p>\n","protected":false},"excerpt":{"rendered":"<p>Pi\u0142karska kartka z kalendarza 9 lutego 09.02.1928 Urodzi\u0142 si\u0119 Rinus Michels, holenderski napastnik, trener (zm. 2005) 09.02.1931 Urodzi\u0142 si\u0119 Josef Masopust, czeski obro\u0144ca\/pomocnik, wicemistrz \u015bwiata 1962 09.02.1957 Urodzi\u0142 si\u0119 Gordon Strachan, szkocki pi\u0142karz, trener min. Celticu i reprezentacji Szkocji 09.02.1964 Urodzi\u0142 si\u0119 Ernesto Valverde, hiszpa\u0144ski napastnik w 1989 wygra\u0142 Puchar Zdobywc\u00f3w Puchar\u00f3w z Barcelon\u0105 09.02.1970 [&hellip;]<\/p>\n","protected":false},"author":3,"featured_media":12991,"comment_status":"closed","ping_status":"open","sticky":false,"template":"","format":"standard","meta":{"_acf_changed":false,"footnotes":""},"categories":[144],"tags":[143],"class_list":["post-7171","post","type-post","status-publish","format-standard","has-post-thumbnail","hentry","category-kartka-z-kalendarza","tag-kalendarium"],"acf":[],"_links":{"self":[{"href":"https:\/\/kronika-futbolu.pl\/historia\/wp-json\/wp\/v2\/posts\/7171","targetHints":{"allow":["GET"]}}],"collection":[{"href":"https:\/\/kronika-futbolu.pl\/historia\/wp-json\/wp\/v2\/posts"}],"about":[{"href":"https:\/\/kronika-futbolu.pl\/historia\/wp-json\/wp\/v2\/types\/post"}],"author":[{"embeddable":true,"href":"https:\/\/kronika-futbolu.pl\/historia\/wp-json\/wp\/v2\/users\/3"}],"replies":[{"embeddable":true,"href":"https:\/\/kronika-futbolu.pl\/historia\/wp-json\/wp\/v2\/comments?post=7171"}],"version-history":[{"count":1,"href":"https:\/\/kronika-futbolu.pl\/historia\/wp-json\/wp\/v2\/posts\/7171\/revisions"}],"predecessor-version":[{"id":13253,"href":"https:\/\/kronika-futbolu.pl\/historia\/wp-json\/wp\/v2\/posts\/7171\/revisions\/13253"}],"wp:featuredmedia":[{"embeddable":true,"href":"https:\/\/kronika-futbolu.pl\/historia\/wp-json\/wp\/v2\/media\/12991"}],"wp:attachment":[{"href":"https:\/\/kronika-futbolu.pl\/historia\/wp-json\/wp\/v2\/media?parent=7171"}],"wp:term":[{"taxonomy":"category","embeddable":true,"href":"https:\/\/kronika-futbolu.pl\/historia\/wp-json\/wp\/v2\/categories?post=7171"},{"taxonomy":"post_tag","embeddable":true,"href":"https:\/\/kronika-futbolu.pl\/historia\/wp-json\/wp\/v2\/tags?post=7171"}],"curies":[{"name":"wp","href":"https:\/\/api.w.org\/{rel}","templated":true}]}}