{"id":7180,"date":"2020-02-13T00:01:51","date_gmt":"2020-02-12T23:01:51","guid":{"rendered":"https:\/\/kronika-futbolu.pl\/historia\/?p=7180"},"modified":"2022-10-17T09:16:31","modified_gmt":"2022-10-17T07:16:31","slug":"pilkarska-kartka-kalendarza-13-lutego","status":"publish","type":"post","link":"https:\/\/kronika-futbolu.pl\/historia\/pilkarska-kartka-kalendarza-13-lutego\/","title":{"rendered":"Pi\u0142karska kartka z kalendarza 13 lutego"},"content":{"rendered":"<h4>Pi\u0142karska kartka z kalendarza 13 lutego<\/h4>\n<p>13.02.1907 Urodzi\u0142 si\u0119 <strong>J\u00f3zef Kotlarczyk<\/strong> jeden z najlepszych polskich pi\u0142karz w okresie mi\u0119dzywojennym. Razem z swoim bratem Janem tworzyli \u015bwietny duet. To w\u0142a\u015bnie dzi\u0119ki bratu trafi\u0142 z Nadwi\u015blana Krak\u00f3w do Wis\u0142y Krak\u00f3w.<\/p>\n<p>Rozegra\u0142 w polskiej lidze 244 mecze i strzeli\u0142 13 goli. Zdobywaj\u0105c z Wis\u0142\u0105 mistrzostwo Polski 1927 i 1928. . Podczas Igrzysk Olimpijskich w 1936 roku by\u0142 kapitanem dru\u017cyny Narodowej. W Reprezentacji Polski rozegra\u0142 30 mecz\u00f3w plus 3 na Igrzyskach Olimpijskich gdzie by\u0142 kapitanem (nie zagra\u0142 w meczu o medal). Do momentu wybuchu wojny by\u0142 drugi je\u015bli chodzi o ilo\u015b\u0107 rozegranych mecz\u00f3w w kadrze.<\/p>\n<p>13.02.1911 Za\u0142o\u017cono chorwacki klub pi\u0142karski <strong>Hajduk Split<\/strong>, wielokrotny mistrz Chorwacji i dawnej Jugos\u0142awii<\/p>\n<p>13.02.1954 Urodzi\u0142 si\u0119 <strong>Dominique Bathenay<\/strong> francuski pomocnik, zawodnik Saint-\u00c9tienne 1973-1978, PSG 1978-1985, z tymi klubami odni\u00f3s\u0142 sukcesy krajowe-mistrzostwa Francji(1974, 1975, 1976) i Puchary Francji (1974, 1975, 1977,1982,1983)<\/p>\n<p>13.02.1960 Urodzi\u0142 si\u0119 <strong>Pierluigi Collina<\/strong>, w\u0142oski s\u0119dzia pi\u0142karski prowadzi\u0142 min. spotkania na munidalu 1998, 2002, Euro 2000,2004, fina\u0142y Ligi Mistrz\u00f3w i Pucharu UEFA<\/p>\n<p>13.02.1979 Urodzi\u0142 si\u0119 <strong>Rafael M\u00e1rquez<\/strong>, meksyka\u0144ski obro\u0144ca, zdobywca Pucharu Konfederacji 1999, Z\u0142otego Pucharu CONCACAF 2003,2011, oraz Superpucharu Europy 2009, Ligi Mistrz\u00f3w 2006,2009 z Barcelon\u0105<\/p>\n<p>13.02.1990 Urodzi\u0142 si\u0119 <strong>Mamadou Sakho<\/strong>, francuski obro\u0144ca, by\u0142y gracz PSG<\/p>\n<p>13.02.2000 W stolicy Nigerii w Lagos rozegrano fina\u0142 XXII Pucharu Narod\u00f3w Afryki w kt\u00f3rym <strong>Kamerun <\/strong>wygra\u0142 z Nigeri\u0105 po rzutach karnych 4-3, w grze by\u0142o 2-2. Turniej wsp\u00f3\u0142organizowa\u0142a r\u00f3wnie\u017c Ghana.<\/p>\n<p>13.02.2002 <strong>Kamerun <\/strong>wygra\u0142 XXIII Puchar Narod\u00f3w Afryki kt\u00f3ry odbywa\u0142 si\u0119 w mali. W finale Kameru\u0144czycy pokonali 3-2 po rzutach karnych Senegal.<\/p>\n<p>2002-02-13<strong> Polska &#8211; Irlandia P\u00f3\u0142nocna <\/strong>4-1 Limassol(Cypr) mecz towarzyski, bramki: Steve Lomas 17&#8242;- Pawe\u0142 Krysza\u0142owicz 6&#8242;, 66&#8242;, Rados\u0142aw Ka\u0142u\u017cny 11&#8242;, Marcin \u017bew\u0142akow 69&#8242;<\/p>\n","protected":false},"excerpt":{"rendered":"<p>Pi\u0142karska kartka z kalendarza 13 lutego 13.02.1907 Urodzi\u0142 si\u0119 J\u00f3zef Kotlarczyk jeden z najlepszych polskich pi\u0142karz w okresie mi\u0119dzywojennym. Razem z swoim bratem Janem tworzyli \u015bwietny duet. To w\u0142a\u015bnie dzi\u0119ki bratu trafi\u0142 z Nadwi\u015blana Krak\u00f3w do Wis\u0142y Krak\u00f3w. Rozegra\u0142 w polskiej lidze 244 mecze i strzeli\u0142 13 goli. Zdobywaj\u0105c z Wis\u0142\u0105 mistrzostwo Polski 1927 i [&hellip;]<\/p>\n","protected":false},"author":3,"featured_media":12991,"comment_status":"closed","ping_status":"open","sticky":false,"template":"","format":"standard","meta":{"_acf_changed":false,"footnotes":""},"categories":[144],"tags":[143],"class_list":["post-7180","post","type-post","status-publish","format-standard","has-post-thumbnail","hentry","category-kartka-z-kalendarza","tag-kalendarium"],"acf":[],"_links":{"self":[{"href":"https:\/\/kronika-futbolu.pl\/historia\/wp-json\/wp\/v2\/posts\/7180","targetHints":{"allow":["GET"]}}],"collection":[{"href":"https:\/\/kronika-futbolu.pl\/historia\/wp-json\/wp\/v2\/posts"}],"about":[{"href":"https:\/\/kronika-futbolu.pl\/historia\/wp-json\/wp\/v2\/types\/post"}],"author":[{"embeddable":true,"href":"https:\/\/kronika-futbolu.pl\/historia\/wp-json\/wp\/v2\/users\/3"}],"replies":[{"embeddable":true,"href":"https:\/\/kronika-futbolu.pl\/historia\/wp-json\/wp\/v2\/comments?post=7180"}],"version-history":[{"count":1,"href":"https:\/\/kronika-futbolu.pl\/historia\/wp-json\/wp\/v2\/posts\/7180\/revisions"}],"predecessor-version":[{"id":13250,"href":"https:\/\/kronika-futbolu.pl\/historia\/wp-json\/wp\/v2\/posts\/7180\/revisions\/13250"}],"wp:featuredmedia":[{"embeddable":true,"href":"https:\/\/kronika-futbolu.pl\/historia\/wp-json\/wp\/v2\/media\/12991"}],"wp:attachment":[{"href":"https:\/\/kronika-futbolu.pl\/historia\/wp-json\/wp\/v2\/media?parent=7180"}],"wp:term":[{"taxonomy":"category","embeddable":true,"href":"https:\/\/kronika-futbolu.pl\/historia\/wp-json\/wp\/v2\/categories?post=7180"},{"taxonomy":"post_tag","embeddable":true,"href":"https:\/\/kronika-futbolu.pl\/historia\/wp-json\/wp\/v2\/tags?post=7180"}],"curies":[{"name":"wp","href":"https:\/\/api.w.org\/{rel}","templated":true}]}}