{"id":7195,"date":"2020-02-19T00:01:13","date_gmt":"2020-02-18T23:01:13","guid":{"rendered":"https:\/\/kronika-futbolu.pl\/historia\/?p=7195"},"modified":"2022-10-17T09:14:49","modified_gmt":"2022-10-17T07:14:49","slug":"pilkarska-kartka-kalendarza-19-lutego","status":"publish","type":"post","link":"https:\/\/kronika-futbolu.pl\/historia\/pilkarska-kartka-kalendarza-19-lutego\/","title":{"rendered":"Pi\u0142karska kartka z kalendarza 19 lutego"},"content":{"rendered":"<h4>Pi\u0142karska kartka z kalendarza 19 lutego<\/h4>\n<p>19.02.1940 Urodzi\u0142 si\u0119<strong> Andrzej Strejlau <\/strong>(na zdj\u0119ciu) , trener, selekcjoner reprezentacji Polski<\/p>\n<p>19.02.1942 Urodzi\u0142 si\u0119 <strong>Jerzy Apostel<\/strong>, polski pi\u0142karz, trener pi\u0142karski (zm. 2005)<\/p>\n<p>19.02.1954 Urodzi\u0142 si\u0119 <strong>S\u00f3crates<\/strong>, brazylijski pomocnik\/napastnik, jeden z najlepszych brazylijskich pi\u0142karzy w historii, w plebiscycie na 100 najlepszych pi\u0142akrzy XX wieku zaj\u0105\u0142 61 miejsce (zm. 2011)<\/p>\n<p>19.02.1977 Urodzi\u0142 si\u0119 <strong>Gianluca Zambrotta<\/strong>, w\u0142oski obro\u0144ca, wicemistrz Europy 2000, mistrz \u015bwiata 2006<\/p>\n<p>19.02.1978 Urodzi\u0142 si\u0119 <strong>Michalis Konstandinu<\/strong>, cypryjski napastnik, drugi najlepszy strzelec w historii reprezentacji Cypru- 31 goli<\/p>\n<p>19.02.1985 Urodzi\u0142 si\u0119 <strong>S\u0142awomir Peszko<\/strong>, pomocnik, mistrz Polski 2010 z Lechem Pozna\u0144<\/p>\n<p>1996-02-19 <strong>Polska &#8211; Japonia<\/strong> 0-5 Hongkong mecz towarzyski, bramki: Motohiro Yamaguchi 29&#8242;, Takuya Takagi 32&#8242;,75&#8242;, Norio Omura 40&#8242;, Kazuyoshi Miura 61&#8242;<\/p>\n<p>19.02.2009 <strong>Lech Pozna\u0144-Udinese Calcio<\/strong> 2-2 Puchar UEFA 1\/16 fina\u0142u I mecz bramki: Hern\u00e1n Rengifo 81&#8242;, Manuel Arboleda 84&#8242;- Fabio Quagliarella 50&#8242;, Manuel Arboleda 55&#8242;-sam.<\/p>\n<p><img loading=\"lazy\" decoding=\"async\" class=\"alignleft size-full wp-image-8236\" src=\"\/historia\/wp-content\/uploads\/2019\/02\/Kopia-Kopia-Kopia-Kopia-Kopia-Kopia-Kopia-Kopia-Kopia-Kopia-Kopia-Kopia-Think-voluminous-sleeves-and-bold-prints.-This-fashion-trends-gears-towards-more-drama-than-usual-everyday-dresses.-2.png\" alt=\"lech pozna\u0144 udinese 2009\" width=\"940\" height=\"788\" srcset=\"https:\/\/kronika-futbolu.pl\/historia\/wp-content\/uploads\/2019\/02\/Kopia-Kopia-Kopia-Kopia-Kopia-Kopia-Kopia-Kopia-Kopia-Kopia-Kopia-Kopia-Think-voluminous-sleeves-and-bold-prints.-This-fashion-trends-gears-towards-more-drama-than-usual-everyday-dresses.-2.png 940w, https:\/\/kronika-futbolu.pl\/historia\/wp-content\/uploads\/2019\/02\/Kopia-Kopia-Kopia-Kopia-Kopia-Kopia-Kopia-Kopia-Kopia-Kopia-Kopia-Kopia-Think-voluminous-sleeves-and-bold-prints.-This-fashion-trends-gears-towards-more-drama-than-usual-everyday-dresses.-2-477x400.png 477w, https:\/\/kronika-futbolu.pl\/historia\/wp-content\/uploads\/2019\/02\/Kopia-Kopia-Kopia-Kopia-Kopia-Kopia-Kopia-Kopia-Kopia-Kopia-Kopia-Kopia-Think-voluminous-sleeves-and-bold-prints.-This-fashion-trends-gears-towards-more-drama-than-usual-everyday-dresses.-2-768x644.png 768w\" sizes=\"auto, (max-width: 940px) 100vw, 940px\" \/><\/p>\n","protected":false},"excerpt":{"rendered":"<p>Pi\u0142karska kartka z kalendarza 19 lutego 19.02.1940 Urodzi\u0142 si\u0119 Andrzej Strejlau (na zdj\u0119ciu) , trener, selekcjoner reprezentacji Polski 19.02.1942 Urodzi\u0142 si\u0119 Jerzy Apostel, polski pi\u0142karz, trener pi\u0142karski (zm. 2005) 19.02.1954 Urodzi\u0142 si\u0119 S\u00f3crates, brazylijski pomocnik\/napastnik, jeden z najlepszych brazylijskich pi\u0142karzy w historii, w plebiscycie na 100 najlepszych pi\u0142akrzy XX wieku zaj\u0105\u0142 61 miejsce (zm. 2011) [&hellip;]<\/p>\n","protected":false},"author":3,"featured_media":12991,"comment_status":"closed","ping_status":"open","sticky":false,"template":"","format":"standard","meta":{"_acf_changed":false,"footnotes":""},"categories":[144],"tags":[143],"class_list":["post-7195","post","type-post","status-publish","format-standard","has-post-thumbnail","hentry","category-kartka-z-kalendarza","tag-kalendarium"],"acf":[],"_links":{"self":[{"href":"https:\/\/kronika-futbolu.pl\/historia\/wp-json\/wp\/v2\/posts\/7195","targetHints":{"allow":["GET"]}}],"collection":[{"href":"https:\/\/kronika-futbolu.pl\/historia\/wp-json\/wp\/v2\/posts"}],"about":[{"href":"https:\/\/kronika-futbolu.pl\/historia\/wp-json\/wp\/v2\/types\/post"}],"author":[{"embeddable":true,"href":"https:\/\/kronika-futbolu.pl\/historia\/wp-json\/wp\/v2\/users\/3"}],"replies":[{"embeddable":true,"href":"https:\/\/kronika-futbolu.pl\/historia\/wp-json\/wp\/v2\/comments?post=7195"}],"version-history":[{"count":1,"href":"https:\/\/kronika-futbolu.pl\/historia\/wp-json\/wp\/v2\/posts\/7195\/revisions"}],"predecessor-version":[{"id":13245,"href":"https:\/\/kronika-futbolu.pl\/historia\/wp-json\/wp\/v2\/posts\/7195\/revisions\/13245"}],"wp:featuredmedia":[{"embeddable":true,"href":"https:\/\/kronika-futbolu.pl\/historia\/wp-json\/wp\/v2\/media\/12991"}],"wp:attachment":[{"href":"https:\/\/kronika-futbolu.pl\/historia\/wp-json\/wp\/v2\/media?parent=7195"}],"wp:term":[{"taxonomy":"category","embeddable":true,"href":"https:\/\/kronika-futbolu.pl\/historia\/wp-json\/wp\/v2\/categories?post=7195"},{"taxonomy":"post_tag","embeddable":true,"href":"https:\/\/kronika-futbolu.pl\/historia\/wp-json\/wp\/v2\/tags?post=7195"}],"curies":[{"name":"wp","href":"https:\/\/api.w.org\/{rel}","templated":true}]}}