{"id":7206,"date":"2020-02-24T00:01:01","date_gmt":"2020-02-23T23:01:01","guid":{"rendered":"https:\/\/kronika-futbolu.pl\/historia\/?p=7206"},"modified":"2022-10-17T08:56:23","modified_gmt":"2022-10-17T06:56:23","slug":"pilkarska-kartka-kalendarza-24-lutego","status":"publish","type":"post","link":"https:\/\/kronika-futbolu.pl\/historia\/pilkarska-kartka-kalendarza-24-lutego\/","title":{"rendered":"Pi\u0142karska kartka z kalendarza 24 lutego"},"content":{"rendered":"<h4>Pi\u0142karska kartka z kalendarza 24 lutego<\/h4>\n<p><span style=\"color: #333333;\">1910.02.24 Za\u0142o\u017cono szwedzki klub pi\u0142karski <strong>Malm\u00f6 FF<\/strong> 16-krotny mistrz Szwecji<\/span><\/p>\n<p><span style=\"color: #333333;\">1979.02.24 Urodzi\u0142 si\u0119 <strong>Maciej Scherfchen<\/strong>, pomocnik, zdobywca Pucharu polski 2001 z Poloni\u0105 W-wa i 2004 z Lechem Pozna\u0144<\/span><\/p>\n<p><span style=\"color: #333333;\">1940.02.24 Urodzi\u0142 si\u0119 <strong>Denis Law <\/strong>(na zdj\u0119ciu), szkocki napastnik, zdobywca Pucharu Europy 1968<\/span><\/p>\n<p><span style=\"color: #333333;\">2011.02.24 <strong>SC Braga-Lech Pozna\u0144<\/strong> 2-0 Liga Europy 1\/16 fina\u0142u bramki: Alan 8&#8242;, Lima 36&#8242;<\/span><\/p>\n","protected":false},"excerpt":{"rendered":"<p>Pi\u0142karska kartka z kalendarza 24 lutego 1910.02.24 Za\u0142o\u017cono szwedzki klub pi\u0142karski Malm\u00f6 FF 16-krotny mistrz Szwecji 1979.02.24 Urodzi\u0142 si\u0119 Maciej Scherfchen, pomocnik, zdobywca Pucharu polski 2001 z Poloni\u0105 W-wa i 2004 z Lechem Pozna\u0144 1940.02.24 Urodzi\u0142 si\u0119 Denis Law (na zdj\u0119ciu), szkocki napastnik, zdobywca Pucharu Europy 1968 2011.02.24 SC Braga-Lech Pozna\u0144 2-0 Liga Europy 1\/16 [&hellip;]<\/p>\n","protected":false},"author":3,"featured_media":12991,"comment_status":"closed","ping_status":"open","sticky":false,"template":"","format":"standard","meta":{"_acf_changed":false,"footnotes":""},"categories":[144],"tags":[143],"class_list":["post-7206","post","type-post","status-publish","format-standard","has-post-thumbnail","hentry","category-kartka-z-kalendarza","tag-kalendarium"],"acf":[],"_links":{"self":[{"href":"https:\/\/kronika-futbolu.pl\/historia\/wp-json\/wp\/v2\/posts\/7206","targetHints":{"allow":["GET"]}}],"collection":[{"href":"https:\/\/kronika-futbolu.pl\/historia\/wp-json\/wp\/v2\/posts"}],"about":[{"href":"https:\/\/kronika-futbolu.pl\/historia\/wp-json\/wp\/v2\/types\/post"}],"author":[{"embeddable":true,"href":"https:\/\/kronika-futbolu.pl\/historia\/wp-json\/wp\/v2\/users\/3"}],"replies":[{"embeddable":true,"href":"https:\/\/kronika-futbolu.pl\/historia\/wp-json\/wp\/v2\/comments?post=7206"}],"version-history":[{"count":1,"href":"https:\/\/kronika-futbolu.pl\/historia\/wp-json\/wp\/v2\/posts\/7206\/revisions"}],"predecessor-version":[{"id":13241,"href":"https:\/\/kronika-futbolu.pl\/historia\/wp-json\/wp\/v2\/posts\/7206\/revisions\/13241"}],"wp:featuredmedia":[{"embeddable":true,"href":"https:\/\/kronika-futbolu.pl\/historia\/wp-json\/wp\/v2\/media\/12991"}],"wp:attachment":[{"href":"https:\/\/kronika-futbolu.pl\/historia\/wp-json\/wp\/v2\/media?parent=7206"}],"wp:term":[{"taxonomy":"category","embeddable":true,"href":"https:\/\/kronika-futbolu.pl\/historia\/wp-json\/wp\/v2\/categories?post=7206"},{"taxonomy":"post_tag","embeddable":true,"href":"https:\/\/kronika-futbolu.pl\/historia\/wp-json\/wp\/v2\/tags?post=7206"}],"curies":[{"name":"wp","href":"https:\/\/api.w.org\/{rel}","templated":true}]}}