{"id":7210,"date":"2020-02-26T00:01:14","date_gmt":"2020-02-25T23:01:14","guid":{"rendered":"https:\/\/kronika-futbolu.pl\/historia\/?p=7210"},"modified":"2020-02-26T00:01:14","modified_gmt":"2020-02-25T23:01:14","slug":"pilkarska-kartka-kalendarza-26-lutego","status":"publish","type":"post","link":"https:\/\/kronika-futbolu.pl\/historia\/pilkarska-kartka-kalendarza-26-lutego\/","title":{"rendered":"Pi\u0142karska kartka z kalendarza 26 lutego"},"content":{"rendered":"<h4>Pi\u0142karska kartka z kalendarza 26 lutego<\/h4>\n<p><span style=\"color: #333333;\">1946.02.26 Urodzi\u0142 si\u0119<span class=\"apple-converted-space\"> <\/span><strong>Roman Jak\u00f3bczak <\/strong>(na zdj\u0119ciu), polski pomocnik, zdobywca 3 miejsca na mistrzostwach \u015bwiata 1974<\/span><\/p>\n<p><span style=\"color: #333333;\">1973.02.26 Urodzi\u0142 si\u0119<span class=\"apple-converted-space\"> <\/span><strong>Ole Gunnar Solskjar,<\/strong><span class=\"apple-converted-space\"> <\/span>norweski napastnik, zdobywca Ligi Mistrz\u00f3w 1999 z Manchetserm Unit.<\/span><\/p>\n<p><span style=\"color: #333333;\">1979.02.26 Urodzi\u0142 si\u0119<span class=\"apple-converted-space\"> <\/span><strong>Pedro Mendes<\/strong>, portugalski pomocnik, zdobywca Ligi Mistrz\u00f3w 2004 z FC Porto<\/span><\/p>\n<p><span style=\"color: #333333;\">1983.02.26 Urodzi\u0142 si\u0119 <strong>Pepe<\/strong>, portugalski obro\u0144ca, obecnie zawodnik Realu Madryt, zdobywca min. Ligi Mistrz\u00f3w, Superpucharu Europy i Klubowego Mistrzostwa \u015awiata 2014<\/span><\/p>\n<p><span style=\"color: #333333;\">1984.02.26 Urodzi\u0142 si\u0119<span class=\"apple-converted-space\"> <\/span><strong>Emmanuel Adebayor,<\/strong><span class=\"apple-converted-space\"> <\/span>togijski napastnik, pi\u0142karz Afryki roku 2008, zawodnik Metz, Monaco, Arsenal, Manchester City, Real Madryt, Tottenham Hotspur, obecnie Crystal Palace<\/span><\/p>\n<p><span style=\"color: #333333;\"><br \/>\n1997-02-26 <strong> Brazylia &#8211; Polska <\/strong> 4-2 MT Goiania bramki: Giovanni 8&#8242;, 27&#8242;, Ronaldo 48&#8242;,72&#8242;- Cezary Kucharski 86&#8242;, Marek Citko 90&#8242;<\/span><\/p>\n<p><span style=\"color: #333333;\">26.02.1969<span class=\"apple-converted-space\"> <\/span><strong>\u00dajpesti TE &#8211; Legia Warszawa<\/strong><span class=\"apple-converted-space\"><b> <\/b><\/span>2:2 Puchar Miast Targowych 1\/8 fina\u0142u rewan\u017c bramki: Antal Dunai 66&#8242;, P\u00e9ter Solymosi 75&#8242; &#8211; W\u0142adys\u0142aw Stachurski 40&#8242;, Janusz \u017bmijewski 42&#8242;<\/span><\/p>\n<p><span style=\"color: #333333;\">2004.02.26<span class=\"apple-converted-space\"> <\/span><strong>Dyskobolia Grodzisk Wlkp.-Girondins Bordeaux<\/strong><span class=\"apple-converted-space\"> <\/span>0-1 Puchar UEFA III runda bramki: Marc Planus 41&#8242;, Marouane Chamakh 42&#8242;, Ivica Kri\u017eanac 64&#8242;-sam. Albert Riera 74&#8242;-k- Tomasz Wieszczycki 90&#8242;<\/span><\/p>\n<p><span style=\"color: #333333;\">2009.02.26<span class=\"apple-converted-space\"> <\/span><strong>Udinese Calcio-Lech Pozna\u0144<\/strong><span class=\"apple-converted-space\"><b> <\/b><\/span>2-1 Puchar UEFA 1\/16 fina\u0142u bramki: Simone Pepe 57&#8242;, Antonio Di Natale 90&#8242; &#8211; Hern\u00e1n Rengifo Trigoso 12&#8242;<\/span><\/p>\n<p>\u017ar\u00f3d\u0142o zdj\u0119cia: 90minut.pl<\/p>\n","protected":false},"excerpt":{"rendered":"<p>Pi\u0142karska kartka z kalendarza 26 lutego 1946.02.26 Urodzi\u0142 si\u0119 Roman Jak\u00f3bczak (na zdj\u0119ciu), polski pomocnik, zdobywca 3 miejsca na mistrzostwach \u015bwiata 1974 1973.02.26 Urodzi\u0142 si\u0119 Ole Gunnar Solskjar, norweski napastnik, zdobywca Ligi Mistrz\u00f3w 1999 z Manchetserm Unit. 1979.02.26 Urodzi\u0142 si\u0119 Pedro Mendes, portugalski pomocnik, zdobywca Ligi Mistrz\u00f3w 2004 z FC Porto 1983.02.26 Urodzi\u0142 si\u0119 Pepe, [&hellip;]<\/p>\n","protected":false},"author":3,"featured_media":6354,"comment_status":"closed","ping_status":"open","sticky":false,"template":"","format":"standard","meta":{"_acf_changed":false,"footnotes":""},"categories":[144],"tags":[143],"class_list":["post-7210","post","type-post","status-publish","format-standard","has-post-thumbnail","hentry","category-kartka-z-kalendarza","tag-kalendarium"],"acf":[],"_links":{"self":[{"href":"https:\/\/kronika-futbolu.pl\/historia\/wp-json\/wp\/v2\/posts\/7210","targetHints":{"allow":["GET"]}}],"collection":[{"href":"https:\/\/kronika-futbolu.pl\/historia\/wp-json\/wp\/v2\/posts"}],"about":[{"href":"https:\/\/kronika-futbolu.pl\/historia\/wp-json\/wp\/v2\/types\/post"}],"author":[{"embeddable":true,"href":"https:\/\/kronika-futbolu.pl\/historia\/wp-json\/wp\/v2\/users\/3"}],"replies":[{"embeddable":true,"href":"https:\/\/kronika-futbolu.pl\/historia\/wp-json\/wp\/v2\/comments?post=7210"}],"version-history":[{"count":0,"href":"https:\/\/kronika-futbolu.pl\/historia\/wp-json\/wp\/v2\/posts\/7210\/revisions"}],"wp:featuredmedia":[{"embeddable":true,"href":"https:\/\/kronika-futbolu.pl\/historia\/wp-json\/wp\/v2\/media\/6354"}],"wp:attachment":[{"href":"https:\/\/kronika-futbolu.pl\/historia\/wp-json\/wp\/v2\/media?parent=7210"}],"wp:term":[{"taxonomy":"category","embeddable":true,"href":"https:\/\/kronika-futbolu.pl\/historia\/wp-json\/wp\/v2\/categories?post=7210"},{"taxonomy":"post_tag","embeddable":true,"href":"https:\/\/kronika-futbolu.pl\/historia\/wp-json\/wp\/v2\/tags?post=7210"}],"curies":[{"name":"wp","href":"https:\/\/api.w.org\/{rel}","templated":true}]}}