{"id":7274,"date":"2018-03-16T21:49:47","date_gmt":"2018-03-16T20:49:47","guid":{"rendered":"https:\/\/kronika-futbolu.pl\/historia\/?p=7274"},"modified":"2022-10-14T12:23:59","modified_gmt":"2022-10-14T10:23:59","slug":"trudny-okres-wloskiej-pilki-cwiercfinaly-ligi-mistrzow-bez-druzyny-italii","status":"publish","type":"post","link":"https:\/\/kronika-futbolu.pl\/historia\/trudny-okres-wloskiej-pilki-cwiercfinaly-ligi-mistrzow-bez-druzyny-italii\/","title":{"rendered":"Trudny okres w\u0142oskiej pi\u0142ki \u2013 \u0107wier\u0107fina\u0142y Ligi Mistrz\u00f3w bez dru\u017cyny z Italii ?"},"content":{"rendered":"<p>W\u0142osi od ponad wieku zachwycaj\u0105 si\u0119 pi\u0142k\u0105 no\u017cn\u0105. Reprezentacja Italii czterokrotnie si\u0119ga\u0142a po Mistrzostwo \u015bwiata, raz triumfowa\u0142a w Mistrzostwach Europy, a tak\u017ce ma na swoim koncie trzy medale olimpijskie (jeden z\u0142oty i dwa br\u0105zowe). \u015awietnym wynikiem pochwali\u0107 si\u0119 mog\u0105 tak\u017ce w\u0142oskie kluby w rozgrywkach Champions League. Trofeum dwunastokrotnie w\u0119drowa\u0142o do W\u0142och za spraw\u0105 AC Milanu (7 tytu\u0142\u00f3w), Interu Mediolan (3 tytu\u0142y) oraz Juventusu Turyn (2 tytu\u0142y). Teraz jednak\u017ce w\u0142oska pi\u0142ka prze\u017cywa niezwykle trudny i bolesny okres.<\/p>\n<div id=\"ez-toc-container\" class=\"ez-toc-v2_0_75 counter-hierarchy ez-toc-counter ez-toc-grey ez-toc-container-direction\">\n<div class=\"ez-toc-title-container\">\n<p class=\"ez-toc-title\" style=\"cursor:inherit\">Table of Contents<\/p>\n<span class=\"ez-toc-title-toggle\"><a href=\"#\" class=\"ez-toc-pull-right ez-toc-btn ez-toc-btn-xs ez-toc-btn-default ez-toc-toggle\" aria-label=\"Toggle Table of Content\"><span class=\"ez-toc-js-icon-con\"><span class=\"\"><span class=\"eztoc-hide\" style=\"display:none;\">Toggle<\/span><span class=\"ez-toc-icon-toggle-span\"><svg style=\"fill: #999;color:#999\" xmlns=\"http:\/\/www.w3.org\/2000\/svg\" class=\"list-377408\" width=\"20px\" height=\"20px\" viewBox=\"0 0 24 24\" fill=\"none\"><path d=\"M6 6H4v2h2V6zm14 0H8v2h12V6zM4 11h2v2H4v-2zm16 0H8v2h12v-2zM4 16h2v2H4v-2zm16 0H8v2h12v-2z\" fill=\"currentColor\"><\/path><\/svg><svg style=\"fill: #999;color:#999\" class=\"arrow-unsorted-368013\" xmlns=\"http:\/\/www.w3.org\/2000\/svg\" width=\"10px\" height=\"10px\" viewBox=\"0 0 24 24\" version=\"1.2\" baseProfile=\"tiny\"><path d=\"M18.2 9.3l-6.2-6.3-6.2 6.3c-.2.2-.3.4-.3.7s.1.5.3.7c.2.2.4.3.7.3h11c.3 0 .5-.1.7-.3.2-.2.3-.5.3-.7s-.1-.5-.3-.7zM5.8 14.7l6.2 6.3 6.2-6.3c.2-.2.3-.5.3-.7s-.1-.5-.3-.7c-.2-.2-.4-.3-.7-.3h-11c-.3 0-.5.1-.7.3-.2.2-.3.5-.3.7s.1.5.3.7z\"\/><\/svg><\/span><\/span><\/span><\/a><\/span><\/div>\n<nav><ul class='ez-toc-list ez-toc-list-level-1 ' ><li class='ez-toc-page-1 ez-toc-heading-level-4'><a class=\"ez-toc-link ez-toc-heading-1\" href=\"https:\/\/kronika-futbolu.pl\/historia\/trudny-okres-wloskiej-pilki-cwiercfinaly-ligi-mistrzow-bez-druzyny-italii\/#Azurri_nie_pojada_na_Mundial_do_Rosji\" >Azurri nie pojad\u0105 na Mundial do Rosji<\/a><\/li><li class='ez-toc-page-1 ez-toc-heading-level-4'><a class=\"ez-toc-link ez-toc-heading-2\" href=\"https:\/\/kronika-futbolu.pl\/historia\/trudny-okres-wloskiej-pilki-cwiercfinaly-ligi-mistrzow-bez-druzyny-italii\/#Cwiercfinaly_Champions_League_20172018_bez_wloskich_druzyn\" >\u0106wier\u0107fina\u0142y Champions League 2017\/2018 bez w\u0142oskich dru\u017cyn?<\/a><\/li><li class='ez-toc-page-1 ez-toc-heading-level-4'><a class=\"ez-toc-link ez-toc-heading-3\" href=\"https:\/\/kronika-futbolu.pl\/historia\/trudny-okres-wloskiej-pilki-cwiercfinaly-ligi-mistrzow-bez-druzyny-italii\/#18_finalow_Ligi_Mistrzow_%E2%80%93_kiedy_mecze_rewanzowe\" >1\/8 fina\u0142\u00f3w Ligi Mistrz\u00f3w &#8211; kiedy mecze rewan\u017cowe?<\/a><\/li><\/ul><\/nav><\/div>\n<h4><span class=\"ez-toc-section\" id=\"Azurri_nie_pojada_na_Mundial_do_Rosji\"><\/span>Azurri nie pojad\u0105 na Mundial do Rosji<span class=\"ez-toc-section-end\"><\/span><\/h4>\n<p>To bez w\u0105tpienia najwi\u0119ksza sensacja eliminacji do Mistrzostw \u015awiata 2018. W\u0142ochy najpierw musia\u0142y uzna\u0107 wy\u017cszo\u015b\u0107 Hiszpanii w swojej grupie, a nast\u0119pnie doznali pora\u017cki w bara\u017cach z reprezentacj\u0105 Szwecji. Tym samym, po raz pierwszy od 1958 roku W\u0142och\u00f3w zabraknie na Mundialu. Wszyscy pami\u0119tamy wzruszaj\u0105c\u0105 scen\u0119 p\u0142acz\u0105cego Gianluigi Buffona. Cho\u0107 sam golkiper og\u0142asza\u0142 wtedy sw\u00f3j koniec z wielk\u0105 pi\u0142k\u0105 reprezentacyjn\u0105, teraz kwestia jest nadal otwarta. Buffon pragnie jednak kontynuowa\u0107 swoj\u0105 karier\u0119 jeszcze przez dwa lata. Dzi\u0119ki temu m\u00f3g\u0142by wyst\u0105pi\u0107 na Mistrzostwach<br \/>\nEuropy w 2020 roku. O ile pozwoli na to sportowa dyspozycja i motywacja.<\/p>\n<h4><span class=\"ez-toc-section\" id=\"Cwiercfinaly_Champions_League_20172018_bez_wloskich_druzyn\"><\/span>\u0106wier\u0107fina\u0142y Champions League 2017\/2018 bez w\u0142oskich dru\u017cyn?<span class=\"ez-toc-section-end\"><\/span><\/h4>\n<p>W 1\/8 fina\u0142\u00f3w Ligi Mistrz\u00f3w znalaz\u0142y si\u0119 dwie w\u0142oskie dru\u017cyny. Istnieje jednak spore<br \/>\nprawdopodobie\u0144stwo, \u017ce zar\u00f3wno Juventus Turyn jak i AS Roma nie awansuj\u0105 do \u0107wier\u0107fina\u0142\u00f3w.<br \/>\nStara dama zremisowa\u0142a w Turynie 2-2 z Tottenhamem, kt\u00f3ry przed rewan\u017cem na Wembley jest uznawany za faworyta do awansu. Roma przegra\u0142a natomiast 2-1 w wyjazdowym spotkaniu przeciwko Szachtarowi Donieck. W tym przypadku wielu ekspert\u00f3w zak\u0142ada jednak, \u017ce dru\u017cyna ze stolicy W\u0142och zdo\u0142a odrobi\u0107 straty na Stadio Olimpico. Gdyby jednak i Roma i Juventus odpad\u0142y w 1\/8, powt\u00f3rzy\u0142by si\u0119 scenariusz z sezonu 2015\/2016 czyli brak w\u0142oskich dru\u017cyn w \u0107wier\u0107fina\u0142ach LM.<\/p>\n<h4><span class=\"ez-toc-section\" id=\"18_finalow_Ligi_Mistrzow_%E2%80%93_kiedy_mecze_rewanzowe\"><\/span>1\/8 fina\u0142\u00f3w Ligi Mistrz\u00f3w &#8211; kiedy mecze rewan\u017cowe?<span class=\"ez-toc-section-end\"><\/span><\/h4>\n<p>Juventus Turyn powalczy na Wembley z Tottenhamem 7 marca. Nieca\u0142y tydzie\u0144 p\u00f3\u017aniej, 13 marca, Roma spr\u00f3buje odrobi\u0107 straty w Rzymie przeciwko Szachtarowi Donieck. Relacje tekstowe, aktualne wyniki oraz statystyki oferuj\u0105 nam legalne zak\u0142ady bukmacherskie jak np. forBET, oficjalny sponsor klubu \u015al\u0105sk Wroc\u0142aw.<\/p>\n<p>Czy w\u0142oskie dru\u017cyny zdo\u0142aj\u0105 obroni\u0107 honor Italii w europejskim futbolu? Z ca\u0142\u0105 pewno\u015bci\u0105 nie zabraknie ogromnych emocji oraz zaci\u0119tej walki do ostatniego gwizdka.<\/p>\n","protected":false},"excerpt":{"rendered":"<p>W\u0142osi od ponad wieku zachwycaj\u0105 si\u0119 pi\u0142k\u0105 no\u017cn\u0105. Reprezentacja Italii czterokrotnie si\u0119ga\u0142a po Mistrzostwo \u015bwiata, raz triumfowa\u0142a w Mistrzostwach Europy, a tak\u017ce ma na swoim koncie trzy medale olimpijskie (jeden z\u0142oty i dwa br\u0105zowe). \u015awietnym wynikiem pochwali\u0107 si\u0119 mog\u0105 tak\u017ce w\u0142oskie kluby w rozgrywkach Champions League. Trofeum dwunastokrotnie w\u0119drowa\u0142o do W\u0142och za spraw\u0105 AC Milanu [&hellip;]<\/p>\n","protected":false},"author":3,"featured_media":612,"comment_status":"closed","ping_status":"open","sticky":false,"template":"","format":"standard","meta":{"_acf_changed":false,"footnotes":""},"categories":[129],"tags":[423,424,425,426,427,31],"class_list":["post-7274","post","type-post","status-publish","format-standard","has-post-thumbnail","hentry","category-artykul","tag-artykul","tag-inter","tag-juventus","tag-milan","tag-roma","tag-wlochy"],"acf":[],"_links":{"self":[{"href":"https:\/\/kronika-futbolu.pl\/historia\/wp-json\/wp\/v2\/posts\/7274","targetHints":{"allow":["GET"]}}],"collection":[{"href":"https:\/\/kronika-futbolu.pl\/historia\/wp-json\/wp\/v2\/posts"}],"about":[{"href":"https:\/\/kronika-futbolu.pl\/historia\/wp-json\/wp\/v2\/types\/post"}],"author":[{"embeddable":true,"href":"https:\/\/kronika-futbolu.pl\/historia\/wp-json\/wp\/v2\/users\/3"}],"replies":[{"embeddable":true,"href":"https:\/\/kronika-futbolu.pl\/historia\/wp-json\/wp\/v2\/comments?post=7274"}],"version-history":[{"count":1,"href":"https:\/\/kronika-futbolu.pl\/historia\/wp-json\/wp\/v2\/posts\/7274\/revisions"}],"predecessor-version":[{"id":12981,"href":"https:\/\/kronika-futbolu.pl\/historia\/wp-json\/wp\/v2\/posts\/7274\/revisions\/12981"}],"wp:featuredmedia":[{"embeddable":true,"href":"https:\/\/kronika-futbolu.pl\/historia\/wp-json\/wp\/v2\/media\/612"}],"wp:attachment":[{"href":"https:\/\/kronika-futbolu.pl\/historia\/wp-json\/wp\/v2\/media?parent=7274"}],"wp:term":[{"taxonomy":"category","embeddable":true,"href":"https:\/\/kronika-futbolu.pl\/historia\/wp-json\/wp\/v2\/categories?post=7274"},{"taxonomy":"post_tag","embeddable":true,"href":"https:\/\/kronika-futbolu.pl\/historia\/wp-json\/wp\/v2\/tags?post=7274"}],"curies":[{"name":"wp","href":"https:\/\/api.w.org\/{rel}","templated":true}]}}