{"id":7280,"date":"2020-03-05T00:01:41","date_gmt":"2020-03-04T23:01:41","guid":{"rendered":"https:\/\/kronika-futbolu.pl\/historia\/?p=7280"},"modified":"2022-10-17T08:53:42","modified_gmt":"2022-10-17T06:53:42","slug":"pilkarska-kartka-kalendarza-5-marca","status":"publish","type":"post","link":"https:\/\/kronika-futbolu.pl\/historia\/pilkarska-kartka-kalendarza-5-marca\/","title":{"rendered":"Pi\u0142karska kartka z kalendarza 5 marca"},"content":{"rendered":"<h4>Pi\u0142karska kartka z kalendarza 5 marca<\/h4>\n<p><span style=\"color: #333333;\">1948.03.05 Urodzi\u0142 si\u0119 <strong>Jan van Beveren,<\/strong> holenderski bramkarz, zdobywca pucharu UEFA 1978 z PSV (na fotografii Jan-van-Beveren w Chorzowie przed meczem Polska-Holandia 1975, \u017ar\u00f3d\u0142o:anp-archief.nl) (zm. 2011)<\/span><\/p>\n<p><span style=\"color: #333333;\">1916.03.05 Za\u0142o\u017conego hiszpa\u0144ski klub pi\u0142karski <strong>RCD Mallorca<\/strong>.<\/span><\/p>\n<p><span style=\"color: #333333;\">1974.03.05 Urodzi\u0142 si\u0119 <strong>Jens Jeremies<\/strong>, niemiecki pomocnik, zdobywca Ligi Mistrz\u00f3w 2001<\/span><\/p>\n<p><span style=\"color: #333333;\">1975.03.05 <strong>Ruch Chorz\u00f3w-AS Saint-\u00c9tienne<\/strong><b> <\/b>3-2 1\/4 fina\u0142u Pucharu Europy bramki: Zygmunt Maszczyk 9&#8242;, Jan Benigier 36&#8242;, Bronis\u0142aw Bula 46&#8242;-k<\/span><\/p>\n<p><span style=\"color: #333333;\">2003.03.05 <strong>Wis\u0142a Krak\u00f3w-Lazio Rzym<\/strong> 1-2 Puchar UEFA 1\/8 fina\u0142u bramki: Marcin Ku\u017aba 4&#8242;- Fernando Couto 17&#8242;, Enrico Chiesa 55&#8242;<\/span><\/p>\n","protected":false},"excerpt":{"rendered":"<p>Pi\u0142karska kartka z kalendarza 5 marca 1948.03.05 Urodzi\u0142 si\u0119 Jan van Beveren, holenderski bramkarz, zdobywca pucharu UEFA 1978 z PSV (na fotografii Jan-van-Beveren w Chorzowie przed meczem Polska-Holandia 1975, \u017ar\u00f3d\u0142o:anp-archief.nl) (zm. 2011) 1916.03.05 Za\u0142o\u017conego hiszpa\u0144ski klub pi\u0142karski RCD Mallorca. 1974.03.05 Urodzi\u0142 si\u0119 Jens Jeremies, niemiecki pomocnik, zdobywca Ligi Mistrz\u00f3w 2001 1975.03.05 Ruch Chorz\u00f3w-AS Saint-\u00c9tienne 3-2 [&hellip;]<\/p>\n","protected":false},"author":3,"featured_media":12991,"comment_status":"closed","ping_status":"open","sticky":false,"template":"","format":"standard","meta":{"_acf_changed":false,"footnotes":""},"categories":[144],"tags":[143,206],"class_list":["post-7280","post","type-post","status-publish","format-standard","has-post-thumbnail","hentry","category-kartka-z-kalendarza","tag-kalendarium","tag-kartka-z-kalendarza"],"acf":[],"_links":{"self":[{"href":"https:\/\/kronika-futbolu.pl\/historia\/wp-json\/wp\/v2\/posts\/7280","targetHints":{"allow":["GET"]}}],"collection":[{"href":"https:\/\/kronika-futbolu.pl\/historia\/wp-json\/wp\/v2\/posts"}],"about":[{"href":"https:\/\/kronika-futbolu.pl\/historia\/wp-json\/wp\/v2\/types\/post"}],"author":[{"embeddable":true,"href":"https:\/\/kronika-futbolu.pl\/historia\/wp-json\/wp\/v2\/users\/3"}],"replies":[{"embeddable":true,"href":"https:\/\/kronika-futbolu.pl\/historia\/wp-json\/wp\/v2\/comments?post=7280"}],"version-history":[{"count":1,"href":"https:\/\/kronika-futbolu.pl\/historia\/wp-json\/wp\/v2\/posts\/7280\/revisions"}],"predecessor-version":[{"id":13234,"href":"https:\/\/kronika-futbolu.pl\/historia\/wp-json\/wp\/v2\/posts\/7280\/revisions\/13234"}],"wp:featuredmedia":[{"embeddable":true,"href":"https:\/\/kronika-futbolu.pl\/historia\/wp-json\/wp\/v2\/media\/12991"}],"wp:attachment":[{"href":"https:\/\/kronika-futbolu.pl\/historia\/wp-json\/wp\/v2\/media?parent=7280"}],"wp:term":[{"taxonomy":"category","embeddable":true,"href":"https:\/\/kronika-futbolu.pl\/historia\/wp-json\/wp\/v2\/categories?post=7280"},{"taxonomy":"post_tag","embeddable":true,"href":"https:\/\/kronika-futbolu.pl\/historia\/wp-json\/wp\/v2\/tags?post=7280"}],"curies":[{"name":"wp","href":"https:\/\/api.w.org\/{rel}","templated":true}]}}