{"id":7355,"date":"2020-03-18T00:01:00","date_gmt":"2020-03-17T23:01:00","guid":{"rendered":"https:\/\/kronika-futbolu.pl\/historia\/?p=7355"},"modified":"2022-10-17T08:48:45","modified_gmt":"2022-10-17T06:48:45","slug":"pilkarska-kartka-kalendarza-18-marca","status":"publish","type":"post","link":"https:\/\/kronika-futbolu.pl\/historia\/pilkarska-kartka-kalendarza-18-marca\/","title":{"rendered":"Pi\u0142karska kartka z kalendarza 18 marca"},"content":{"rendered":"<h4>Pi\u0142karska kartka z kalendarza 18 marca<\/h4>\n<p><span style=\"color: #333333;\">1900.03.18 Za\u0142o\u017cono klub pi\u0142karski <strong>Ajax Amsterdam<\/strong> zdobywca Ligi Mistrz\u00f3w\/Puchar UEFA 1971, 1972, 1973, 1995<\/span><\/p>\n<p><span style=\"color: #333333;\">1904.03.18 Za\u0142o\u017cono <strong>Austriacki Zwi\u0105zek Pi\u0142ki No\u017cnej<\/strong><b> <\/b>(\u00d6FB).<\/span><\/p>\n<p><span style=\"color: #333333;\">1932.03.18 Za\u0142o\u017cono hiszpa\u0144ski klub pi\u0142karski <strong>Real Saragossa<\/strong>.<\/span><\/p>\n<p><span style=\"color: #333333;\">1938.03.18 Urodzi\u0142 si\u0119 <strong>Alcides Silveira<\/strong>, urugwajski obro\u0144ca, zdobywca Copa America 1959<\/span><\/p>\n<p>&#8212;&#8212;&#8212;&#8212;&#8212;&#8212;&#8212;-<\/p>\n<p><span style=\"color: #333333;\">1971.03.18 Urodzi\u0142 si\u0119 <strong>Jerzy Brz\u0119czek<\/strong>, pomocnik, wicemistrz olimpijski 1992, mistrz Polski 1993 z Lechem Pozna\u0144. <\/span><\/p>\n<p>Wicemistrz olimpijski 1992. W seniorskiej reprezentacji Polski 42 mecze i 4 gole.<\/p>\n<div class=\"text_exposed_show\">\n<p>By\u0142 pi\u0142karzem min. Rakowa Cz\u0119stochowa, Olimpii Pozna\u0144, Lecha Pozna\u0144, G\u00f3rnika Zabrze, GKS-u Katowice, Tirol Insbruck, Linzer ASk, Maccabi Hajfa, Strum Graz, Wacker Tirol.<\/p>\n<p>Zanim obj\u0105\u0142 stanowisko selekcjonera Reprezentacji Polski trenowa\u0142 Poloni\u0119 Bytom, Rak\u00f3w, Lechi\u0119, GKS Katowice, Wis\u0142\u0119 P\u0142ock.<\/p>\n<\/div>\n<p>&#8212;&#8212;&#8212;&#8212;&#8212;&#8212;&#8212;-<\/p>\n<p><span style=\"color: #333333;\"><br \/>\n1987-03-18 <strong>Polska &#8211; Finlandia<\/strong> 3 -1 MT Rybnik bramki: Jan Urban 10&#8242;, Marek Le\u015bniak 26&#8242;, Jan Furtok 65&#8242;- Jukka Ik\u00e4l\u00e4inen 46&#8242;<\/span><\/p>\n<p><span style=\"color: #333333;\">1970.03.18 <strong>Legia Warszawa-Galatasaray Stambu\u0142<\/strong>&#8211; 2-0 Puchar Europy 1\/4 fina\u0142u bramki: Lucjan Brychczy 14&#8242;, 57&#8242;<\/span><\/p>\n<p><span style=\"color: #333333;\">1970.03.18 <strong>G\u00f3rnik Zabrze-Lewski Sofia<\/strong> PZP 1\/4 fina\u0142u 2-1 w Chorzowie bramki: W\u0142odzimierz Luba\u0144ski 44&#8242;, Jan Bana\u015b 56&#8242;- Peter Kiry\u0142ow 59&#8242;<\/span><\/p>\n","protected":false},"excerpt":{"rendered":"<p>Pi\u0142karska kartka z kalendarza 18 marca 1900.03.18 Za\u0142o\u017cono klub pi\u0142karski Ajax Amsterdam zdobywca Ligi Mistrz\u00f3w\/Puchar UEFA 1971, 1972, 1973, 1995 1904.03.18 Za\u0142o\u017cono Austriacki Zwi\u0105zek Pi\u0142ki No\u017cnej (\u00d6FB). 1932.03.18 Za\u0142o\u017cono hiszpa\u0144ski klub pi\u0142karski Real Saragossa. 1938.03.18 Urodzi\u0142 si\u0119 Alcides Silveira, urugwajski obro\u0144ca, zdobywca Copa America 1959 &#8212;&#8212;&#8212;&#8212;&#8212;&#8212;&#8212;- 1971.03.18 Urodzi\u0142 si\u0119 Jerzy Brz\u0119czek, pomocnik, wicemistrz olimpijski 1992, [&hellip;]<\/p>\n","protected":false},"author":3,"featured_media":12991,"comment_status":"closed","ping_status":"open","sticky":false,"template":"","format":"standard","meta":{"_acf_changed":false,"footnotes":""},"categories":[144],"tags":[143],"class_list":["post-7355","post","type-post","status-publish","format-standard","has-post-thumbnail","hentry","category-kartka-z-kalendarza","tag-kalendarium"],"acf":[],"_links":{"self":[{"href":"https:\/\/kronika-futbolu.pl\/historia\/wp-json\/wp\/v2\/posts\/7355","targetHints":{"allow":["GET"]}}],"collection":[{"href":"https:\/\/kronika-futbolu.pl\/historia\/wp-json\/wp\/v2\/posts"}],"about":[{"href":"https:\/\/kronika-futbolu.pl\/historia\/wp-json\/wp\/v2\/types\/post"}],"author":[{"embeddable":true,"href":"https:\/\/kronika-futbolu.pl\/historia\/wp-json\/wp\/v2\/users\/3"}],"replies":[{"embeddable":true,"href":"https:\/\/kronika-futbolu.pl\/historia\/wp-json\/wp\/v2\/comments?post=7355"}],"version-history":[{"count":1,"href":"https:\/\/kronika-futbolu.pl\/historia\/wp-json\/wp\/v2\/posts\/7355\/revisions"}],"predecessor-version":[{"id":13220,"href":"https:\/\/kronika-futbolu.pl\/historia\/wp-json\/wp\/v2\/posts\/7355\/revisions\/13220"}],"wp:featuredmedia":[{"embeddable":true,"href":"https:\/\/kronika-futbolu.pl\/historia\/wp-json\/wp\/v2\/media\/12991"}],"wp:attachment":[{"href":"https:\/\/kronika-futbolu.pl\/historia\/wp-json\/wp\/v2\/media?parent=7355"}],"wp:term":[{"taxonomy":"category","embeddable":true,"href":"https:\/\/kronika-futbolu.pl\/historia\/wp-json\/wp\/v2\/categories?post=7355"},{"taxonomy":"post_tag","embeddable":true,"href":"https:\/\/kronika-futbolu.pl\/historia\/wp-json\/wp\/v2\/tags?post=7355"}],"curies":[{"name":"wp","href":"https:\/\/api.w.org\/{rel}","templated":true}]}}