{"id":7360,"date":"2020-03-19T00:02:35","date_gmt":"2020-03-18T23:02:35","guid":{"rendered":"https:\/\/kronika-futbolu.pl\/historia\/?p=7360"},"modified":"2020-03-19T00:02:35","modified_gmt":"2020-03-18T23:02:35","slug":"pilkarska-kartka-kalendarza-19-marca","status":"publish","type":"post","link":"https:\/\/kronika-futbolu.pl\/historia\/pilkarska-kartka-kalendarza-19-marca\/","title":{"rendered":"Pi\u0142karska kartka z kalendarza 19 marca"},"content":{"rendered":"<h4>Pi\u0142karska kartka z kalendarza 19 marca<\/h4>\n<p><span style=\"color: #333333;\">1922.03.19 Oficjalna data narodzin klubu pi\u0142karskiego<span class=\"apple-converted-space\"> <\/span><strong>Lech Pozna\u0144<\/strong><span class=\"apple-converted-space\"> <\/span>(pod nazw\u0105 Lutnia D\u0119biec).<\/span><\/p>\n<p><span style=\"color: #333333;\">1934.03.19 Urodzi\u0142 si\u0119<span class=\"apple-converted-space\"> <\/span><strong>Alojzy Jarguz<\/strong>, polski s\u0119dzia i dzia\u0142acz pi\u0142karski, pierwszy polski s\u0119dzia kt\u00f3ry prowadzi\u0142 mecz na mistrzostwach \u015bwiata<\/span><\/p>\n<p><span style=\"color: #333333;\">1971.03.19 Urodzi\u0142 si\u0119<span class=\"apple-converted-space\"> <\/span><strong>Grzegorz Mielcarski<\/strong>, napastnik, wicemistrz olimpijski 1992, mistrz Portugalii, 1996,1997,1998,1999 z FC Porto. By\u0142 zawodnikiem takich klub\u00f3w jak : Orze\u0142 Che\u0142mn, Polonia Bydgoszcz, Olimpia Pozna\u0144, Servette Genewa, G\u00f3rnik Zabrze, Widzew \u0141\u00f3d\u017a, Salamanca, Pogo\u0144 Szczecin, AEK Ateny, Amica Wronki<br \/>\n<\/span><span style=\"color: #333333;\"> W seniorskiej Reprezentacji Polski 10 mecz\u00f3w i 1 bramka.<br \/>\nPo zako\u0144czeniu kariery sportowej dzia\u0142a\u0142 w klubie Wis\u0142a Krak\u00f3w jako dyrektor sportowy, nast\u0119pnie by\u0142 komentatorem telewizyjnym.<br \/>\n<\/span><\/p>\n<p><span style=\"color: #333333;\">1981.03.19 Urodzi\u0142 si\u0119<span class=\"apple-converted-space\"><b> <\/b><\/span><strong>Kolo Tour\u00e9<\/strong>, iworyjski obro\u0144ca, zdobywca II miejsca na Pucharze Narod\u00f3w Afryki 2006,2012<\/span><\/p>\n<p><span style=\"color: #333333;\"><br \/>\n1975.03.19<span class=\"apple-converted-space\"> <\/span><strong>AS Saint-\u00c9tienneRuch Chorz\u00f3w<\/strong><span class=\"apple-converted-space\"> <\/span>2-0 1\/4 fina\u0142u Pucharu Europy bramki: G\u00e9rard Janvion 2&#8242;- Herv\u00e9 Revelli 81&#8242;-k.<\/span><\/p>\n","protected":false},"excerpt":{"rendered":"<p>Pi\u0142karska kartka z kalendarza 19 marca 1922.03.19 Oficjalna data narodzin klubu pi\u0142karskiego Lech Pozna\u0144 (pod nazw\u0105 Lutnia D\u0119biec). 1934.03.19 Urodzi\u0142 si\u0119 Alojzy Jarguz, polski s\u0119dzia i dzia\u0142acz pi\u0142karski, pierwszy polski s\u0119dzia kt\u00f3ry prowadzi\u0142 mecz na mistrzostwach \u015bwiata 1971.03.19 Urodzi\u0142 si\u0119 Grzegorz Mielcarski, napastnik, wicemistrz olimpijski 1992, mistrz Portugalii, 1996,1997,1998,1999 z FC Porto. By\u0142 zawodnikiem takich [&hellip;]<\/p>\n","protected":false},"author":3,"featured_media":1703,"comment_status":"closed","ping_status":"open","sticky":false,"template":"","format":"standard","meta":{"_acf_changed":false,"footnotes":""},"categories":[144],"tags":[143],"class_list":["post-7360","post","type-post","status-publish","format-standard","has-post-thumbnail","hentry","category-kartka-z-kalendarza","tag-kalendarium"],"acf":[],"_links":{"self":[{"href":"https:\/\/kronika-futbolu.pl\/historia\/wp-json\/wp\/v2\/posts\/7360","targetHints":{"allow":["GET"]}}],"collection":[{"href":"https:\/\/kronika-futbolu.pl\/historia\/wp-json\/wp\/v2\/posts"}],"about":[{"href":"https:\/\/kronika-futbolu.pl\/historia\/wp-json\/wp\/v2\/types\/post"}],"author":[{"embeddable":true,"href":"https:\/\/kronika-futbolu.pl\/historia\/wp-json\/wp\/v2\/users\/3"}],"replies":[{"embeddable":true,"href":"https:\/\/kronika-futbolu.pl\/historia\/wp-json\/wp\/v2\/comments?post=7360"}],"version-history":[{"count":0,"href":"https:\/\/kronika-futbolu.pl\/historia\/wp-json\/wp\/v2\/posts\/7360\/revisions"}],"wp:featuredmedia":[{"embeddable":true,"href":"https:\/\/kronika-futbolu.pl\/historia\/wp-json\/wp\/v2\/media\/1703"}],"wp:attachment":[{"href":"https:\/\/kronika-futbolu.pl\/historia\/wp-json\/wp\/v2\/media?parent=7360"}],"wp:term":[{"taxonomy":"category","embeddable":true,"href":"https:\/\/kronika-futbolu.pl\/historia\/wp-json\/wp\/v2\/categories?post=7360"},{"taxonomy":"post_tag","embeddable":true,"href":"https:\/\/kronika-futbolu.pl\/historia\/wp-json\/wp\/v2\/tags?post=7360"}],"curies":[{"name":"wp","href":"https:\/\/api.w.org\/{rel}","templated":true}]}}