{"id":7369,"date":"2020-03-21T00:05:53","date_gmt":"2020-03-20T23:05:53","guid":{"rendered":"https:\/\/kronika-futbolu.pl\/historia\/?p=7369"},"modified":"2022-10-17T08:47:01","modified_gmt":"2022-10-17T06:47:01","slug":"pilkarska-kartka-kalendarza-21-marca","status":"publish","type":"post","link":"https:\/\/kronika-futbolu.pl\/historia\/pilkarska-kartka-kalendarza-21-marca\/","title":{"rendered":"Pi\u0142karska kartka z kalendarza 21 marca"},"content":{"rendered":"<h4>Pi\u0142karska kartka z kalendarza 21 marca<\/h4>\n<p><span style=\"color: #333333;\">1935.03.21 Urodzi\u0142 si\u0119 <strong>Brian Clough<\/strong>, angielski napastnik trener , (zm. 2004)<\/span><\/p>\n<p><span style=\"color: #333333;\">1961.03.21 Urodzi\u0142 si\u0119 <strong>Lothar Matth\u00e4us<\/strong> mistrz \u015bwiata 1990, wicemistrz \u015bwiata 1982,1986, mistrz Europy 1980<\/span><\/p>\n<p><span style=\"color: #333333;\">1980.03.21 Urodzi\u0142 si\u0119 <strong>Ronaldinho<\/strong>, brazylijski pomocnik\/napastnik, mistrz \u015bwiata 2002<\/span><\/p>\n<p><span style=\"color: #333333;\">1979.03.21 <strong>Malm\u00f6 FF-Wis\u0142a Krak\u00f3w<\/strong> 4-1 Puchar Europy 1\/4 fina\u0142u bramki: Anders Ljungberg 65&#8242;-k, 72&#8242;, 90&#8242;-k, Tore Bertin Cervin 82&#8242; &#8211; Kazimierz Kmiecik 58&#8242;<\/span><\/p>\n<p>Wis\u0142a: Stanis\u0142aw Gonet (84&#8242; Marek Holocher) &#8211; Marek Motyka, Henryk Maculewicz, Krzysztof Budka, Zbigniew P\u0142aszewski, Leszek Lipka, Zdzis\u0142aw Kapka, Adam Nawa\u0142ka , Janusz Krupi\u0144ski (87&#8242; Andrzej Targosz), Kazimierz Kmiecik, Micha\u0142 Wr\u00f3bel<\/p>\n<p>Trener: Orest Lenczyk<\/p>\n<p>foto: youtube.com<\/p>\n","protected":false},"excerpt":{"rendered":"<p>Pi\u0142karska kartka z kalendarza 21 marca 1935.03.21 Urodzi\u0142 si\u0119 Brian Clough, angielski napastnik trener , (zm. 2004) 1961.03.21 Urodzi\u0142 si\u0119 Lothar Matth\u00e4us mistrz \u015bwiata 1990, wicemistrz \u015bwiata 1982,1986, mistrz Europy 1980 1980.03.21 Urodzi\u0142 si\u0119 Ronaldinho, brazylijski pomocnik\/napastnik, mistrz \u015bwiata 2002 1979.03.21 Malm\u00f6 FF-Wis\u0142a Krak\u00f3w 4-1 Puchar Europy 1\/4 fina\u0142u bramki: Anders Ljungberg 65&#8242;-k, 72&#8242;, 90&#8242;-k, [&hellip;]<\/p>\n","protected":false},"author":3,"featured_media":12991,"comment_status":"closed","ping_status":"open","sticky":false,"template":"","format":"standard","meta":{"_acf_changed":false,"footnotes":""},"categories":[144],"tags":[143],"class_list":["post-7369","post","type-post","status-publish","format-standard","has-post-thumbnail","hentry","category-kartka-z-kalendarza","tag-kalendarium"],"acf":[],"_links":{"self":[{"href":"https:\/\/kronika-futbolu.pl\/historia\/wp-json\/wp\/v2\/posts\/7369","targetHints":{"allow":["GET"]}}],"collection":[{"href":"https:\/\/kronika-futbolu.pl\/historia\/wp-json\/wp\/v2\/posts"}],"about":[{"href":"https:\/\/kronika-futbolu.pl\/historia\/wp-json\/wp\/v2\/types\/post"}],"author":[{"embeddable":true,"href":"https:\/\/kronika-futbolu.pl\/historia\/wp-json\/wp\/v2\/users\/3"}],"replies":[{"embeddable":true,"href":"https:\/\/kronika-futbolu.pl\/historia\/wp-json\/wp\/v2\/comments?post=7369"}],"version-history":[{"count":1,"href":"https:\/\/kronika-futbolu.pl\/historia\/wp-json\/wp\/v2\/posts\/7369\/revisions"}],"predecessor-version":[{"id":13216,"href":"https:\/\/kronika-futbolu.pl\/historia\/wp-json\/wp\/v2\/posts\/7369\/revisions\/13216"}],"wp:featuredmedia":[{"embeddable":true,"href":"https:\/\/kronika-futbolu.pl\/historia\/wp-json\/wp\/v2\/media\/12991"}],"wp:attachment":[{"href":"https:\/\/kronika-futbolu.pl\/historia\/wp-json\/wp\/v2\/media?parent=7369"}],"wp:term":[{"taxonomy":"category","embeddable":true,"href":"https:\/\/kronika-futbolu.pl\/historia\/wp-json\/wp\/v2\/categories?post=7369"},{"taxonomy":"post_tag","embeddable":true,"href":"https:\/\/kronika-futbolu.pl\/historia\/wp-json\/wp\/v2\/tags?post=7369"}],"curies":[{"name":"wp","href":"https:\/\/api.w.org\/{rel}","templated":true}]}}