{"id":7400,"date":"2020-03-31T00:02:58","date_gmt":"2020-03-30T22:02:58","guid":{"rendered":"https:\/\/kronika-futbolu.pl\/historia\/?p=7400"},"modified":"2020-03-31T00:02:58","modified_gmt":"2020-03-30T22:02:58","slug":"pilkarska-kartka-kalendarza-31-marca","status":"publish","type":"post","link":"https:\/\/kronika-futbolu.pl\/historia\/pilkarska-kartka-kalendarza-31-marca\/","title":{"rendered":"Pi\u0142karska kartka z kalendarza 31 marca"},"content":{"rendered":"<h4>Pi\u0142karska kartka z kalendarza 31 marca<\/h4>\n<p>1920.03.31 Urodzi\u0142 si\u0119 <strong>Zdzis\u0142aw Gierwatowski,<\/strong> pi\u0142karz mistrz Polski z 1946 z Poloni\u0105 Warszawa trener uczestnik powstania warszawskiego (zm. 2005)<\/p>\n<p>1966.03.31 Urodzi\u0142 si\u0119 <strong>Tomasz Cebula<\/strong>, napastnik, zdobywca 3 miejsca na mistrzostwach Europy do lat 18 w 1984, mistrz Polski z \u0141KS 1998<\/p>\n<p>1968.03.31 Urodzi\u0142 si\u0119 <strong>C\u00e9sar Sampaio<\/strong>, brazylijski pomocnik, wicemistrz \u015bwiata z 1998, zdobywca Pucharu Konfederacji 1997, Copa America 1997<\/p>\n<p>1969.03.31 Urodzi\u0142 si\u0119 <strong>Francesco Moriero<\/strong>, w\u0142oski pomocnik, zawodnik min. Lecce, Romy, Interu<\/p>\n<p>1978.03.31 Urodzi\u0142 si\u0119 <strong>Maciej Nalepa<\/strong>, bramkarz 2-krotny reprezentant Polski, zawodnik min. Resovi, Stali Stalowej Woli Karpat Lw\u00f3w, Piasta Gliwice, Odry Wodzis\u0142aw<\/p>\n<p>1989.03.31 Urodzi\u0142 si\u0119 <strong>Pablo Piatti<\/strong>, argenty\u0144ski zawodnik, pi\u0142karz Estudiantes,Almer\u00eda, Valencia<\/p>\n<p>1993-03-31 <strong>Polska &#8211; Litwa<\/strong> 1-1 MT Brzeszcze bramki: Piotr \u015awierczewski 11&#8242;-k- Eimantas Poderis 41&#8242;<\/p>\n<p>1999-03-31 <strong>Polska &#8211; Szwecja<\/strong> 0-1 EME 2000 Chorz\u00f3w gol: Fredrik Ljungberg 36&#8242;<\/p>\n<p>2004-03-31 <strong>Polska &#8211; USA<\/strong> 0-1 MT P\u0142ock gol: DaMarcus Beasley 26&#8242;<\/p>\n<p>1971.03.31 <strong>G\u00f3rnik Zabrze-Manchester City<\/strong> 1-3 PZP 1\/4 fina\u0142u w Kopenhadze- mecz dodatkowy bramki: W\u0142odzimierz Luba\u0144ski 57&#8242;- Neil Young 20&#8242;, Tommy Booth 38&#8242;, Francis Lee 65&#8242;<\/p>\n<p><strong> <\/strong><\/p>\n","protected":false},"excerpt":{"rendered":"<p>Pi\u0142karska kartka z kalendarza 31 marca 1920.03.31 Urodzi\u0142 si\u0119 Zdzis\u0142aw Gierwatowski, pi\u0142karz mistrz Polski z 1946 z Poloni\u0105 Warszawa trener uczestnik powstania warszawskiego (zm. 2005) 1966.03.31 Urodzi\u0142 si\u0119 Tomasz Cebula, napastnik, zdobywca 3 miejsca na mistrzostwach Europy do lat 18 w 1984, mistrz Polski z \u0141KS 1998 1968.03.31 Urodzi\u0142 si\u0119 C\u00e9sar Sampaio, brazylijski pomocnik, wicemistrz [&hellip;]<\/p>\n","protected":false},"author":3,"featured_media":0,"comment_status":"closed","ping_status":"open","sticky":false,"template":"","format":"standard","meta":{"_acf_changed":false,"footnotes":""},"categories":[144],"tags":[143],"class_list":["post-7400","post","type-post","status-publish","format-standard","hentry","category-kartka-z-kalendarza","tag-kalendarium"],"acf":[],"_links":{"self":[{"href":"https:\/\/kronika-futbolu.pl\/historia\/wp-json\/wp\/v2\/posts\/7400","targetHints":{"allow":["GET"]}}],"collection":[{"href":"https:\/\/kronika-futbolu.pl\/historia\/wp-json\/wp\/v2\/posts"}],"about":[{"href":"https:\/\/kronika-futbolu.pl\/historia\/wp-json\/wp\/v2\/types\/post"}],"author":[{"embeddable":true,"href":"https:\/\/kronika-futbolu.pl\/historia\/wp-json\/wp\/v2\/users\/3"}],"replies":[{"embeddable":true,"href":"https:\/\/kronika-futbolu.pl\/historia\/wp-json\/wp\/v2\/comments?post=7400"}],"version-history":[{"count":0,"href":"https:\/\/kronika-futbolu.pl\/historia\/wp-json\/wp\/v2\/posts\/7400\/revisions"}],"wp:attachment":[{"href":"https:\/\/kronika-futbolu.pl\/historia\/wp-json\/wp\/v2\/media?parent=7400"}],"wp:term":[{"taxonomy":"category","embeddable":true,"href":"https:\/\/kronika-futbolu.pl\/historia\/wp-json\/wp\/v2\/categories?post=7400"},{"taxonomy":"post_tag","embeddable":true,"href":"https:\/\/kronika-futbolu.pl\/historia\/wp-json\/wp\/v2\/tags?post=7400"}],"curies":[{"name":"wp","href":"https:\/\/api.w.org\/{rel}","templated":true}]}}