{"id":7413,"date":"2020-04-08T00:02:15","date_gmt":"2020-04-07T22:02:15","guid":{"rendered":"https:\/\/kronika-futbolu.pl\/historia\/?p=7413"},"modified":"2022-10-17T08:35:36","modified_gmt":"2022-10-17T06:35:36","slug":"pilkarska-kartka-kalendarza-8-kwietnia","status":"publish","type":"post","link":"https:\/\/kronika-futbolu.pl\/historia\/pilkarska-kartka-kalendarza-8-kwietnia\/","title":{"rendered":"Pi\u0142karska kartka z kalendarza 8 kwietnia"},"content":{"rendered":"<h4>Pi\u0142karska kartka z kalendarza 8 kwietnia<\/h4>\n<p>1926.04.08 Urodzi\u0142 si\u0119 <strong>Ladislav Pavlovi\u010d<\/strong>, s\u0142owacki pi\u0142karz, br\u0105zowy medalista Mistrzostw Europy 1960 z Czechos\u0142owacj\u0105 (zm. 2013)<\/p>\n<p>1950.04.08 Urodzi\u0142 si\u0119 <strong>Grzegorz Lato<\/strong>, polski pi\u0142karz, trener pi\u0142karski, senator RP, prezes Polskiego Zwi\u0105zku Pi\u0142ki No\u017cnej<\/p>\n<p>1972.04.08 Urodzi\u0142 si\u0119 <strong>Piotr \u015awierczewski,<\/strong> pomocnik wicemistrz olimpijski 1992, zdobywca Pucharu Polski, 1991,1993 z GKS Katowice, 2004 z Lechem, 2007 z Dyskoboli\u0105<\/p>\n<p>1975.04.08 Urodzi\u0142 si\u0119<strong> Dariusz Dudek<\/strong>, obor\u0144ca, brat Jurka Dudka, zawodnik min. Concordia Knur\u00f3w, GKS Katowice, Odra Wodzis\u0142aw \u015al\u0105ski, Legia Warszawa,<\/p>\n<p><img loading=\"lazy\" decoding=\"async\" class=\"alignleft size-full wp-image-8818\" src=\"\/historia\/wp-content\/uploads\/2020\/04\/8-kwietnia.png\" alt=\"grzegorz lato data urodzenia\" width=\"940\" height=\"788\" srcset=\"https:\/\/kronika-futbolu.pl\/historia\/wp-content\/uploads\/2020\/04\/8-kwietnia.png 940w, https:\/\/kronika-futbolu.pl\/historia\/wp-content\/uploads\/2020\/04\/8-kwietnia-477x400.png 477w, https:\/\/kronika-futbolu.pl\/historia\/wp-content\/uploads\/2020\/04\/8-kwietnia-768x644.png 768w\" sizes=\"auto, (max-width: 940px) 100vw, 940px\" \/><\/p>\n","protected":false},"excerpt":{"rendered":"<p>Pi\u0142karska kartka z kalendarza 8 kwietnia 1926.04.08 Urodzi\u0142 si\u0119 Ladislav Pavlovi\u010d, s\u0142owacki pi\u0142karz, br\u0105zowy medalista Mistrzostw Europy 1960 z Czechos\u0142owacj\u0105 (zm. 2013) 1950.04.08 Urodzi\u0142 si\u0119 Grzegorz Lato, polski pi\u0142karz, trener pi\u0142karski, senator RP, prezes Polskiego Zwi\u0105zku Pi\u0142ki No\u017cnej 1972.04.08 Urodzi\u0142 si\u0119 Piotr \u015awierczewski, pomocnik wicemistrz olimpijski 1992, zdobywca Pucharu Polski, 1991,1993 z GKS Katowice, 2004 [&hellip;]<\/p>\n","protected":false},"author":3,"featured_media":12991,"comment_status":"closed","ping_status":"open","sticky":false,"template":"","format":"standard","meta":{"_acf_changed":false,"footnotes":""},"categories":[144],"tags":[143],"class_list":["post-7413","post","type-post","status-publish","format-standard","has-post-thumbnail","hentry","category-kartka-z-kalendarza","tag-kalendarium"],"acf":[],"_links":{"self":[{"href":"https:\/\/kronika-futbolu.pl\/historia\/wp-json\/wp\/v2\/posts\/7413","targetHints":{"allow":["GET"]}}],"collection":[{"href":"https:\/\/kronika-futbolu.pl\/historia\/wp-json\/wp\/v2\/posts"}],"about":[{"href":"https:\/\/kronika-futbolu.pl\/historia\/wp-json\/wp\/v2\/types\/post"}],"author":[{"embeddable":true,"href":"https:\/\/kronika-futbolu.pl\/historia\/wp-json\/wp\/v2\/users\/3"}],"replies":[{"embeddable":true,"href":"https:\/\/kronika-futbolu.pl\/historia\/wp-json\/wp\/v2\/comments?post=7413"}],"version-history":[{"count":1,"href":"https:\/\/kronika-futbolu.pl\/historia\/wp-json\/wp\/v2\/posts\/7413\/revisions"}],"predecessor-version":[{"id":13201,"href":"https:\/\/kronika-futbolu.pl\/historia\/wp-json\/wp\/v2\/posts\/7413\/revisions\/13201"}],"wp:featuredmedia":[{"embeddable":true,"href":"https:\/\/kronika-futbolu.pl\/historia\/wp-json\/wp\/v2\/media\/12991"}],"wp:attachment":[{"href":"https:\/\/kronika-futbolu.pl\/historia\/wp-json\/wp\/v2\/media?parent=7413"}],"wp:term":[{"taxonomy":"category","embeddable":true,"href":"https:\/\/kronika-futbolu.pl\/historia\/wp-json\/wp\/v2\/categories?post=7413"},{"taxonomy":"post_tag","embeddable":true,"href":"https:\/\/kronika-futbolu.pl\/historia\/wp-json\/wp\/v2\/tags?post=7413"}],"curies":[{"name":"wp","href":"https:\/\/api.w.org\/{rel}","templated":true}]}}