{"id":7420,"date":"2020-04-10T00:02:18","date_gmt":"2020-04-09T22:02:18","guid":{"rendered":"https:\/\/kronika-futbolu.pl\/historia\/?p=7420"},"modified":"2020-04-10T00:02:18","modified_gmt":"2020-04-09T22:02:18","slug":"pilkarska-kartka-kalendarza-10-kwietnia","status":"publish","type":"post","link":"https:\/\/kronika-futbolu.pl\/historia\/pilkarska-kartka-kalendarza-10-kwietnia\/","title":{"rendered":"Pi\u0142karska kartka z kalendarza 10 kwietnia"},"content":{"rendered":"<h4>Pi\u0142karska kartka z kalendarza 10 kwietnia<\/h4>\n<p>1913.04.10 Za\u0142o\u017cono bu\u0142garski klub pi\u0142karski <strong>Slawia Sofia<\/strong>.<\/p>\n<p>1926.04.10 Za\u0142o\u017cono norweski klub pi\u0142karski <strong>Bryne FK<\/strong>.<\/p>\n<p>1937.04.10 Za\u0142o\u017cono francuski klub pi\u0142karski <strong>N\u00eemes Olympique<\/strong>.<\/p>\n<p>1946.04.10 Za\u0142o\u017cono maroka\u0144ski klub pi\u0142karski <strong>FUS Rabat.<\/strong><\/p>\n<p>1973.04.10 Urodzi\u0142 si\u0119 <strong>Roberto Carlos<\/strong>, brazylijski obro\u0144ca,mistrz \u015bwiata 2002, wicemistrz \u015bwiata 1998<\/p>\n<p>1984.04.10 Urodzi\u0142 si\u0119<strong> Damien Perquis<\/strong><\/p>\n","protected":false},"excerpt":{"rendered":"<p>Pi\u0142karska kartka z kalendarza 10 kwietnia 1913.04.10 Za\u0142o\u017cono bu\u0142garski klub pi\u0142karski Slawia Sofia. 1926.04.10 Za\u0142o\u017cono norweski klub pi\u0142karski Bryne FK. 1937.04.10 Za\u0142o\u017cono francuski klub pi\u0142karski N\u00eemes Olympique. 1946.04.10 Za\u0142o\u017cono maroka\u0144ski klub pi\u0142karski FUS Rabat. 1973.04.10 Urodzi\u0142 si\u0119 Roberto Carlos, brazylijski obro\u0144ca,mistrz \u015bwiata 2002, wicemistrz \u015bwiata 1998 1984.04.10 Urodzi\u0142 si\u0119 Damien Perquis<\/p>\n","protected":false},"author":3,"featured_media":0,"comment_status":"closed","ping_status":"open","sticky":false,"template":"","format":"standard","meta":{"_acf_changed":false,"footnotes":""},"categories":[144],"tags":[143],"class_list":["post-7420","post","type-post","status-publish","format-standard","hentry","category-kartka-z-kalendarza","tag-kalendarium"],"acf":[],"_links":{"self":[{"href":"https:\/\/kronika-futbolu.pl\/historia\/wp-json\/wp\/v2\/posts\/7420","targetHints":{"allow":["GET"]}}],"collection":[{"href":"https:\/\/kronika-futbolu.pl\/historia\/wp-json\/wp\/v2\/posts"}],"about":[{"href":"https:\/\/kronika-futbolu.pl\/historia\/wp-json\/wp\/v2\/types\/post"}],"author":[{"embeddable":true,"href":"https:\/\/kronika-futbolu.pl\/historia\/wp-json\/wp\/v2\/users\/3"}],"replies":[{"embeddable":true,"href":"https:\/\/kronika-futbolu.pl\/historia\/wp-json\/wp\/v2\/comments?post=7420"}],"version-history":[{"count":0,"href":"https:\/\/kronika-futbolu.pl\/historia\/wp-json\/wp\/v2\/posts\/7420\/revisions"}],"wp:attachment":[{"href":"https:\/\/kronika-futbolu.pl\/historia\/wp-json\/wp\/v2\/media?parent=7420"}],"wp:term":[{"taxonomy":"category","embeddable":true,"href":"https:\/\/kronika-futbolu.pl\/historia\/wp-json\/wp\/v2\/categories?post=7420"},{"taxonomy":"post_tag","embeddable":true,"href":"https:\/\/kronika-futbolu.pl\/historia\/wp-json\/wp\/v2\/tags?post=7420"}],"curies":[{"name":"wp","href":"https:\/\/api.w.org\/{rel}","templated":true}]}}