{"id":7434,"date":"2020-04-18T00:01:59","date_gmt":"2020-04-17T22:01:59","guid":{"rendered":"https:\/\/kronika-futbolu.pl\/historia\/?p=7434"},"modified":"2022-10-17T08:29:50","modified_gmt":"2022-10-17T06:29:50","slug":"pilkarska-kartka-kalendarza-18-kwietnia","status":"publish","type":"post","link":"https:\/\/kronika-futbolu.pl\/historia\/pilkarska-kartka-kalendarza-18-kwietnia\/","title":{"rendered":"Pi\u0142karska kartka z kalendarza 18 kwietnia"},"content":{"rendered":"<h4>Pi\u0142karska kartka z kalendarza 18 kwietnia<\/h4>\n<p>Dzisiaj mo\u017cna nazwa\u0107 dniem bramkarzy , poniewa\u017c dzisiaj urodziny obchodz\u0105 jedni z najlepszych polskich bramkarzy w ostatnich latach, mianowicie \u0141ukasz Fabia\u0144ski a tak\u017ce Wojciech Szcz\u0119sny.<\/p>\n<p><span style=\"color: #333333;\">1903.04.18 Za\u0142o\u017cono pierwszy gda\u0144ski klub pi\u0142karski <strong>FC Danzig<\/strong><\/span><\/p>\n<p><span style=\"color: #333333;\">1905.04.18 <strong>Real Madryt<\/strong> wygra\u0142 sw\u00f3j pierwszy Puchar Hiszpanii<\/span><\/p>\n<p><span style=\"color: #333333;\">1919.04.18 Urodzi\u0142 si\u0119 <strong>Stanis\u0142aw Flanek<\/strong>, (na zdj\u0119ciu) obro\u0144ca, kt\u00f3ry zosta\u0142 mistrzem Polski 1949,1950 z Wis\u0142\u0105 Krak\u00f3w(zm. 2009)<\/span><\/p>\n<p><span style=\"color: #333333;\">1954.04.18 Urodzi\u0142 si\u0119 <strong>W\u0142odzimierz Mazur,<\/strong> napastnik, kr\u00f3l strzelc\u00f3w polskiej ligi 1977, uczestnik mundialu 1978 (zm. 1988)<\/span><\/p>\n<p><span style=\"color: #333333;\">1985.04.18 Urodzi\u0142 si\u0119 <strong>\u0141ukasz Fabia\u0144ski<\/strong><\/span><\/p>\n<p><span style=\"color: #333333;\">1990.04.18 Urodzi\u0142 si\u0119 <strong>Wojciech Szcz\u0119sny<\/strong><\/span><\/p>\n<p><span style=\"color: #333333;\">1948-04-18 <b> <\/b><strong>Polska &#8211; Czechos\u0142owacja<\/strong> 3-1 MT Warszawa bramki: Gerard Cie\u015blik 7&#8242;, Mieczys\u0142aw Gracz 15&#8242;, Henryk Spodzieja 83&#8242;- V\u00e1clav Kok\u0161tejn 58&#8242;<\/span><\/p>\n<p><span style=\"color: #333333;\">1965-04-18 <strong>Polska &#8211; W\u0142ochy<\/strong> 0-0 EM\u015a 1966 Warszawa<\/span><\/p>\n<p><span style=\"color: #333333;\">1979-04-18 <strong>NRD &#8211; Polska <\/strong> 2-1 EME 1980 Lipsk bramki: Joachim Streich 50&#8242;, Lutz Lindemann 63&#8242;- Zbigniew Boniek 7&#8242;<\/span><\/p>\n<p>foto; historiawisly.pl<\/p>\n<p><strong>Zobacz tak\u017ce:<\/strong><\/p>\n<p><a href=\"\/historia\/pilkarska-kartka-kalendarza-17-kwietnia\/\">Pi\u0142karska kartka z kalendarza 17 kwietnia<\/a><\/p>\n<p><a href=\"\/historia\/pilkarska-kartka-z-kalendarza-16-kwietnia-2\/\">Pi\u0142karska kartka z kalendarza 16 kwietnia<\/a><\/p>\n<p><a href=\"\/historia\/12-kwietnia-1891-poczatek-ligi-argentynskiej\/\">12 kwietnia 1891 pocz\u0105tek ligi argenty\u0144skiej<\/a><\/p>\n","protected":false},"excerpt":{"rendered":"<p>Pi\u0142karska kartka z kalendarza 18 kwietnia Dzisiaj mo\u017cna nazwa\u0107 dniem bramkarzy , poniewa\u017c dzisiaj urodziny obchodz\u0105 jedni z najlepszych polskich bramkarzy w ostatnich latach, mianowicie \u0141ukasz Fabia\u0144ski a tak\u017ce Wojciech Szcz\u0119sny. 1903.04.18 Za\u0142o\u017cono pierwszy gda\u0144ski klub pi\u0142karski FC Danzig 1905.04.18 Real Madryt wygra\u0142 sw\u00f3j pierwszy Puchar Hiszpanii 1919.04.18 Urodzi\u0142 si\u0119 Stanis\u0142aw Flanek, (na zdj\u0119ciu) obro\u0144ca, [&hellip;]<\/p>\n","protected":false},"author":3,"featured_media":7436,"comment_status":"closed","ping_status":"open","sticky":false,"template":"","format":"standard","meta":{"_acf_changed":false,"footnotes":""},"categories":[144],"tags":[143],"class_list":["post-7434","post","type-post","status-publish","format-standard","has-post-thumbnail","hentry","category-kartka-z-kalendarza","tag-kalendarium"],"acf":[],"_links":{"self":[{"href":"https:\/\/kronika-futbolu.pl\/historia\/wp-json\/wp\/v2\/posts\/7434","targetHints":{"allow":["GET"]}}],"collection":[{"href":"https:\/\/kronika-futbolu.pl\/historia\/wp-json\/wp\/v2\/posts"}],"about":[{"href":"https:\/\/kronika-futbolu.pl\/historia\/wp-json\/wp\/v2\/types\/post"}],"author":[{"embeddable":true,"href":"https:\/\/kronika-futbolu.pl\/historia\/wp-json\/wp\/v2\/users\/3"}],"replies":[{"embeddable":true,"href":"https:\/\/kronika-futbolu.pl\/historia\/wp-json\/wp\/v2\/comments?post=7434"}],"version-history":[{"count":1,"href":"https:\/\/kronika-futbolu.pl\/historia\/wp-json\/wp\/v2\/posts\/7434\/revisions"}],"predecessor-version":[{"id":13191,"href":"https:\/\/kronika-futbolu.pl\/historia\/wp-json\/wp\/v2\/posts\/7434\/revisions\/13191"}],"wp:featuredmedia":[{"embeddable":true,"href":"https:\/\/kronika-futbolu.pl\/historia\/wp-json\/wp\/v2\/media\/7436"}],"wp:attachment":[{"href":"https:\/\/kronika-futbolu.pl\/historia\/wp-json\/wp\/v2\/media?parent=7434"}],"wp:term":[{"taxonomy":"category","embeddable":true,"href":"https:\/\/kronika-futbolu.pl\/historia\/wp-json\/wp\/v2\/categories?post=7434"},{"taxonomy":"post_tag","embeddable":true,"href":"https:\/\/kronika-futbolu.pl\/historia\/wp-json\/wp\/v2\/tags?post=7434"}],"curies":[{"name":"wp","href":"https:\/\/api.w.org\/{rel}","templated":true}]}}