{"id":7455,"date":"2020-04-30T00:01:52","date_gmt":"2020-04-29T22:01:52","guid":{"rendered":"https:\/\/kronika-futbolu.pl\/historia\/?p=7455"},"modified":"2022-10-15T12:38:20","modified_gmt":"2022-10-15T10:38:20","slug":"pilkarska-kartka-kalendarza-30-kwietnia","status":"publish","type":"post","link":"https:\/\/kronika-futbolu.pl\/historia\/pilkarska-kartka-kalendarza-30-kwietnia\/","title":{"rendered":"Pi\u0142karska kartka z kalendarza 30 kwietnia"},"content":{"rendered":"<h4>Pi\u0142karska kartka z kalendarza 30 kwietnia<\/h4>\n<p><span style=\"color: #333333;\">1902.04.30 Za\u0142o\u017cono <strong>Norweski Zwi\u0105zek Pi\u0142ki No\u017cnej<\/strong>.<\/span><\/p>\n<p><span style=\"color: #333333;\">1961.04.30 Urodzi\u0142 si\u0119 <strong>Thomas Schaaf<\/strong>, niemiecki obro\u0144ca, trener, zdobywca Pucharu Zdobywc\u00f3w Puchar\u00f3w 1992 z Werderem Brema<\/span><\/p>\n<p><span style=\"color: #333333;\">1961.04.30 Urodzi\u0142 si\u0119<b> <\/b><strong>Franky Van Der Elst <\/strong>(na zdj\u0119ciu), belgijski pomocnik, w latach 1984-1999 zawodnik Brugge, uwa\u017cany za jednego z najlepszych belgijskich pi\u0142karzy<\/span><\/p>\n<p><span style=\"color: #333333;\">1978.04.30 Urodzi\u0142 si\u0119 <strong>Simone Barone<\/strong>, w\u0142oski pomocnik, mistrz \u015bwiata 2006<\/span><\/p>\n<p><span style=\"color: #333333;\">1981.04.30 Urodzi\u0142 si\u0119 <strong>John O&#8217;Shea<\/strong>, irlandzki obro\u0144ca, zdobywca Ligi Mistrz\u00f3w 2008 i Klubowy Mistrz \u015awiata 2008 z Manchesterem United,<\/span><\/p>\n<p><span style=\"color: #333333;\">1969-04-30 <b> <\/b><strong>Turcja &#8211; Polska <\/strong> 1-3 MT Ankara bramki: Erg\u00fcn Acuner 84&#8242;-k &#8211; W\u0142odzimierz Luba\u0144ski 11&#8242; Jerzy Wilim 22&#8242;,61&#8242;<\/span><\/p>\n<p><span style=\"color: #333333;\">1997-04-30 <b> <\/b><strong>W\u0142ochy &#8211; Polska<\/strong> 3-0 EM\u015a 1998 Neapol bramki: Roberto Di Matteo 24&#8242;, Paolo Maldini 38&#8242;, Roberto Baggio 62&#8242;<\/span><\/p>\n<p><span style=\"color: #333333;\">2003-04-30 <strong>Belgia &#8211; Polska<\/strong> 3-1 MT Bruksela bramki: Wesley Sonck 28&#8242;, Thomas Buffel 56&#8242;, Tom Soetaers 86&#8242;- Jacek Krzyn\u00f3wek 82&#8242;<\/span><\/p>\n","protected":false},"excerpt":{"rendered":"<p>Pi\u0142karska kartka z kalendarza 30 kwietnia 1902.04.30 Za\u0142o\u017cono Norweski Zwi\u0105zek Pi\u0142ki No\u017cnej. 1961.04.30 Urodzi\u0142 si\u0119 Thomas Schaaf, niemiecki obro\u0144ca, trener, zdobywca Pucharu Zdobywc\u00f3w Puchar\u00f3w 1992 z Werderem Brema 1961.04.30 Urodzi\u0142 si\u0119 Franky Van Der Elst (na zdj\u0119ciu), belgijski pomocnik, w latach 1984-1999 zawodnik Brugge, uwa\u017cany za jednego z najlepszych belgijskich pi\u0142karzy 1978.04.30 Urodzi\u0142 si\u0119 Simone [&hellip;]<\/p>\n","protected":false},"author":3,"featured_media":12991,"comment_status":"closed","ping_status":"open","sticky":false,"template":"","format":"standard","meta":{"_acf_changed":false,"footnotes":""},"categories":[144],"tags":[529,143,465,511],"class_list":["post-7455","post","type-post","status-publish","format-standard","has-post-thumbnail","hentry","category-kartka-z-kalendarza","tag-30-kwietnia","tag-kalendarium","tag-kwiecien","tag-mecze-reprezentacji-polski"],"acf":[],"_links":{"self":[{"href":"https:\/\/kronika-futbolu.pl\/historia\/wp-json\/wp\/v2\/posts\/7455","targetHints":{"allow":["GET"]}}],"collection":[{"href":"https:\/\/kronika-futbolu.pl\/historia\/wp-json\/wp\/v2\/posts"}],"about":[{"href":"https:\/\/kronika-futbolu.pl\/historia\/wp-json\/wp\/v2\/types\/post"}],"author":[{"embeddable":true,"href":"https:\/\/kronika-futbolu.pl\/historia\/wp-json\/wp\/v2\/users\/3"}],"replies":[{"embeddable":true,"href":"https:\/\/kronika-futbolu.pl\/historia\/wp-json\/wp\/v2\/comments?post=7455"}],"version-history":[{"count":1,"href":"https:\/\/kronika-futbolu.pl\/historia\/wp-json\/wp\/v2\/posts\/7455\/revisions"}],"predecessor-version":[{"id":13177,"href":"https:\/\/kronika-futbolu.pl\/historia\/wp-json\/wp\/v2\/posts\/7455\/revisions\/13177"}],"wp:featuredmedia":[{"embeddable":true,"href":"https:\/\/kronika-futbolu.pl\/historia\/wp-json\/wp\/v2\/media\/12991"}],"wp:attachment":[{"href":"https:\/\/kronika-futbolu.pl\/historia\/wp-json\/wp\/v2\/media?parent=7455"}],"wp:term":[{"taxonomy":"category","embeddable":true,"href":"https:\/\/kronika-futbolu.pl\/historia\/wp-json\/wp\/v2\/categories?post=7455"},{"taxonomy":"post_tag","embeddable":true,"href":"https:\/\/kronika-futbolu.pl\/historia\/wp-json\/wp\/v2\/tags?post=7455"}],"curies":[{"name":"wp","href":"https:\/\/api.w.org\/{rel}","templated":true}]}}