{"id":7458,"date":"2020-05-01T00:02:17","date_gmt":"2020-04-30T22:02:17","guid":{"rendered":"https:\/\/kronika-futbolu.pl\/historia\/?p=7458"},"modified":"2022-10-15T12:38:01","modified_gmt":"2022-10-15T10:38:01","slug":"pilkarska-kartka-kalendarza-1-maja","status":"publish","type":"post","link":"https:\/\/kronika-futbolu.pl\/historia\/pilkarska-kartka-kalendarza-1-maja\/","title":{"rendered":"Pi\u0142karska kartka z kalendarza 1 maja"},"content":{"rendered":"<h4>Pi\u0142karska kartka z kalendarza 1 maja<\/h4>\n<p><span style=\"color: #333333;\">1904.05.01 Reprezentacja <strong>Francji<\/strong><b> <\/b>w pi\u0142ce no\u017cnej w swym pierwszym meczu zremisowa\u0142a 3:3 w Brukseli z Belgi\u0105.<\/span><\/p>\n<p><span style=\"color: #333333;\">1909.05.01 Za\u0142o\u017cono austriacki klub <strong>SK Sturm Graz<\/strong>, mistrz Austrii 1997, 1998, 2011<\/span><\/p>\n<p><span style=\"color: #333333;\">1922.05.01 Urodzi\u0142 si\u0119 <strong>Jan Wiktor Wi\u015bniewski<\/strong>, napastnik uczestnik Igrzysk Olimpijskich 1952, mistrz Polski 1954 z Poloni\u0105 Bytom (zm. 2006)<\/span><\/p>\n<p><span style=\"color: #333333;\">1925.05.01 Za\u0142o\u017cono ekwadorski klub <strong>Barcelona Sporting Club<\/strong>, wielokrotny mistrz Ekwadoru<\/span><\/p>\n<p><span style=\"color: #333333;\">1950.05.01 Urodzi\u0142 si\u0119 <strong>Danny McGrain<\/strong>, szkocki obro\u0144ca, trener, w latach 1970-1987 gra\u0142 w Celticu, uczestnik mundiali w 1974 i w 1982<\/span><\/p>\n<p><span style=\"color: #333333;\">1968.05.01 Urodzi\u0142 si\u0119 <strong>Oliver Bierhoff,<\/strong> niemiecki napastnik, mistrz Europy 1996, wicemistrz \u015bwiata 2002<\/span><\/p>\n<p><span style=\"color: #333333;\">1973.05.01 Urodzi\u0142 si\u0119 <strong>Oliver Neuville<\/strong>, niemiecki napastnik, wicemistrz \u015bwiata 2002, br\u0105zowy medal Mistrzostw \u015awiata 2006, wicemistrz Europy 2008<\/span><\/p>\n<p><span style=\"color: #333333;\">1975.05.01 Urodzi\u0142 si\u0119 <strong>Marc-Vivien Fo\u00e9<\/strong>, kameru\u0144ski pomocnik zdobywca Pucharu Narod\u00f3 Afryki 2000,2002 zmar\u0142 podczas meczu Pucharu Konfederacji Kamerun-Kolumbia 26.06.2003 Lyonie<\/span><\/p>\n<p><span style=\"color: #333333;\">1980.05.01 Urodzi\u0142 si\u0119 <strong>Rados\u0142aw Wr\u00f3blewski<\/strong>, napastnik, mistrz Polski 2002 z Legi\u0105 Warszawa<\/span><\/p>\n<p><span style=\"color: #333333;\">1981.05.01 Urodzi\u0142 sie <strong>Alaksandr Hleb<\/strong>, bia\u0142oruski pomocnik, zdobywca Ligi Mistrz\u00f3w 2009 z Barcelon\u0105<\/span><\/p>\n<p><span style=\"color: #333333;\">1982.05.01 Urodzi\u0142 si\u0119 <strong>Darijo Srna<\/strong>, chorwacki obro\u0144ca\/pomocnik, zdobywca Pcuharu UEFA 2009 z Szachtarem Donieck<\/span><\/p>\n<p><span style=\"color: #333333;\">1991.05.01 Urodzi\u0142 si\u0119 <strong>Bartosz Salamon<\/strong>, obro\u0144ca, reprezentant kraju<\/span><\/p>\n<p><span style=\"color: #333333;\">1996-05-01 <strong>Polska &#8211; Bia\u0142oru\u015b <\/strong> 1-1 MT Mielec bramki: Wojciech Kowalczyk 8&#8242;- Pyatro Kachura 61&#8242;<\/span><\/p>\n<p><span style=\"color: #333333;\">1991-05-01 <b> <\/b><strong>Irlandia &#8211; Polska <\/strong> 0-0 EME 1992 Dublin<\/span><\/p>\n<p><span style=\"color: #333333;\">1985-05-01 <strong>Belgia &#8211; Polska<\/strong> 2-0 EM\u015a 1986 Bruksela bramki: Erwin Vandenbergh 30&#8242;, Franky Vercauteren 52&#8242;<\/span><\/p>\n<p><span style=\"color: #333333;\">1977-05-01 <b> <\/b><strong>Dania &#8211; Polska <\/strong> 1-2 EM\u015a 1978 Kopenhaga bramki: Allan Simonsen 49&#8242;- W\u0142odzimierz Luba\u0144ski 7&#8242;,84&#8242;<\/span><\/p>\n<p><span style=\"color: #333333;\">1968-05-01 <strong>Polska &#8211; Holandia<\/strong> 0-0 MT Warszawa<\/span><\/p>\n<p><span style=\"color: #333333;\">1950-05-01 <strong>Albania &#8211; Polska<\/strong> 0-0 MT Tirana<\/span><\/p>\n","protected":false},"excerpt":{"rendered":"<p>Pi\u0142karska kartka z kalendarza 1 maja 1904.05.01 Reprezentacja Francji w pi\u0142ce no\u017cnej w swym pierwszym meczu zremisowa\u0142a 3:3 w Brukseli z Belgi\u0105. 1909.05.01 Za\u0142o\u017cono austriacki klub SK Sturm Graz, mistrz Austrii 1997, 1998, 2011 1922.05.01 Urodzi\u0142 si\u0119 Jan Wiktor Wi\u015bniewski, napastnik uczestnik Igrzysk Olimpijskich 1952, mistrz Polski 1954 z Poloni\u0105 Bytom (zm. 2006) 1925.05.01 Za\u0142o\u017cono [&hellip;]<\/p>\n","protected":false},"author":3,"featured_media":12991,"comment_status":"closed","ping_status":"open","sticky":false,"template":"","format":"standard","meta":{"_acf_changed":false,"footnotes":""},"categories":[144],"tags":[143],"class_list":["post-7458","post","type-post","status-publish","format-standard","has-post-thumbnail","hentry","category-kartka-z-kalendarza","tag-kalendarium"],"acf":[],"_links":{"self":[{"href":"https:\/\/kronika-futbolu.pl\/historia\/wp-json\/wp\/v2\/posts\/7458","targetHints":{"allow":["GET"]}}],"collection":[{"href":"https:\/\/kronika-futbolu.pl\/historia\/wp-json\/wp\/v2\/posts"}],"about":[{"href":"https:\/\/kronika-futbolu.pl\/historia\/wp-json\/wp\/v2\/types\/post"}],"author":[{"embeddable":true,"href":"https:\/\/kronika-futbolu.pl\/historia\/wp-json\/wp\/v2\/users\/3"}],"replies":[{"embeddable":true,"href":"https:\/\/kronika-futbolu.pl\/historia\/wp-json\/wp\/v2\/comments?post=7458"}],"version-history":[{"count":1,"href":"https:\/\/kronika-futbolu.pl\/historia\/wp-json\/wp\/v2\/posts\/7458\/revisions"}],"predecessor-version":[{"id":13176,"href":"https:\/\/kronika-futbolu.pl\/historia\/wp-json\/wp\/v2\/posts\/7458\/revisions\/13176"}],"wp:featuredmedia":[{"embeddable":true,"href":"https:\/\/kronika-futbolu.pl\/historia\/wp-json\/wp\/v2\/media\/12991"}],"wp:attachment":[{"href":"https:\/\/kronika-futbolu.pl\/historia\/wp-json\/wp\/v2\/media?parent=7458"}],"wp:term":[{"taxonomy":"category","embeddable":true,"href":"https:\/\/kronika-futbolu.pl\/historia\/wp-json\/wp\/v2\/categories?post=7458"},{"taxonomy":"post_tag","embeddable":true,"href":"https:\/\/kronika-futbolu.pl\/historia\/wp-json\/wp\/v2\/tags?post=7458"}],"curies":[{"name":"wp","href":"https:\/\/api.w.org\/{rel}","templated":true}]}}