{"id":7472,"date":"2020-05-10T00:02:50","date_gmt":"2020-05-09T22:02:50","guid":{"rendered":"https:\/\/kronika-futbolu.pl\/historia\/?p=7472"},"modified":"2022-10-15T12:32:54","modified_gmt":"2022-10-15T10:32:54","slug":"pilkarska-kartka-kalendarza-10-maja","status":"publish","type":"post","link":"https:\/\/kronika-futbolu.pl\/historia\/pilkarska-kartka-kalendarza-10-maja\/","title":{"rendered":"Pi\u0142karska kartka z kalendarza 10 maja"},"content":{"rendered":"<div id=\"ez-toc-container\" class=\"ez-toc-v2_0_75 counter-hierarchy ez-toc-counter ez-toc-grey ez-toc-container-direction\">\n<div class=\"ez-toc-title-container\">\n<p class=\"ez-toc-title\" style=\"cursor:inherit\">Table of Contents<\/p>\n<span class=\"ez-toc-title-toggle\"><a href=\"#\" class=\"ez-toc-pull-right ez-toc-btn ez-toc-btn-xs ez-toc-btn-default ez-toc-toggle\" aria-label=\"Toggle Table of Content\"><span class=\"ez-toc-js-icon-con\"><span class=\"\"><span class=\"eztoc-hide\" style=\"display:none;\">Toggle<\/span><span class=\"ez-toc-icon-toggle-span\"><svg style=\"fill: #999;color:#999\" xmlns=\"http:\/\/www.w3.org\/2000\/svg\" class=\"list-377408\" width=\"20px\" height=\"20px\" viewBox=\"0 0 24 24\" fill=\"none\"><path d=\"M6 6H4v2h2V6zm14 0H8v2h12V6zM4 11h2v2H4v-2zm16 0H8v2h12v-2zM4 16h2v2H4v-2zm16 0H8v2h12v-2z\" fill=\"currentColor\"><\/path><\/svg><svg style=\"fill: #999;color:#999\" class=\"arrow-unsorted-368013\" xmlns=\"http:\/\/www.w3.org\/2000\/svg\" width=\"10px\" height=\"10px\" viewBox=\"0 0 24 24\" version=\"1.2\" baseProfile=\"tiny\"><path d=\"M18.2 9.3l-6.2-6.3-6.2 6.3c-.2.2-.3.4-.3.7s.1.5.3.7c.2.2.4.3.7.3h11c.3 0 .5-.1.7-.3.2-.2.3-.5.3-.7s-.1-.5-.3-.7zM5.8 14.7l6.2 6.3 6.2-6.3c.2-.2.3-.5.3-.7s-.1-.5-.3-.7c-.2-.2-.4-.3-.7-.3h-11c-.3 0-.5.1-.7.3-.2.2-.3.5-.3.7s.1.5.3.7z\"\/><\/svg><\/span><\/span><\/span><\/a><\/span><\/div>\n<nav><ul class='ez-toc-list ez-toc-list-level-1 ' ><li class='ez-toc-page-1 ez-toc-heading-level-4'><a class=\"ez-toc-link ez-toc-heading-1\" href=\"https:\/\/kronika-futbolu.pl\/historia\/pilkarska-kartka-kalendarza-10-maja\/#Pilkarska_kartka_z_kalendarza_10_maja\" >Pi\u0142karska kartka z kalendarza 10 maja<\/a><\/li><li class='ez-toc-page-1 ez-toc-heading-level-4'><a class=\"ez-toc-link ez-toc-heading-2\" href=\"https:\/\/kronika-futbolu.pl\/historia\/pilkarska-kartka-kalendarza-10-maja\/#Zobacz_takze\" >Zobacz tak\u017ce:<\/a><ul class='ez-toc-list-level-5' ><li class='ez-toc-heading-level-5'><a class=\"ez-toc-link ez-toc-heading-3\" href=\"https:\/\/kronika-futbolu.pl\/historia\/pilkarska-kartka-kalendarza-10-maja\/#Lista_meczow_reprezentacji_Polski\" >Lista mecz\u00f3w reprezentacji Polski.<\/a><\/li><li class='ez-toc-page-1 ez-toc-heading-level-5'><a class=\"ez-toc-link ez-toc-heading-4\" href=\"https:\/\/kronika-futbolu.pl\/historia\/pilkarska-kartka-kalendarza-10-maja\/#Pilkarska_kartka_z_kalendarza_9_maja\" >Pi\u0142karska kartka z kalendarza 9 maja.<\/a><\/li><li class='ez-toc-page-1 ez-toc-heading-level-5'><a class=\"ez-toc-link ez-toc-heading-5\" href=\"https:\/\/kronika-futbolu.pl\/historia\/pilkarska-kartka-kalendarza-10-maja\/#Rocznica_tragedii_w_Gabonie\" >Rocznica tragedii w Gabonie.<\/a><\/li><li class='ez-toc-page-1 ez-toc-heading-level-5'><a class=\"ez-toc-link ez-toc-heading-6\" href=\"https:\/\/kronika-futbolu.pl\/historia\/pilkarska-kartka-kalendarza-10-maja\/#12_kwietnia_1891_poczatek_ligi_argentynskiej\" >12 kwietnia 1891 pocz\u0105tek ligi argenty\u0144skiej.<\/a><\/li><\/ul><\/li><li class='ez-toc-page-1 ez-toc-heading-level-4'><a class=\"ez-toc-link ez-toc-heading-7\" href=\"https:\/\/kronika-futbolu.pl\/historia\/pilkarska-kartka-kalendarza-10-maja\/#i\" >\u00a0<\/a><\/li><li class='ez-toc-page-1 ez-toc-heading-level-4'><a class=\"ez-toc-link ez-toc-heading-8\" href=\"https:\/\/kronika-futbolu.pl\/historia\/pilkarska-kartka-kalendarza-10-maja\/#Masz_pytania_Chcesz_sie_dowiedziec_wiecej_Pisz_smialo\" >Masz pytania ? Chcesz si\u0119 dowiedzie\u0107 wi\u0119cej ? Pisz \u015bmia\u0142o !<\/a><\/li><\/ul><\/nav><\/div>\n<h4><span class=\"ez-toc-section\" id=\"Pilkarska_kartka_z_kalendarza_10_maja\"><\/span>Pi\u0142karska kartka z kalendarza 10 maja<span class=\"ez-toc-section-end\"><\/span><\/h4>\n<p>Jeden z najbardziej cenionych pi\u0142karzy angielskiej Premier League urodzi\u0142 si\u0119 w\u0142a\u015bnie 10 maja, ale je\u017celi chcesz wiedzie\u0107 wi\u0119cej to dlatego sprawd\u017a pozosta\u0142e pi\u0142karskie daty<\/p>\n<p>1925.05.10 Urodzi\u0142 si\u0119 <strong>Hasse Jeppson<\/strong>, szwedzki napastnik, br\u0105zowy medalista Mistrzostw \u015awiata 1950 (zm. 2013)<\/p>\n<p>1952.05.10 Urodzi\u0142 si\u0119 <strong>Vanderlei Luxemburgo<\/strong>, brazylijski trener, zdobywca Copa America 1999 z Brazyli\u0105<\/p>\n<p>1967.05.10 Za\u0142o\u017cono holenderski klub <strong>AZ<\/strong> (Alkmaar) przede wszystkim mistrz Holandii 1981,2009<\/p>\n<p>1969.05.10 Urodzi\u0142 si\u0119 <strong>Dennis Bergkamp,<\/strong> holenderski napastnik, zdobywca Pucharu UEFA 1992 z Ajaxem i 1994 z Interem. Od roku 1995 do 2006 gra\u0142 w Arsenalu Londyn. Jest uwa\u017cany za jednego z najwa\u017cniejszych pi\u0142karzy Arsenalu w historii oraz Premier League. W reprezentacji Anglii blisko 80 mecz\u00f3w. Godnym uwagi jest fakt \u017ce pod nowym stadionem Arsenalu stoi Jego pomnik przedstawiaj\u0105cy zawodnika jak przyjmuje pi\u0142k\u0119podczas meczu z Newcastle w 2003 roku, poniewa\u017c zrobi\u0142 to w efektowny spos\u00f3b<\/p>\n<p>1971.05.10 Urodzi\u0142 si\u0119<strong> Tomasz Wa\u0142doch<\/strong>, polski obro\u0144ca, wicemistrz olimpijski 1992, uczestnik mundialu 2002, 74 mecze w reprezentacji, gra\u0142 w min. G\u00f3rniku Zabrze, VfL Bochum i w Schalke 04<\/p>\n<p>1972.05.10 Urodzi\u0142 si\u0119 <strong>Rados\u0142aw Majdan<\/strong>, bramkarz, mistrz Polski 2004,2005 z Wis\u0142\u0105 Krak\u00f3w, uczestnik mundialu 2002<\/p>\n<p>1973.05.10 Urodzi\u0142 si\u0119 <strong>R\u00fc\u015ft\u00fc Re\u00e7ber<\/strong>, turecki bramkarz, br\u0105zowy medalista Mistrzostw \u015awiata 2002<\/p>\n<p>1974.05.10 Urodzi\u0142 si\u0119 <strong>Sylvain Wiltord<\/strong>, francuski napastnik, mistrz Europy 2000, zdobywca Pucharu Konfederacji 2001,2003, wicemistrz \u015bwiata 2006<\/p>\n<p>1978.05.10 Urodzi\u0142 si\u0119 <strong>Reinaldo Navia<\/strong>, chilijski napastnik, br\u0105zowy medalista Igrzysk Olimpijskich 2000<\/p>\n<p>1981.05.10 Urodzi\u0142 si\u0119 <strong>Humberto Suazo<\/strong>, chilijski napastnik<\/p>\n<p>1972-05-10 <strong>Polska &#8211; Szwajcaria<\/strong> 0-0 Pozna\u0144<\/p>\n<p>1964-05-10 <strong>Polska &#8211; Irlandia<\/strong> 3-1 MT Krak\u00f3w bramki: Eugeniusz Faber 25&#8242;, Jerzy Wilim 64&#8242;, Zygfryd Szo\u0142tysik 76&#8242;- Paddy Ambrose 35&#8242;<\/p>\n<p>1953-05-10 <strong>Polska &#8211; Czechos\u0142owacja<\/strong> 1-1 MT Wroc\u0142aw bramki: J\u00f3zef Kohut 80&#8242;- Gejza \u0160imansk\u00fd 49&#8242;<\/p>\n<h4><span class=\"ez-toc-section\" id=\"Zobacz_takze\"><\/span><strong>Zobacz tak\u017ce:<\/strong><span class=\"ez-toc-section-end\"><\/span><\/h4>\n<h5><span class=\"ez-toc-section\" id=\"Lista_meczow_reprezentacji_Polski\"><\/span><a href=\"\/historia\/reprezentacja-polski-mecze\/\">Lista mecz\u00f3w reprezentacji Polski.<\/a><span class=\"ez-toc-section-end\"><\/span><\/h5>\n<h5><span class=\"ez-toc-section\" id=\"Pilkarska_kartka_z_kalendarza_9_maja\"><\/span><a href=\"\/historia\/pilkarska-kartka-z-kalendarza-9-maja\/\">Pi\u0142karska kartka z kalendarza 9 maja.<\/a><span class=\"ez-toc-section-end\"><\/span><\/h5>\n<h5><span class=\"ez-toc-section\" id=\"Rocznica_tragedii_w_Gabonie\"><\/span><a href=\"\/historia\/22-lata-od-tragedii-w-gabonie\/\">Rocznica tragedii w Gabonie.<\/a><span class=\"ez-toc-section-end\"><\/span><\/h5>\n<h5><span class=\"ez-toc-section\" id=\"12_kwietnia_1891_poczatek_ligi_argentynskiej\"><\/span><a href=\"\/historia\/12-kwietnia-1891-poczatek-ligi-argentynskiej\/\">12 kwietnia 1891 pocz\u0105tek ligi argenty\u0144skiej.<\/a><span class=\"ez-toc-section-end\"><\/span><\/h5>\n<h4><span class=\"ez-toc-section\" id=\"i\"><\/span>\u00a0<span class=\"ez-toc-section-end\"><\/span><\/h4>\n<h4><span class=\"ez-toc-section\" id=\"Masz_pytania_Chcesz_sie_dowiedziec_wiecej_Pisz_smialo\"><\/span>Masz pytania ? Chcesz si\u0119 dowiedzie\u0107 wi\u0119cej ? Pisz \u015bmia\u0142o !<span class=\"ez-toc-section-end\"><\/span><\/h4>\n<p>[contact-form][contact-field label=&#8221;Podpis&#8221; type=&#8221;name&#8221; required=&#8221;true&#8221; \/][contact-field label=&#8221;E-mail&#8221; type=&#8221;email&#8221; required=&#8221;true&#8221; \/][contact-field label=&#8221;Wiadomo\u015b\u0107&#8221; type=&#8221;textarea&#8221; \/][\/contact-form]<\/p>\n","protected":false},"excerpt":{"rendered":"<p>Pi\u0142karska kartka z kalendarza 10 maja Jeden z najbardziej cenionych pi\u0142karzy angielskiej Premier League urodzi\u0142 si\u0119 w\u0142a\u015bnie 10 maja, ale je\u017celi chcesz wiedzie\u0107 wi\u0119cej to dlatego sprawd\u017a pozosta\u0142e pi\u0142karskie daty 1925.05.10 Urodzi\u0142 si\u0119 Hasse Jeppson, szwedzki napastnik, br\u0105zowy medalista Mistrzostw \u015awiata 1950 (zm. 2013) 1952.05.10 Urodzi\u0142 si\u0119 Vanderlei Luxemburgo, brazylijski trener, zdobywca Copa America 1999 [&hellip;]<\/p>\n","protected":false},"author":3,"featured_media":12991,"comment_status":"closed","ping_status":"open","sticky":false,"template":"","format":"standard","meta":{"_acf_changed":false,"footnotes":""},"categories":[144],"tags":[534,491,143,394],"class_list":["post-7472","post","type-post","status-publish","format-standard","has-post-thumbnail","hentry","category-kartka-z-kalendarza","tag-10-maja","tag-arsenal","tag-kalendarium","tag-maj"],"acf":[],"_links":{"self":[{"href":"https:\/\/kronika-futbolu.pl\/historia\/wp-json\/wp\/v2\/posts\/7472","targetHints":{"allow":["GET"]}}],"collection":[{"href":"https:\/\/kronika-futbolu.pl\/historia\/wp-json\/wp\/v2\/posts"}],"about":[{"href":"https:\/\/kronika-futbolu.pl\/historia\/wp-json\/wp\/v2\/types\/post"}],"author":[{"embeddable":true,"href":"https:\/\/kronika-futbolu.pl\/historia\/wp-json\/wp\/v2\/users\/3"}],"replies":[{"embeddable":true,"href":"https:\/\/kronika-futbolu.pl\/historia\/wp-json\/wp\/v2\/comments?post=7472"}],"version-history":[{"count":1,"href":"https:\/\/kronika-futbolu.pl\/historia\/wp-json\/wp\/v2\/posts\/7472\/revisions"}],"predecessor-version":[{"id":13164,"href":"https:\/\/kronika-futbolu.pl\/historia\/wp-json\/wp\/v2\/posts\/7472\/revisions\/13164"}],"wp:featuredmedia":[{"embeddable":true,"href":"https:\/\/kronika-futbolu.pl\/historia\/wp-json\/wp\/v2\/media\/12991"}],"wp:attachment":[{"href":"https:\/\/kronika-futbolu.pl\/historia\/wp-json\/wp\/v2\/media?parent=7472"}],"wp:term":[{"taxonomy":"category","embeddable":true,"href":"https:\/\/kronika-futbolu.pl\/historia\/wp-json\/wp\/v2\/categories?post=7472"},{"taxonomy":"post_tag","embeddable":true,"href":"https:\/\/kronika-futbolu.pl\/historia\/wp-json\/wp\/v2\/tags?post=7472"}],"curies":[{"name":"wp","href":"https:\/\/api.w.org\/{rel}","templated":true}]}}