{"id":7475,"date":"2020-05-15T00:01:27","date_gmt":"2020-05-14T22:01:27","guid":{"rendered":"https:\/\/kronika-futbolu.pl\/historia\/?p=7475"},"modified":"2022-10-15T12:31:31","modified_gmt":"2022-10-15T10:31:31","slug":"pilkarska-kartka-kalendarza-15-maja","status":"publish","type":"post","link":"https:\/\/kronika-futbolu.pl\/historia\/pilkarska-kartka-kalendarza-15-maja\/","title":{"rendered":"Pi\u0142karska kartka z kalendarza 15 maja"},"content":{"rendered":"<div id=\"ez-toc-container\" class=\"ez-toc-v2_0_75 counter-hierarchy ez-toc-counter ez-toc-grey ez-toc-container-direction\">\n<div class=\"ez-toc-title-container\">\n<p class=\"ez-toc-title\" style=\"cursor:inherit\">Table of Contents<\/p>\n<span class=\"ez-toc-title-toggle\"><a href=\"#\" class=\"ez-toc-pull-right ez-toc-btn ez-toc-btn-xs ez-toc-btn-default ez-toc-toggle\" aria-label=\"Toggle Table of Content\"><span class=\"ez-toc-js-icon-con\"><span class=\"\"><span class=\"eztoc-hide\" style=\"display:none;\">Toggle<\/span><span class=\"ez-toc-icon-toggle-span\"><svg style=\"fill: #999;color:#999\" xmlns=\"http:\/\/www.w3.org\/2000\/svg\" class=\"list-377408\" width=\"20px\" height=\"20px\" viewBox=\"0 0 24 24\" fill=\"none\"><path d=\"M6 6H4v2h2V6zm14 0H8v2h12V6zM4 11h2v2H4v-2zm16 0H8v2h12v-2zM4 16h2v2H4v-2zm16 0H8v2h12v-2z\" fill=\"currentColor\"><\/path><\/svg><svg style=\"fill: #999;color:#999\" class=\"arrow-unsorted-368013\" xmlns=\"http:\/\/www.w3.org\/2000\/svg\" width=\"10px\" height=\"10px\" viewBox=\"0 0 24 24\" version=\"1.2\" baseProfile=\"tiny\"><path d=\"M18.2 9.3l-6.2-6.3-6.2 6.3c-.2.2-.3.4-.3.7s.1.5.3.7c.2.2.4.3.7.3h11c.3 0 .5-.1.7-.3.2-.2.3-.5.3-.7s-.1-.5-.3-.7zM5.8 14.7l6.2 6.3 6.2-6.3c.2-.2.3-.5.3-.7s-.1-.5-.3-.7c-.2-.2-.4-.3-.7-.3h-11c-.3 0-.5.1-.7.3-.2.2-.3.5-.3.7s.1.5.3.7z\"\/><\/svg><\/span><\/span><\/span><\/a><\/span><\/div>\n<nav><ul class='ez-toc-list ez-toc-list-level-1 ' ><li class='ez-toc-page-1 ez-toc-heading-level-4'><a class=\"ez-toc-link ez-toc-heading-1\" href=\"https:\/\/kronika-futbolu.pl\/historia\/pilkarska-kartka-kalendarza-15-maja\/#Pilkarska_kartka_z_kalendarza_15_maja\" >Pi\u0142karska kartka z kalendarza 15 maja<\/a><\/li><li class='ez-toc-page-1 ez-toc-heading-level-4'><a class=\"ez-toc-link ez-toc-heading-2\" href=\"https:\/\/kronika-futbolu.pl\/historia\/pilkarska-kartka-kalendarza-15-maja\/#Zobacz_takze\" >Zobacz tak\u017ce:<\/a><ul class='ez-toc-list-level-5' ><li class='ez-toc-heading-level-5'><a class=\"ez-toc-link ez-toc-heading-3\" href=\"https:\/\/kronika-futbolu.pl\/historia\/pilkarska-kartka-kalendarza-15-maja\/#Lista_meczow_reprezentacji_Polski\" >Lista mecz\u00f3w reprezentacji Polski.<\/a><\/li><li class='ez-toc-page-1 ez-toc-heading-level-5'><a class=\"ez-toc-link ez-toc-heading-4\" href=\"https:\/\/kronika-futbolu.pl\/historia\/pilkarska-kartka-kalendarza-15-maja\/#Pilkarska_kartka_z_kalendarza_14_maja\" >Pi\u0142karska kartka z kalendarza 14 maja.<\/a><\/li><li class='ez-toc-page-1 ez-toc-heading-level-5'><a class=\"ez-toc-link ez-toc-heading-5\" href=\"https:\/\/kronika-futbolu.pl\/historia\/pilkarska-kartka-kalendarza-15-maja\/#Rocznica_tragedii_w_Gabonie\" >Rocznica tragedii w Gabonie.<\/a><\/li><li class='ez-toc-page-1 ez-toc-heading-level-5'><a class=\"ez-toc-link ez-toc-heading-6\" href=\"https:\/\/kronika-futbolu.pl\/historia\/pilkarska-kartka-kalendarza-15-maja\/#12_kwietnia_1891_poczatek_ligi_argentynskiej\" >12 kwietnia 1891 pocz\u0105tek ligi argenty\u0144skiej.<\/a><\/li><\/ul><\/li><li class='ez-toc-page-1 ez-toc-heading-level-4'><a class=\"ez-toc-link ez-toc-heading-7\" href=\"https:\/\/kronika-futbolu.pl\/historia\/pilkarska-kartka-kalendarza-15-maja\/#i\" >\u00a0<\/a><\/li><li class='ez-toc-page-1 ez-toc-heading-level-4'><a class=\"ez-toc-link ez-toc-heading-8\" href=\"https:\/\/kronika-futbolu.pl\/historia\/pilkarska-kartka-kalendarza-15-maja\/#Masz_pytania_Chcesz_sie_dowiedziec_wiecej_Pisz_smialo\" >Masz pytania ? Chcesz si\u0119 dowiedzie\u0107 wi\u0119cej ? Pisz \u015bmia\u0142o !<\/a><\/li><\/ul><\/nav><\/div>\n<h4><span class=\"ez-toc-section\" id=\"Pilkarska_kartka_z_kalendarza_15_maja\"><\/span>Pi\u0142karska kartka z kalendarza 15 maja<span class=\"ez-toc-section-end\"><\/span><\/h4>\n<p>1933.05.15 Urodzi\u0142 si\u0119 <strong>Peter Broadbent<\/strong>, angielski pomocnik, w latach 1951-1965 zawodnik Wolverhampton (zm. 2013)<\/p>\n<p>1944.05.15 Urodzi\u0142 si\u0119 <strong>Manuel Lapuente<\/strong>, meksyka\u0144ski pomocnik, jako trener zdoby\u0142 Z\u0142oty Puchar CONCACAF 1998 i Puchar Konfederacji 1999 z Meksykiem<\/p>\n<p>1951.05.15 Urodzi\u0142 si\u0119<strong> Dariusz Szpakowski<\/strong>. Dziennikarz, komentator. Komentowa\u0142 wiele mecz\u00f3w pi\u0142karskich, Igrzyska Olimpijskie, Mistrzostwa \u015awiata i Europy w radiu i telewizji.<\/p>\n<p>1954.05.15 Urodzi\u0142 si\u0119 <strong>Eric Gerets<\/strong>, belgijski obro\u0144ca, trener,zdobywca Pucharu Europy 1988 z PSV<\/p>\n<p>1970.05.15 Urodzi\u0142 si\u0119<strong> Frank de Boer,<\/strong> holenderski obro\u0144ca, zdobywca Ligi Mistrz\u00f3w 1995, Superpucharu Europy Pucharu UEFA 1992 z Ajaxem<\/p>\n<p>1970.05.15 Urodzi\u0142 si\u0119 <strong>Ronald de Boer<\/strong>, holenderski pomocnik, zdobywca Ligi Mistrz\u00f3w i Superpucharu Europy 1995 z Ajaxem<\/p>\n<p>1976.05.15 Urodzi\u0142 si\u0119 <strong>Jacek Krzyn\u00f3wek<\/strong>, pomocnik, uczestnik mundialu 2002,2006 i Euro 2008, mistrz Niemiec 2009 pi\u0142karz min. Rakowa Cz\u0119stochowa, GKS-u Be\u0142chat\u00f3w, Norymbergii, Bayeru, Wolfsburga, Hannoveru<\/p>\n<p>1978.05.15 Urodzi\u0142 si\u0119 <strong>Edu<\/strong>, brazylijski pomocnik, Klubowy Mistrz \u015awiata 2000, zdobywca Pucharu Konfederacji 2005<\/p>\n<p>1979.05.15 Urodzi\u0142 si\u0119 <strong>Renato<\/strong>, brazylijski pomocnik, zdobywca Copa America 2004, Pucharu Konfederacji 2005, Pucharu UEFA 2006,2007 i Superpucharu Europy 2006 z Sevill\u0105<\/p>\n<p>1981.05.15 Urodzi\u0142 si\u0119 <strong>Patrice Evra<\/strong>, francuski obro\u0144ca, zdobywca Ligi Mistrz\u00f3w i Klubowy Mistrz \u015awiata 2008 z Manchesterem United<\/p>\n<p>2002.05.15 W finale Ligi Mistrz\u00f3w Real Madryt pokona\u0142 Bayer Leverkusen 2-1. Mecz rozegrano na stadionie Hampden Park w Glasgow. Bramki strzelili:<\/p>\n<div class=\"o9v6fnle cxmmr5t8 oygrvhab hcukyx3x c1et5uql ii04i59q\">\n<div dir=\"auto\">Raul 8&#8242;<br \/>\nZidane 45&#8242;<\/div>\n<\/div>\n<div class=\"o9v6fnle cxmmr5t8 oygrvhab hcukyx3x c1et5uql ii04i59q\">\n<div dir=\"auto\">-Lucio 13&#8242;<\/div>\n<div dir=\"auto\">\u00a0<\/div>\n<\/div>\n<p>2004.05.15 Komitet Wykonawczy FIFA dokona\u0142 wyboru kandydatury RPA na gospodarza pi\u0142karskich mistrzostw \u015bwiata w <strong>2010 <\/strong>roku.<\/p>\n<p>1977-05-15 <strong>Cypr &#8211; Polska <\/strong> 1-3 EM\u015a 1978 Limassol bramki: Takis Antoniou 14&#8242;- Grzegorz Lato 28&#8242;, Stanis\u0142aw Terlecki 40&#8242;, W\u0142odzimierz Mazur 82&#8242;<\/p>\n<p>1974-05-15 <strong> Polska &#8211; Grecja<\/strong> 2-0 MT Warszawa bramki: Grzegorz Lato 32&#8242;, Roman Jak\u00f3bczak 77&#8242;<\/p>\n<p>1968-05-15 <strong>Irlandia &#8211; Polska<\/strong> 2- 2 MT Dublin bramki: John Dempsey 51&#8242;, Alfie Hale 86&#8242;- W\u0142odzimierz Luba\u0144ski 5&#8242;-k Andrzej Jarosik 24&#8242;<\/p>\n<p>1963-05-15 <strong> Norwegia &#8211; Polska<\/strong> 2-5 MT Oslo bramki: John Krogh 9&#8242;, Arne Pedersen 59&#8242;- J\u00f3zef Ga\u0142eczka 15&#8242;, Eugeniusz Faber 30&#8242;,81&#8242;, Lucjan Brychczy 52&#8242;, 75&#8242;<\/p>\n<h4><span class=\"ez-toc-section\" id=\"Zobacz_takze\"><\/span><strong>Zobacz tak\u017ce:<\/strong><span class=\"ez-toc-section-end\"><\/span><\/h4>\n<h5><span class=\"ez-toc-section\" id=\"Lista_meczow_reprezentacji_Polski\"><\/span><a href=\"\/historia\/reprezentacja-polski-mecze\/\">Lista mecz\u00f3w reprezentacji Polski.<\/a><span class=\"ez-toc-section-end\"><\/span><\/h5>\n<h5><span class=\"ez-toc-section\" id=\"Pilkarska_kartka_z_kalendarza_14_maja\"><\/span><a href=\"\/historia\/pilkarska-kartka-z-kalendarza-14-maja\/\">Pi\u0142karska kartka z kalendarza 14 maja.<\/a><span class=\"ez-toc-section-end\"><\/span><\/h5>\n<h5><span class=\"ez-toc-section\" id=\"Rocznica_tragedii_w_Gabonie\"><\/span><a href=\"\/historia\/22-lata-od-tragedii-w-gabonie\/\">Rocznica tragedii w Gabonie.<\/a><span class=\"ez-toc-section-end\"><\/span><\/h5>\n<h5><span class=\"ez-toc-section\" id=\"12_kwietnia_1891_poczatek_ligi_argentynskiej\"><\/span><a href=\"\/historia\/12-kwietnia-1891-poczatek-ligi-argentynskiej\/\">12 kwietnia 1891 pocz\u0105tek ligi argenty\u0144skiej.<\/a><span class=\"ez-toc-section-end\"><\/span><\/h5>\n<h4><span class=\"ez-toc-section\" id=\"i\"><\/span>\u00a0<span class=\"ez-toc-section-end\"><\/span><\/h4>\n<h4><span class=\"ez-toc-section\" id=\"Masz_pytania_Chcesz_sie_dowiedziec_wiecej_Pisz_smialo\"><\/span>Masz pytania ? Chcesz si\u0119 dowiedzie\u0107 wi\u0119cej ? Pisz \u015bmia\u0142o !<span class=\"ez-toc-section-end\"><\/span><\/h4>\n<p>[contact-form]<\/p>\n<p>[contact-field label=&#8221;Podpis&#8221; type=&#8221;name&#8221; required=&#8221;true&#8221; \/][contact-fi<\/p>\n","protected":false},"excerpt":{"rendered":"<p>Pi\u0142karska kartka z kalendarza 15 maja 1933.05.15 Urodzi\u0142 si\u0119 Peter Broadbent, angielski pomocnik, w latach 1951-1965 zawodnik Wolverhampton (zm. 2013) 1944.05.15 Urodzi\u0142 si\u0119 Manuel Lapuente, meksyka\u0144ski pomocnik, jako trener zdoby\u0142 Z\u0142oty Puchar CONCACAF 1998 i Puchar Konfederacji 1999 z Meksykiem 1951.05.15 Urodzi\u0142 si\u0119 Dariusz Szpakowski. Dziennikarz, komentator. Komentowa\u0142 wiele mecz\u00f3w pi\u0142karskich, Igrzyska Olimpijskie, Mistrzostwa \u015awiata [&hellip;]<\/p>\n","protected":false},"author":3,"featured_media":12991,"comment_status":"closed","ping_status":"open","sticky":false,"template":"","format":"standard","meta":{"_acf_changed":false,"footnotes":""},"categories":[144],"tags":[535,143,394],"class_list":["post-7475","post","type-post","status-publish","format-standard","has-post-thumbnail","hentry","category-kartka-z-kalendarza","tag-15-maja","tag-kalendarium","tag-maj"],"acf":[],"_links":{"self":[{"href":"https:\/\/kronika-futbolu.pl\/historia\/wp-json\/wp\/v2\/posts\/7475","targetHints":{"allow":["GET"]}}],"collection":[{"href":"https:\/\/kronika-futbolu.pl\/historia\/wp-json\/wp\/v2\/posts"}],"about":[{"href":"https:\/\/kronika-futbolu.pl\/historia\/wp-json\/wp\/v2\/types\/post"}],"author":[{"embeddable":true,"href":"https:\/\/kronika-futbolu.pl\/historia\/wp-json\/wp\/v2\/users\/3"}],"replies":[{"embeddable":true,"href":"https:\/\/kronika-futbolu.pl\/historia\/wp-json\/wp\/v2\/comments?post=7475"}],"version-history":[{"count":1,"href":"https:\/\/kronika-futbolu.pl\/historia\/wp-json\/wp\/v2\/posts\/7475\/revisions"}],"predecessor-version":[{"id":13162,"href":"https:\/\/kronika-futbolu.pl\/historia\/wp-json\/wp\/v2\/posts\/7475\/revisions\/13162"}],"wp:featuredmedia":[{"embeddable":true,"href":"https:\/\/kronika-futbolu.pl\/historia\/wp-json\/wp\/v2\/media\/12991"}],"wp:attachment":[{"href":"https:\/\/kronika-futbolu.pl\/historia\/wp-json\/wp\/v2\/media?parent=7475"}],"wp:term":[{"taxonomy":"category","embeddable":true,"href":"https:\/\/kronika-futbolu.pl\/historia\/wp-json\/wp\/v2\/categories?post=7475"},{"taxonomy":"post_tag","embeddable":true,"href":"https:\/\/kronika-futbolu.pl\/historia\/wp-json\/wp\/v2\/tags?post=7475"}],"curies":[{"name":"wp","href":"https:\/\/api.w.org\/{rel}","templated":true}]}}