{"id":7481,"date":"2020-05-21T00:01:59","date_gmt":"2020-05-20T22:01:59","guid":{"rendered":"https:\/\/kronika-futbolu.pl\/historia\/?p=7481"},"modified":"2022-10-15T12:27:55","modified_gmt":"2022-10-15T10:27:55","slug":"pilkarska-kartka-kalendarza-22-maja","status":"publish","type":"post","link":"https:\/\/kronika-futbolu.pl\/historia\/pilkarska-kartka-kalendarza-22-maja\/","title":{"rendered":"Pi\u0142karska kartka z kalendarza 22 maja"},"content":{"rendered":"<div id=\"ez-toc-container\" class=\"ez-toc-v2_0_75 counter-hierarchy ez-toc-counter ez-toc-grey ez-toc-container-direction\">\n<div class=\"ez-toc-title-container\">\n<p class=\"ez-toc-title\" style=\"cursor:inherit\">Table of Contents<\/p>\n<span class=\"ez-toc-title-toggle\"><a href=\"#\" class=\"ez-toc-pull-right ez-toc-btn ez-toc-btn-xs ez-toc-btn-default ez-toc-toggle\" aria-label=\"Toggle Table of Content\"><span class=\"ez-toc-js-icon-con\"><span class=\"\"><span class=\"eztoc-hide\" style=\"display:none;\">Toggle<\/span><span class=\"ez-toc-icon-toggle-span\"><svg style=\"fill: #999;color:#999\" xmlns=\"http:\/\/www.w3.org\/2000\/svg\" class=\"list-377408\" width=\"20px\" height=\"20px\" viewBox=\"0 0 24 24\" fill=\"none\"><path d=\"M6 6H4v2h2V6zm14 0H8v2h12V6zM4 11h2v2H4v-2zm16 0H8v2h12v-2zM4 16h2v2H4v-2zm16 0H8v2h12v-2z\" fill=\"currentColor\"><\/path><\/svg><svg style=\"fill: #999;color:#999\" class=\"arrow-unsorted-368013\" xmlns=\"http:\/\/www.w3.org\/2000\/svg\" width=\"10px\" height=\"10px\" viewBox=\"0 0 24 24\" version=\"1.2\" baseProfile=\"tiny\"><path d=\"M18.2 9.3l-6.2-6.3-6.2 6.3c-.2.2-.3.4-.3.7s.1.5.3.7c.2.2.4.3.7.3h11c.3 0 .5-.1.7-.3.2-.2.3-.5.3-.7s-.1-.5-.3-.7zM5.8 14.7l6.2 6.3 6.2-6.3c.2-.2.3-.5.3-.7s-.1-.5-.3-.7c-.2-.2-.4-.3-.7-.3h-11c-.3 0-.5.1-.7.3-.2.2-.3.5-.3.7s.1.5.3.7z\"\/><\/svg><\/span><\/span><\/span><\/a><\/span><\/div>\n<nav><ul class='ez-toc-list ez-toc-list-level-1 ' ><li class='ez-toc-page-1 ez-toc-heading-level-4'><a class=\"ez-toc-link ez-toc-heading-1\" href=\"https:\/\/kronika-futbolu.pl\/historia\/pilkarska-kartka-kalendarza-22-maja\/#Pilkarska_kartka_z_kalendarza_22_maja\" >Pi\u0142karska kartka z kalendarza 22 maja<\/a><\/li><li class='ez-toc-page-1 ez-toc-heading-level-4'><a class=\"ez-toc-link ez-toc-heading-2\" href=\"https:\/\/kronika-futbolu.pl\/historia\/pilkarska-kartka-kalendarza-22-maja\/#Zobacz_takze\" >Zobacz tak\u017ce:<\/a><ul class='ez-toc-list-level-5' ><li class='ez-toc-heading-level-5'><a class=\"ez-toc-link ez-toc-heading-3\" href=\"https:\/\/kronika-futbolu.pl\/historia\/pilkarska-kartka-kalendarza-22-maja\/#Lista_meczow_reprezentacji_Polski\" >Lista mecz\u00f3w reprezentacji Polski.<\/a><\/li><li class='ez-toc-page-1 ez-toc-heading-level-5'><a class=\"ez-toc-link ez-toc-heading-4\" href=\"https:\/\/kronika-futbolu.pl\/historia\/pilkarska-kartka-kalendarza-22-maja\/#Pilkarska_kartka_z_kalendarza_21_maja\" >Pi\u0142karska kartka z kalendarza 21 maja.<\/a><\/li><li class='ez-toc-page-1 ez-toc-heading-level-5'><a class=\"ez-toc-link ez-toc-heading-5\" href=\"https:\/\/kronika-futbolu.pl\/historia\/pilkarska-kartka-kalendarza-22-maja\/#Rocznica_tragedii_w_Gabonie\" >Rocznica tragedii w Gabonie.<\/a><\/li><li class='ez-toc-page-1 ez-toc-heading-level-5'><a class=\"ez-toc-link ez-toc-heading-6\" href=\"https:\/\/kronika-futbolu.pl\/historia\/pilkarska-kartka-kalendarza-22-maja\/#12_kwietnia_1891_poczatek_ligi_argentynskiej\" >12 kwietnia 1891 pocz\u0105tek ligi argenty\u0144skiej.<\/a><\/li><\/ul><\/li><li class='ez-toc-page-1 ez-toc-heading-level-4'><a class=\"ez-toc-link ez-toc-heading-7\" href=\"https:\/\/kronika-futbolu.pl\/historia\/pilkarska-kartka-kalendarza-22-maja\/#i\" >\u00a0<\/a><\/li><li class='ez-toc-page-1 ez-toc-heading-level-4'><a class=\"ez-toc-link ez-toc-heading-8\" href=\"https:\/\/kronika-futbolu.pl\/historia\/pilkarska-kartka-kalendarza-22-maja\/#Masz_pytania_Chcesz_sie_dowiedziec_wiecej_Pisz_smialo\" >Masz pytania ? Chcesz si\u0119 dowiedzie\u0107 wi\u0119cej ? Pisz \u015bmia\u0142o !<\/a><\/li><\/ul><\/nav><\/div>\n<h4><span class=\"ez-toc-section\" id=\"Pilkarska_kartka_z_kalendarza_22_maja\"><\/span>Pi\u0142karska kartka z kalendarza 22 maja<span class=\"ez-toc-section-end\"><\/span><\/h4>\n<p>1892.05.22 W <strong>G\u00f6teborgu <\/strong>rozegrano pierwszy w historii Szwecji oficjalny mecz pi\u0142ki no\u017cnej (\u00d6rgryte IS-IS Lyckans Soldate 1:0).<\/p>\n<p>1927.05.22 Za\u0142o\u017cono meksyka\u0144ski klub <strong>Cruz Azul <\/strong>8-krotny mistrz Meksyku i 6 -krotny zdobywca Ligi Mistrz\u00f3w CONCACAF<\/p>\n<p>1936.05.22 W <strong>ZSRR <\/strong>zainaugurowa\u0142a rozgrywki najwy\u017csza liga pi\u0142karska.<\/p>\n<p>1922.05.22 Urodzi\u0142 si\u0119 <strong>Stellan Nilsson,<\/strong> szwedzki pomocnik, br\u0105zowy medalista Mistrzostw \u015awiata 1950 (zm. 2003)<\/p>\n<p>1946.05.22 Urodzi\u0142 si\u0119 <strong>George Best<\/strong>, p\u00f3\u0142nocnoirlandzki pomocnik, zdobywca Pucharu Europy 1968 z Manchesterem United (zm. 2005)<\/p>\n<p>2012-05-22 <strong>Polska-\u0141otwa <\/strong> 1-0 MT Klagenfurt (Austria) gol: Artur Sobiech 82&#8242;<\/p>\n<p>1997-05-22 <strong>Szwecja &#8211; Polska <\/strong> 2-2 MT Solna bramki: P\u00e4r Zetterberg 15&#8242;, 32&#8242;-k<\/p>\n<p>1988-05-22 <strong>Irlandia &#8211; Polska <\/strong> 3-1 MT Dublin bramki: Kevin Sheedy 12&#8242;, Tony Cascarino 31&#8242;, John Sheridan 40&#8242;- Robert Warzycha 65&#8242;<\/p>\n<p>1983-05-22 <strong> Polska &#8211; ZSRR<\/strong> 1-1 EME 1984 Chorz\u00f3w bramki: Zbigniew Boniek 19&#8242;- Roman W\u00f3jcicki 64&#8242;-sam.<\/p>\n<p>1963-05-22 <strong>Polska &#8211; Grecja <\/strong> 4-0 MT Warszawa bramki: Lucjan Brychczy 17&#8242;, 32&#8242;, J\u00f3zef Ga\u0142eczka 28&#8242;, 51&#8242;<\/p>\n<p>1938-05-22 <strong>Polska &#8211; Irlandia<\/strong> 6-0 MT Warszawa bramki: Jan Wasiewicz 12&#8242;, Gerard Wodarz 21&#8242;, 78&#8242;, Leonard Pi\u0105tek 43&#8242;,52&#8242;, Ernest Wilimowski 58&#8242;<\/p>\n<h4><span class=\"ez-toc-section\" id=\"Zobacz_takze\"><\/span><strong>Zobacz tak\u017ce:<\/strong><span class=\"ez-toc-section-end\"><\/span><\/h4>\n<h5><span class=\"ez-toc-section\" id=\"Lista_meczow_reprezentacji_Polski\"><\/span><a href=\"\/historia\/reprezentacja-polski-mecze\/\">Lista mecz\u00f3w reprezentacji Polski.<\/a><span class=\"ez-toc-section-end\"><\/span><\/h5>\n<h5><span class=\"ez-toc-section\" id=\"Pilkarska_kartka_z_kalendarza_21_maja\"><\/span><a href=\"\/historia\/pilkarska-kartka-z-kalendarza-21-maja\/\">Pi\u0142karska kartka z kalendarza 21 maja.<\/a><span class=\"ez-toc-section-end\"><\/span><\/h5>\n<h5><span class=\"ez-toc-section\" id=\"Rocznica_tragedii_w_Gabonie\"><\/span><a href=\"\/historia\/22-lata-od-tragedii-w-gabonie\/\">Rocznica tragedii w Gabonie.<\/a><span class=\"ez-toc-section-end\"><\/span><\/h5>\n<h5><span class=\"ez-toc-section\" id=\"12_kwietnia_1891_poczatek_ligi_argentynskiej\"><\/span><a href=\"\/historia\/12-kwietnia-1891-poczatek-ligi-argentynskiej\/\">12 kwietnia 1891 pocz\u0105tek ligi argenty\u0144skiej.<\/a><span class=\"ez-toc-section-end\"><\/span><\/h5>\n<h4><span class=\"ez-toc-section\" id=\"i\"><\/span>\u00a0<span class=\"ez-toc-section-end\"><\/span><\/h4>\n<h4><span class=\"ez-toc-section\" id=\"Masz_pytania_Chcesz_sie_dowiedziec_wiecej_Pisz_smialo\"><\/span>Masz pytania ? Chcesz si\u0119 dowiedzie\u0107 wi\u0119cej ? Pisz \u015bmia\u0142o !<span class=\"ez-toc-section-end\"><\/span><\/h4>\n<p>[contact-form]<\/p>\n","protected":false},"excerpt":{"rendered":"<p>Pi\u0142karska kartka z kalendarza 22 maja 1892.05.22 W G\u00f6teborgu rozegrano pierwszy w historii Szwecji oficjalny mecz pi\u0142ki no\u017cnej (\u00d6rgryte IS-IS Lyckans Soldate 1:0). 1927.05.22 Za\u0142o\u017cono meksyka\u0144ski klub Cruz Azul 8-krotny mistrz Meksyku i 6 -krotny zdobywca Ligi Mistrz\u00f3w CONCACAF 1936.05.22 W ZSRR zainaugurowa\u0142a rozgrywki najwy\u017csza liga pi\u0142karska. 1922.05.22 Urodzi\u0142 si\u0119 Stellan Nilsson, szwedzki pomocnik, br\u0105zowy [&hellip;]<\/p>\n","protected":false},"author":3,"featured_media":13155,"comment_status":"closed","ping_status":"open","sticky":false,"template":"","format":"standard","meta":{"_acf_changed":false,"footnotes":""},"categories":[144],"tags":[537,143,394],"class_list":["post-7481","post","type-post","status-publish","format-standard","has-post-thumbnail","hentry","category-kartka-z-kalendarza","tag-22-maja","tag-kalendarium","tag-maj"],"acf":[],"_links":{"self":[{"href":"https:\/\/kronika-futbolu.pl\/historia\/wp-json\/wp\/v2\/posts\/7481","targetHints":{"allow":["GET"]}}],"collection":[{"href":"https:\/\/kronika-futbolu.pl\/historia\/wp-json\/wp\/v2\/posts"}],"about":[{"href":"https:\/\/kronika-futbolu.pl\/historia\/wp-json\/wp\/v2\/types\/post"}],"author":[{"embeddable":true,"href":"https:\/\/kronika-futbolu.pl\/historia\/wp-json\/wp\/v2\/users\/3"}],"replies":[{"embeddable":true,"href":"https:\/\/kronika-futbolu.pl\/historia\/wp-json\/wp\/v2\/comments?post=7481"}],"version-history":[{"count":1,"href":"https:\/\/kronika-futbolu.pl\/historia\/wp-json\/wp\/v2\/posts\/7481\/revisions"}],"predecessor-version":[{"id":13156,"href":"https:\/\/kronika-futbolu.pl\/historia\/wp-json\/wp\/v2\/posts\/7481\/revisions\/13156"}],"wp:featuredmedia":[{"embeddable":true,"href":"https:\/\/kronika-futbolu.pl\/historia\/wp-json\/wp\/v2\/media\/13155"}],"wp:attachment":[{"href":"https:\/\/kronika-futbolu.pl\/historia\/wp-json\/wp\/v2\/media?parent=7481"}],"wp:term":[{"taxonomy":"category","embeddable":true,"href":"https:\/\/kronika-futbolu.pl\/historia\/wp-json\/wp\/v2\/categories?post=7481"},{"taxonomy":"post_tag","embeddable":true,"href":"https:\/\/kronika-futbolu.pl\/historia\/wp-json\/wp\/v2\/tags?post=7481"}],"curies":[{"name":"wp","href":"https:\/\/api.w.org\/{rel}","templated":true}]}}