{"id":7483,"date":"2020-05-23T00:01:39","date_gmt":"2020-05-22T22:01:39","guid":{"rendered":"https:\/\/kronika-futbolu.pl\/historia\/?p=7483"},"modified":"2022-10-15T12:25:12","modified_gmt":"2022-10-15T10:25:12","slug":"pilkarska-kartka-kalendarza-23-maja","status":"publish","type":"post","link":"https:\/\/kronika-futbolu.pl\/historia\/pilkarska-kartka-kalendarza-23-maja\/","title":{"rendered":"Pi\u0142karska kartka z kalendarza 23 maja"},"content":{"rendered":"<div id=\"ez-toc-container\" class=\"ez-toc-v2_0_75 counter-hierarchy ez-toc-counter ez-toc-grey ez-toc-container-direction\">\n<div class=\"ez-toc-title-container\">\n<p class=\"ez-toc-title\" style=\"cursor:inherit\">Table of Contents<\/p>\n<span class=\"ez-toc-title-toggle\"><a href=\"#\" class=\"ez-toc-pull-right ez-toc-btn ez-toc-btn-xs ez-toc-btn-default ez-toc-toggle\" aria-label=\"Toggle Table of Content\"><span class=\"ez-toc-js-icon-con\"><span class=\"\"><span class=\"eztoc-hide\" style=\"display:none;\">Toggle<\/span><span class=\"ez-toc-icon-toggle-span\"><svg style=\"fill: #999;color:#999\" xmlns=\"http:\/\/www.w3.org\/2000\/svg\" class=\"list-377408\" width=\"20px\" height=\"20px\" viewBox=\"0 0 24 24\" fill=\"none\"><path d=\"M6 6H4v2h2V6zm14 0H8v2h12V6zM4 11h2v2H4v-2zm16 0H8v2h12v-2zM4 16h2v2H4v-2zm16 0H8v2h12v-2z\" fill=\"currentColor\"><\/path><\/svg><svg style=\"fill: #999;color:#999\" class=\"arrow-unsorted-368013\" xmlns=\"http:\/\/www.w3.org\/2000\/svg\" width=\"10px\" height=\"10px\" viewBox=\"0 0 24 24\" version=\"1.2\" baseProfile=\"tiny\"><path d=\"M18.2 9.3l-6.2-6.3-6.2 6.3c-.2.2-.3.4-.3.7s.1.5.3.7c.2.2.4.3.7.3h11c.3 0 .5-.1.7-.3.2-.2.3-.5.3-.7s-.1-.5-.3-.7zM5.8 14.7l6.2 6.3 6.2-6.3c.2-.2.3-.5.3-.7s-.1-.5-.3-.7c-.2-.2-.4-.3-.7-.3h-11c-.3 0-.5.1-.7.3-.2.2-.3.5-.3.7s.1.5.3.7z\"\/><\/svg><\/span><\/span><\/span><\/a><\/span><\/div>\n<nav><ul class='ez-toc-list ez-toc-list-level-1 ' ><li class='ez-toc-page-1 ez-toc-heading-level-4'><a class=\"ez-toc-link ez-toc-heading-1\" href=\"https:\/\/kronika-futbolu.pl\/historia\/pilkarska-kartka-kalendarza-23-maja\/#Pilkarska_kartka_z_kalendarza_23_maja\" >Pi\u0142karska kartka z kalendarza 23 maja<\/a><\/li><li class='ez-toc-page-1 ez-toc-heading-level-4'><a class=\"ez-toc-link ez-toc-heading-2\" href=\"https:\/\/kronika-futbolu.pl\/historia\/pilkarska-kartka-kalendarza-23-maja\/#Zobacz_takze\" >Zobacz tak\u017ce:<\/a><ul class='ez-toc-list-level-5' ><li class='ez-toc-heading-level-5'><a class=\"ez-toc-link ez-toc-heading-3\" href=\"https:\/\/kronika-futbolu.pl\/historia\/pilkarska-kartka-kalendarza-23-maja\/#Lista_meczow_reprezentacji_Polski\" >Lista mecz\u00f3w reprezentacji Polski.<\/a><\/li><li class='ez-toc-page-1 ez-toc-heading-level-5'><a class=\"ez-toc-link ez-toc-heading-4\" href=\"https:\/\/kronika-futbolu.pl\/historia\/pilkarska-kartka-kalendarza-23-maja\/#Pilkarska_kartka_z_kalendarza_22_maja\" >Pi\u0142karska kartka z kalendarza 22 maja.<\/a><\/li><li class='ez-toc-page-1 ez-toc-heading-level-5'><a class=\"ez-toc-link ez-toc-heading-5\" href=\"https:\/\/kronika-futbolu.pl\/historia\/pilkarska-kartka-kalendarza-23-maja\/#Rocznica_tragedii_w_Gabonie\" >Rocznica tragedii w Gabonie.<\/a><\/li><li class='ez-toc-page-1 ez-toc-heading-level-5'><a class=\"ez-toc-link ez-toc-heading-6\" href=\"https:\/\/kronika-futbolu.pl\/historia\/pilkarska-kartka-kalendarza-23-maja\/#12_kwietnia_1891_poczatek_ligi_argentynskiej\" >12 kwietnia 1891 pocz\u0105tek ligi argenty\u0144skiej.<\/a><\/li><\/ul><\/li><li class='ez-toc-page-1 ez-toc-heading-level-4'><a class=\"ez-toc-link ez-toc-heading-7\" href=\"https:\/\/kronika-futbolu.pl\/historia\/pilkarska-kartka-kalendarza-23-maja\/#i\" >\u00a0<\/a><\/li><li class='ez-toc-page-1 ez-toc-heading-level-4'><a class=\"ez-toc-link ez-toc-heading-8\" href=\"https:\/\/kronika-futbolu.pl\/historia\/pilkarska-kartka-kalendarza-23-maja\/#Masz_pytania_Chcesz_sie_dowiedziec_wiecej_Pisz_smialo\" >Masz pytania ? Chcesz si\u0119 dowiedzie\u0107 wi\u0119cej ? Pisz \u015bmia\u0142o !<\/a><\/li><\/ul><\/nav><\/div>\n<h4><span class=\"ez-toc-section\" id=\"Pilkarska_kartka_z_kalendarza_23_maja\"><\/span>Pi\u0142karska kartka z kalendarza 23 maja<span class=\"ez-toc-section-end\"><\/span><\/h4>\n<p>1954.05.23 Reprezentacja <strong>Anglii <\/strong>w pi\u0142ce no\u017cnej ponios\u0142a najwy\u017csz\u0105 pora\u017ck\u0119 w swej historii (1:7 w Budapeszcie z W\u0119grami).<\/p>\n<p>1953.05.23 Urodzi\u0142 si\u0119 <strong>Krzysztof Rutkowski,<\/strong> w latach 1970-1978 pi\u0142karz Lecha Pozna\u0144 (zm. 2007)<\/p>\n<p>1956.05.23 Urodzi\u0142 si\u0119 <strong> Andoni Goikoetxea<\/strong>, hiszpa\u0144ski obro\u0144ca, trener pi\u0142karski, wicemistrz Europy 1984<\/p>\n<p>1961.05.23 Urodzi\u0142 si\u0119 <strong>Daniele Massaro<\/strong>, w\u0142oski napastnik, mistrz \u015bwiata 1982 (jako rezerwowy), wicemistrz \u015bwiata 1994, zdobywca Ligi Mistrz\u00f3w 1990,1994, Superpucharu Europy 1989,1990,1994 z Milanem<\/p>\n<p>1965.05.23 Urodzi\u0142 si\u0119 <strong>Manuel Sanch\u00eds Hontiyuelo<\/strong>, hiszpa\u0144ski obro\u0144ca, zdobywca Ligi Mistrz\u00f3w 1998,2000, Pucharu UEFA 1985,1986, z Realem Madryt<\/p>\n<p>1980.05.23 Urodzi\u0142 si\u0119 <strong>Theofanis Gekas<\/strong>, grecki napastnik<\/p>\n<p>1980.05.23 Urodzi\u0142 si\u0119 <strong>Marcin Cabaj<\/strong>, bramkarz, w latach 2004-2010 pi\u0142karz Cracovii<\/p>\n<p>2009.05.23 <strong>VfL Wolfsburg <\/strong>zdoby\u0142 pierwszy w swej historii tytu\u0142 mistrza Niemiec.<\/p>\n<p>1984-05-23 <strong>Irlandia &#8211; Polska<\/strong> 0-0 MT Dublin<\/p>\n<p>1965-05-23 <strong>Polska &#8211; Szkocja <\/strong> 1-1 EM\u015a 1966 Chorz\u00f3w bramki: Roman Lentner 52&#8242;- Denis Law 76&#8242;<\/p>\n<p>1962-05-23 <strong>Polska &#8211; Belgia <\/strong> 2-0 MT Warszawa bramki: Roman Lentner 7&#8242;, Lucjan Brychczy 72&#8242;<\/p>\n<p>1934-05-23 <strong> Szwecja &#8211; Polska <\/strong> 4 -2 MT Sztokholm bramki: Sven Jonasson 13&#8242;, Tore Keller 36&#8242;, 70&#8242;, 74&#8242;- J\u00f3zef Nawrot 26&#8242;, Ernest Wilimowski 59&#8242;<\/p>\n<h4><span class=\"ez-toc-section\" id=\"Zobacz_takze\"><\/span><strong>Zobacz tak\u017ce:<\/strong><span class=\"ez-toc-section-end\"><\/span><\/h4>\n<h5><span class=\"ez-toc-section\" id=\"Lista_meczow_reprezentacji_Polski\"><\/span><a href=\"\/historia\/reprezentacja-polski-mecze\/\">Lista mecz\u00f3w reprezentacji Polski.<\/a><span class=\"ez-toc-section-end\"><\/span><\/h5>\n<h5><span class=\"ez-toc-section\" id=\"Pilkarska_kartka_z_kalendarza_22_maja\"><\/span><a href=\"\/historia\/pilkarska-kartka-z-kalendarza-22-maja\/\">Pi\u0142karska kartka z kalendarza 22 maja.<\/a><span class=\"ez-toc-section-end\"><\/span><\/h5>\n<h5><span class=\"ez-toc-section\" id=\"Rocznica_tragedii_w_Gabonie\"><\/span><a href=\"\/historia\/22-lata-od-tragedii-w-gabonie\/\">Rocznica tragedii w Gabonie.<\/a><span class=\"ez-toc-section-end\"><\/span><\/h5>\n<h5><span class=\"ez-toc-section\" id=\"12_kwietnia_1891_poczatek_ligi_argentynskiej\"><\/span><a href=\"\/historia\/12-kwietnia-1891-poczatek-ligi-argentynskiej\/\">12 kwietnia 1891 pocz\u0105tek ligi argenty\u0144skiej.<\/a><span class=\"ez-toc-section-end\"><\/span><\/h5>\n<h4><span class=\"ez-toc-section\" id=\"i\"><\/span>\u00a0<span class=\"ez-toc-section-end\"><\/span><\/h4>\n<h4><span class=\"ez-toc-section\" id=\"Masz_pytania_Chcesz_sie_dowiedziec_wiecej_Pisz_smialo\"><\/span>Masz pytania ? Chcesz si\u0119 dowiedzie\u0107 wi\u0119cej ? Pisz \u015bmia\u0142o !<span class=\"ez-toc-section-end\"><\/span><\/h4>\n<p>[contact-form]<\/p>\n","protected":false},"excerpt":{"rendered":"<p>Pi\u0142karska kartka z kalendarza 23 maja 1954.05.23 Reprezentacja Anglii w pi\u0142ce no\u017cnej ponios\u0142a najwy\u017csz\u0105 pora\u017ck\u0119 w swej historii (1:7 w Budapeszcie z W\u0119grami). 1953.05.23 Urodzi\u0142 si\u0119 Krzysztof Rutkowski, w latach 1970-1978 pi\u0142karz Lecha Pozna\u0144 (zm. 2007) 1956.05.23 Urodzi\u0142 si\u0119 Andoni Goikoetxea, hiszpa\u0144ski obro\u0144ca, trener pi\u0142karski, wicemistrz Europy 1984 1961.05.23 Urodzi\u0142 si\u0119 Daniele Massaro, w\u0142oski napastnik, [&hellip;]<\/p>\n","protected":false},"author":3,"featured_media":12991,"comment_status":"closed","ping_status":"open","sticky":false,"template":"","format":"standard","meta":{"_acf_changed":false,"footnotes":""},"categories":[144],"tags":[143],"class_list":["post-7483","post","type-post","status-publish","format-standard","has-post-thumbnail","hentry","category-kartka-z-kalendarza","tag-kalendarium"],"acf":[],"_links":{"self":[{"href":"https:\/\/kronika-futbolu.pl\/historia\/wp-json\/wp\/v2\/posts\/7483","targetHints":{"allow":["GET"]}}],"collection":[{"href":"https:\/\/kronika-futbolu.pl\/historia\/wp-json\/wp\/v2\/posts"}],"about":[{"href":"https:\/\/kronika-futbolu.pl\/historia\/wp-json\/wp\/v2\/types\/post"}],"author":[{"embeddable":true,"href":"https:\/\/kronika-futbolu.pl\/historia\/wp-json\/wp\/v2\/users\/3"}],"replies":[{"embeddable":true,"href":"https:\/\/kronika-futbolu.pl\/historia\/wp-json\/wp\/v2\/comments?post=7483"}],"version-history":[{"count":1,"href":"https:\/\/kronika-futbolu.pl\/historia\/wp-json\/wp\/v2\/posts\/7483\/revisions"}],"predecessor-version":[{"id":13153,"href":"https:\/\/kronika-futbolu.pl\/historia\/wp-json\/wp\/v2\/posts\/7483\/revisions\/13153"}],"wp:featuredmedia":[{"embeddable":true,"href":"https:\/\/kronika-futbolu.pl\/historia\/wp-json\/wp\/v2\/media\/12991"}],"wp:attachment":[{"href":"https:\/\/kronika-futbolu.pl\/historia\/wp-json\/wp\/v2\/media?parent=7483"}],"wp:term":[{"taxonomy":"category","embeddable":true,"href":"https:\/\/kronika-futbolu.pl\/historia\/wp-json\/wp\/v2\/categories?post=7483"},{"taxonomy":"post_tag","embeddable":true,"href":"https:\/\/kronika-futbolu.pl\/historia\/wp-json\/wp\/v2\/tags?post=7483"}],"curies":[{"name":"wp","href":"https:\/\/api.w.org\/{rel}","templated":true}]}}