{"id":7490,"date":"2020-05-25T00:01:25","date_gmt":"2020-05-24T22:01:25","guid":{"rendered":"https:\/\/kronika-futbolu.pl\/historia\/?p=7490"},"modified":"2022-10-15T12:24:30","modified_gmt":"2022-10-15T10:24:30","slug":"pilkarska-kartka-kalendarza-25-maja","status":"publish","type":"post","link":"https:\/\/kronika-futbolu.pl\/historia\/pilkarska-kartka-kalendarza-25-maja\/","title":{"rendered":"Pi\u0142karska kartka z kalendarza 25 maja"},"content":{"rendered":"<div id=\"ez-toc-container\" class=\"ez-toc-v2_0_75 counter-hierarchy ez-toc-counter ez-toc-grey ez-toc-container-direction\">\n<div class=\"ez-toc-title-container\">\n<p class=\"ez-toc-title\" style=\"cursor:inherit\">Table of Contents<\/p>\n<span class=\"ez-toc-title-toggle\"><a href=\"#\" class=\"ez-toc-pull-right ez-toc-btn ez-toc-btn-xs ez-toc-btn-default ez-toc-toggle\" aria-label=\"Toggle Table of Content\"><span class=\"ez-toc-js-icon-con\"><span class=\"\"><span class=\"eztoc-hide\" style=\"display:none;\">Toggle<\/span><span class=\"ez-toc-icon-toggle-span\"><svg style=\"fill: #999;color:#999\" xmlns=\"http:\/\/www.w3.org\/2000\/svg\" class=\"list-377408\" width=\"20px\" height=\"20px\" viewBox=\"0 0 24 24\" fill=\"none\"><path d=\"M6 6H4v2h2V6zm14 0H8v2h12V6zM4 11h2v2H4v-2zm16 0H8v2h12v-2zM4 16h2v2H4v-2zm16 0H8v2h12v-2z\" fill=\"currentColor\"><\/path><\/svg><svg style=\"fill: #999;color:#999\" class=\"arrow-unsorted-368013\" xmlns=\"http:\/\/www.w3.org\/2000\/svg\" width=\"10px\" height=\"10px\" viewBox=\"0 0 24 24\" version=\"1.2\" baseProfile=\"tiny\"><path d=\"M18.2 9.3l-6.2-6.3-6.2 6.3c-.2.2-.3.4-.3.7s.1.5.3.7c.2.2.4.3.7.3h11c.3 0 .5-.1.7-.3.2-.2.3-.5.3-.7s-.1-.5-.3-.7zM5.8 14.7l6.2 6.3 6.2-6.3c.2-.2.3-.5.3-.7s-.1-.5-.3-.7c-.2-.2-.4-.3-.7-.3h-11c-.3 0-.5.1-.7.3-.2.2-.3.5-.3.7s.1.5.3.7z\"\/><\/svg><\/span><\/span><\/span><\/a><\/span><\/div>\n<nav><ul class='ez-toc-list ez-toc-list-level-1 ' ><li class='ez-toc-page-1 ez-toc-heading-level-4'><a class=\"ez-toc-link ez-toc-heading-1\" href=\"https:\/\/kronika-futbolu.pl\/historia\/pilkarska-kartka-kalendarza-25-maja\/#Pilkarska_kartka_z_kalendarza_25_maja\" >Pi\u0142karska kartka z kalendarza 25 maja<\/a><\/li><li class='ez-toc-page-1 ez-toc-heading-level-4'><a class=\"ez-toc-link ez-toc-heading-2\" href=\"https:\/\/kronika-futbolu.pl\/historia\/pilkarska-kartka-kalendarza-25-maja\/#Zobacz_takze\" >Zobacz tak\u017ce:<\/a><ul class='ez-toc-list-level-5' ><li class='ez-toc-heading-level-5'><a class=\"ez-toc-link ez-toc-heading-3\" href=\"https:\/\/kronika-futbolu.pl\/historia\/pilkarska-kartka-kalendarza-25-maja\/#Lista_meczow_reprezentacji_Polski\" >Lista mecz\u00f3w reprezentacji Polski.<\/a><\/li><li class='ez-toc-page-1 ez-toc-heading-level-5'><a class=\"ez-toc-link ez-toc-heading-4\" href=\"https:\/\/kronika-futbolu.pl\/historia\/pilkarska-kartka-kalendarza-25-maja\/#Pilkarska_kartka_z_kalendarza_24_maja\" >Pi\u0142karska kartka z kalendarza 24 maja.<\/a><\/li><li class='ez-toc-page-1 ez-toc-heading-level-5'><a class=\"ez-toc-link ez-toc-heading-5\" href=\"https:\/\/kronika-futbolu.pl\/historia\/pilkarska-kartka-kalendarza-25-maja\/#Rocznica_tragedii_w_Gabonie\" >Rocznica tragedii w Gabonie.<\/a><\/li><li class='ez-toc-page-1 ez-toc-heading-level-5'><a class=\"ez-toc-link ez-toc-heading-6\" href=\"https:\/\/kronika-futbolu.pl\/historia\/pilkarska-kartka-kalendarza-25-maja\/#12_kwietnia_1891_poczatek_ligi_argentynskiej\" >12 kwietnia 1891 pocz\u0105tek ligi argenty\u0144skiej.<\/a><\/li><\/ul><\/li><li class='ez-toc-page-1 ez-toc-heading-level-4'><a class=\"ez-toc-link ez-toc-heading-7\" href=\"https:\/\/kronika-futbolu.pl\/historia\/pilkarska-kartka-kalendarza-25-maja\/#i\" >\u00a0<\/a><\/li><li class='ez-toc-page-1 ez-toc-heading-level-4'><a class=\"ez-toc-link ez-toc-heading-8\" href=\"https:\/\/kronika-futbolu.pl\/historia\/pilkarska-kartka-kalendarza-25-maja\/#Masz_pytania_Chcesz_sie_dowiedziec_wiecej_Pisz_smialo\" >Masz pytania ? Chcesz si\u0119 dowiedzie\u0107 wi\u0119cej ? Pisz \u015bmia\u0142o !<\/a><\/li><\/ul><\/nav><\/div>\n<h4><span class=\"ez-toc-section\" id=\"Pilkarska_kartka_z_kalendarza_25_maja\"><\/span>Pi\u0142karska kartka z kalendarza 25 maja<span class=\"ez-toc-section-end\"><\/span><\/h4>\n<p>1898.05.25 Za\u0142o\u017cono najstarszy na S\u0142owacji klub pi\u0142karski <strong>1. FC Tatran Pre\u0161ov<\/strong> (jako ETVE Presz\u00f3w).<\/p>\n<p>1924.05.25 Urodzi\u0142 si\u0119<strong> Istv\u00e1n Nyers<\/strong>, w\u0119gierski pomocnik, zawodnik min. Ujpest, Inter Mediolan- mistrzostwo W\u0142och 1953,1954, kr\u00f3l strzelc\u00f3w ligi w\u0142oskiej 1949, AS Roma, FC Barceolna (zm. 2005)<\/p>\n<p>1953.05.25 Urodzi\u0142 si\u0119 <strong>Daniel Passarella<\/strong>, argenty\u0144ski obro\u0144ca, trener pi\u0142karski, mistrz \u015bwiata 1978 i 1982 jako rezerwowy<\/p>\n<p>1953.05.25 Urodzi\u0142 si\u0119 <strong>Gaetano Scirea<\/strong>, w\u0142oski obro\u0144ca, mistrz \u015bwiata 1982, zdobywca Pucharu Europy 1985, Pucharu Interkontynentalnego 1985, Pucharu Zdobywc\u00f3w Puchar\u00f3w 1984, Pucharu UEFA 1977 z Juventusem. Zgin\u0105\u0142 w wypadku samochodowym w Polsce 3 wrze\u015bnia 1989 na trasie Warszawa &#8211; \u0141\u00f3d\u017a.<\/p>\n<p>1973.05.25 Urodzi\u0142 si\u0119 <strong>Tomasz Zdebel<\/strong>, pomocnik, reprezentant Polski, zawodnik min.1.FC K\u00f6ln, Koninklijke Lierse SK,Gen\u00e7lerbirligi SK, VfL Bochum 1848, TSV Bayer 04 Leverkusen<\/p>\n<p>1975.05.25 Urodzi\u0142 si\u0119 <strong>Daniel Dubicki<\/strong>, pomocnik, mistrz Polski 1998 z \u0141KS, 1999, 2003, 2004 z Wis\u0142\u0105 Krak\u00f3w<\/p>\n<p>1976.05.25Urodzi\u0142 si\u0119 <strong>Miguel Zepeda<\/strong>, meksyka\u0144ski pomocnik, Zdobywca Pucharu Konfederacji 1999 i Z\u0142otego Pucharu CONCACAF: 2003<\/p>\n<p>1979.05.25 Urodzi\u0142 si\u0119 <strong>Martin Jir\u00e1nek<\/strong>, czeski obro\u0144ca<\/p>\n<p>1982.05.25 Urodzi\u0142 si\u0119 <strong>Roger Guerreiro<\/strong>, pomocnik, brazylijsko-polski, mistrz Polski 2006 z Legi\u0105, strzelec bramki na Euro 2008<\/p>\n<p>2005.05.25<strong> Jerzy Dudek<\/strong> zdoby\u0142 z Liverpoolem Lig\u0119 Mistrz\u00f3w, w finale w Stambule pokonuj\u0105c AC Milan po serii rzut\u00f3w karnych<\/p>\n<p>1958-05-25 <strong>Dania &#8211; Polska <\/strong> 3-2 MT Kopenhaga bramki: J\u00f8rn S\u00f8rensen 17&#8242;, Poul Pedersen 17&#8242;,26&#8242;- Roman Lentner 29&#8242;, Gerard Cie\u015blik 85&#8242;<\/p>\n<p>1952-05-25 <strong>Rumunia &#8211; Polska<\/strong> 1-0 MT Bukareszt gol: Tudor Paraschiva 49&#8242;<\/p>\n<h4><span class=\"ez-toc-section\" id=\"Zobacz_takze\"><\/span><strong>Zobacz tak\u017ce:<\/strong><span class=\"ez-toc-section-end\"><\/span><\/h4>\n<h5><span class=\"ez-toc-section\" id=\"Lista_meczow_reprezentacji_Polski\"><\/span><a href=\"\/historia\/reprezentacja-polski-mecze\/\">Lista mecz\u00f3w reprezentacji Polski.<\/a><span class=\"ez-toc-section-end\"><\/span><\/h5>\n<h5><span class=\"ez-toc-section\" id=\"Pilkarska_kartka_z_kalendarza_24_maja\"><\/span><a href=\"\/historia\/pilkarska-kartka-z-kalendarza-24-maja\/\">Pi\u0142karska kartka z kalendarza 24 maja.<\/a><span class=\"ez-toc-section-end\"><\/span><\/h5>\n<h5><span class=\"ez-toc-section\" id=\"Rocznica_tragedii_w_Gabonie\"><\/span><a href=\"\/historia\/22-lata-od-tragedii-w-gabonie\/\">Rocznica tragedii w Gabonie.<\/a><span class=\"ez-toc-section-end\"><\/span><\/h5>\n<h5><span class=\"ez-toc-section\" id=\"12_kwietnia_1891_poczatek_ligi_argentynskiej\"><\/span><a href=\"\/historia\/12-kwietnia-1891-poczatek-ligi-argentynskiej\/\">12 kwietnia 1891 pocz\u0105tek ligi argenty\u0144skiej.<\/a><span class=\"ez-toc-section-end\"><\/span><\/h5>\n<h4><span class=\"ez-toc-section\" id=\"i\"><\/span>\u00a0<span class=\"ez-toc-section-end\"><\/span><\/h4>\n<h4><span class=\"ez-toc-section\" id=\"Masz_pytania_Chcesz_sie_dowiedziec_wiecej_Pisz_smialo\"><\/span>Masz pytania ? Chcesz si\u0119 dowiedzie\u0107 wi\u0119cej ? Pisz \u015bmia\u0142o !<span class=\"ez-toc-section-end\"><\/span><\/h4>\n","protected":false},"excerpt":{"rendered":"<p>Pi\u0142karska kartka z kalendarza 25 maja 1898.05.25 Za\u0142o\u017cono najstarszy na S\u0142owacji klub pi\u0142karski 1. FC Tatran Pre\u0161ov (jako ETVE Presz\u00f3w). 1924.05.25 Urodzi\u0142 si\u0119 Istv\u00e1n Nyers, w\u0119gierski pomocnik, zawodnik min. Ujpest, Inter Mediolan- mistrzostwo W\u0142och 1953,1954, kr\u00f3l strzelc\u00f3w ligi w\u0142oskiej 1949, AS Roma, FC Barceolna (zm. 2005) 1953.05.25 Urodzi\u0142 si\u0119 Daniel Passarella, argenty\u0144ski obro\u0144ca, trener pi\u0142karski, [&hellip;]<\/p>\n","protected":false},"author":3,"featured_media":12991,"comment_status":"closed","ping_status":"open","sticky":false,"template":"","format":"standard","meta":{"_acf_changed":false,"footnotes":""},"categories":[144],"tags":[143],"class_list":["post-7490","post","type-post","status-publish","format-standard","has-post-thumbnail","hentry","category-kartka-z-kalendarza","tag-kalendarium"],"acf":[],"_links":{"self":[{"href":"https:\/\/kronika-futbolu.pl\/historia\/wp-json\/wp\/v2\/posts\/7490","targetHints":{"allow":["GET"]}}],"collection":[{"href":"https:\/\/kronika-futbolu.pl\/historia\/wp-json\/wp\/v2\/posts"}],"about":[{"href":"https:\/\/kronika-futbolu.pl\/historia\/wp-json\/wp\/v2\/types\/post"}],"author":[{"embeddable":true,"href":"https:\/\/kronika-futbolu.pl\/historia\/wp-json\/wp\/v2\/users\/3"}],"replies":[{"embeddable":true,"href":"https:\/\/kronika-futbolu.pl\/historia\/wp-json\/wp\/v2\/comments?post=7490"}],"version-history":[{"count":1,"href":"https:\/\/kronika-futbolu.pl\/historia\/wp-json\/wp\/v2\/posts\/7490\/revisions"}],"predecessor-version":[{"id":13151,"href":"https:\/\/kronika-futbolu.pl\/historia\/wp-json\/wp\/v2\/posts\/7490\/revisions\/13151"}],"wp:featuredmedia":[{"embeddable":true,"href":"https:\/\/kronika-futbolu.pl\/historia\/wp-json\/wp\/v2\/media\/12991"}],"wp:attachment":[{"href":"https:\/\/kronika-futbolu.pl\/historia\/wp-json\/wp\/v2\/media?parent=7490"}],"wp:term":[{"taxonomy":"category","embeddable":true,"href":"https:\/\/kronika-futbolu.pl\/historia\/wp-json\/wp\/v2\/categories?post=7490"},{"taxonomy":"post_tag","embeddable":true,"href":"https:\/\/kronika-futbolu.pl\/historia\/wp-json\/wp\/v2\/tags?post=7490"}],"curies":[{"name":"wp","href":"https:\/\/api.w.org\/{rel}","templated":true}]}}