{"id":7506,"date":"2020-05-30T00:01:47","date_gmt":"2020-05-29T22:01:47","guid":{"rendered":"https:\/\/kronika-futbolu.pl\/historia\/?p=7506"},"modified":"2022-10-15T12:22:17","modified_gmt":"2022-10-15T10:22:17","slug":"pilkarska-kartka-kalendarza-30-maja","status":"publish","type":"post","link":"https:\/\/kronika-futbolu.pl\/historia\/pilkarska-kartka-kalendarza-30-maja\/","title":{"rendered":"Pi\u0142karska kartka z kalendarza 30 maja"},"content":{"rendered":"<div id=\"ez-toc-container\" class=\"ez-toc-v2_0_75 counter-hierarchy ez-toc-counter ez-toc-grey ez-toc-container-direction\">\n<div class=\"ez-toc-title-container\">\n<p class=\"ez-toc-title\" style=\"cursor:inherit\">Table of Contents<\/p>\n<span class=\"ez-toc-title-toggle\"><a href=\"#\" class=\"ez-toc-pull-right ez-toc-btn ez-toc-btn-xs ez-toc-btn-default ez-toc-toggle\" aria-label=\"Toggle Table of Content\"><span class=\"ez-toc-js-icon-con\"><span class=\"\"><span class=\"eztoc-hide\" style=\"display:none;\">Toggle<\/span><span class=\"ez-toc-icon-toggle-span\"><svg style=\"fill: #999;color:#999\" xmlns=\"http:\/\/www.w3.org\/2000\/svg\" class=\"list-377408\" width=\"20px\" height=\"20px\" viewBox=\"0 0 24 24\" fill=\"none\"><path d=\"M6 6H4v2h2V6zm14 0H8v2h12V6zM4 11h2v2H4v-2zm16 0H8v2h12v-2zM4 16h2v2H4v-2zm16 0H8v2h12v-2z\" fill=\"currentColor\"><\/path><\/svg><svg style=\"fill: #999;color:#999\" class=\"arrow-unsorted-368013\" xmlns=\"http:\/\/www.w3.org\/2000\/svg\" width=\"10px\" height=\"10px\" viewBox=\"0 0 24 24\" version=\"1.2\" baseProfile=\"tiny\"><path d=\"M18.2 9.3l-6.2-6.3-6.2 6.3c-.2.2-.3.4-.3.7s.1.5.3.7c.2.2.4.3.7.3h11c.3 0 .5-.1.7-.3.2-.2.3-.5.3-.7s-.1-.5-.3-.7zM5.8 14.7l6.2 6.3 6.2-6.3c.2-.2.3-.5.3-.7s-.1-.5-.3-.7c-.2-.2-.4-.3-.7-.3h-11c-.3 0-.5.1-.7.3-.2.2-.3.5-.3.7s.1.5.3.7z\"\/><\/svg><\/span><\/span><\/span><\/a><\/span><\/div>\n<nav><ul class='ez-toc-list ez-toc-list-level-1 ' ><li class='ez-toc-page-1 ez-toc-heading-level-4'><a class=\"ez-toc-link ez-toc-heading-1\" href=\"https:\/\/kronika-futbolu.pl\/historia\/pilkarska-kartka-kalendarza-30-maja\/#Pilkarska_kartka_z_kalendarza_30_maja\" >Pi\u0142karska kartka z kalendarza 30 maja<\/a><\/li><li class='ez-toc-page-1 ez-toc-heading-level-4'><a class=\"ez-toc-link ez-toc-heading-2\" href=\"https:\/\/kronika-futbolu.pl\/historia\/pilkarska-kartka-kalendarza-30-maja\/#Zobacz_takze\" >Zobacz tak\u017ce:<\/a><ul class='ez-toc-list-level-5' ><li class='ez-toc-heading-level-5'><a class=\"ez-toc-link ez-toc-heading-3\" href=\"https:\/\/kronika-futbolu.pl\/historia\/pilkarska-kartka-kalendarza-30-maja\/#Lista_meczow_reprezentacji_Polski\" >Lista mecz\u00f3w reprezentacji Polski.<\/a><\/li><li class='ez-toc-page-1 ez-toc-heading-level-5'><a class=\"ez-toc-link ez-toc-heading-4\" href=\"https:\/\/kronika-futbolu.pl\/historia\/pilkarska-kartka-kalendarza-30-maja\/#Pilkarska_kartka_z_kalendarza_29_maja\" >Pi\u0142karska kartka z kalendarza 29 maja.<\/a><\/li><li class='ez-toc-page-1 ez-toc-heading-level-5'><a class=\"ez-toc-link ez-toc-heading-5\" href=\"https:\/\/kronika-futbolu.pl\/historia\/pilkarska-kartka-kalendarza-30-maja\/#Rocznica_tragedii_w_Gabonie\" >Rocznica tragedii w Gabonie.<\/a><\/li><li class='ez-toc-page-1 ez-toc-heading-level-5'><a class=\"ez-toc-link ez-toc-heading-6\" href=\"https:\/\/kronika-futbolu.pl\/historia\/pilkarska-kartka-kalendarza-30-maja\/#12_kwietnia_1891_poczatek_ligi_argentynskiej\" >12 kwietnia 1891 pocz\u0105tek ligi argenty\u0144skiej.<\/a><\/li><\/ul><\/li><li class='ez-toc-page-1 ez-toc-heading-level-4'><a class=\"ez-toc-link ez-toc-heading-7\" href=\"https:\/\/kronika-futbolu.pl\/historia\/pilkarska-kartka-kalendarza-30-maja\/#i\" >\u00a0<\/a><\/li><li class='ez-toc-page-1 ez-toc-heading-level-4'><a class=\"ez-toc-link ez-toc-heading-8\" href=\"https:\/\/kronika-futbolu.pl\/historia\/pilkarska-kartka-kalendarza-30-maja\/#Masz_pytania_Chcesz_sie_dowiedziec_wiecej_Pisz_smialo\" >Masz pytania ? Chcesz si\u0119 dowiedzie\u0107 wi\u0119cej ? Pisz \u015bmia\u0142o !<\/a><\/li><\/ul><\/nav><\/div>\n<h4><span class=\"ez-toc-section\" id=\"Pilkarska_kartka_z_kalendarza_30_maja\"><\/span>Pi\u0142karska kartka z kalendarza 30 maja<span class=\"ez-toc-section-end\"><\/span><\/h4>\n<p>1904.05.30 Za\u0142o\u017cono niemiecki klub <strong>SC Freiburg<\/strong>.<\/p>\n<p>1989.05.30 Za\u0142o\u017cono boliwijski klub <strong>La Paz FC<\/strong>.<\/p>\n<p>1913.05.30 Urodzi\u0142 si\u0119 <strong>G\u00e9za Kalocsay<\/strong>, w\u0119gierski napastnik, uczestnik mundialu 1934, jako trener mistrz Polski 1967 z G\u00f3rnikiem Zabrze (zm. 2008)<\/p>\n<p>1934.05.30 Urodzi\u0142 si\u0119<strong> Alkietas Panagulias,<\/strong> grecki pi\u0142karz i trener, prowadzi\u0142 reprezentacj\u0119 Grecji z kt\u00f3r\u0105 awansowa\u0142 do mistrzostw Europy 1980 i \u015bwiata 1994, i kadr\u0119 USA oraz pracowa\u0142 w Olympiakosie, Arisie, Iraklisie(zm. 2012)<\/p>\n<p>1966.05.30 Urodzi\u0142 si\u0119 <strong>Thomas H\u00e4\u00dfler<\/strong>, niemiecki pomocnik, mistrz \u015bwiata 1990, mistrz Europy 1996, wicemistrz Europy 1992, br\u0105zowy medalista Igrzysk Olimpijskich 1988, pi\u0142karz roku w Niemczech 1989,1992<\/p>\n<p>1980.05.30 Urodzi\u0142 si\u0119<strong> Steven Gerrard<\/strong>, angielski pomocnik, zdobywca Ligi Mistrz\u00f3w 2005, Pucharu UEFA 2001 i Superpucharu Europy 2001,2005 z Liverpoolem, od 1997 zwi\u0105zany w\u0142asnie w LFC, w reprezentacji Anglii rozegra\u0142, ponad 100 mecz\u00f3w,<\/p>\n<p>1981.05.30 Urodzi\u0142 si\u0119<strong> Ahmad Elrich<\/strong>, australijski pi\u0142karz pochodzenia liba\u0144skiego, zdobywca Pucharu Narod\u00f3w Oceanii 2004<\/p>\n<p>2006-05-30 <strong>Polska &#8211; Kolumbia<\/strong> 1-2 MT Chorz\u00f3w bramki: Ireneusz Jele\u0144 90&#8242;- Elkin Murillo 19&#8242;, 63&#8242;<\/p>\n<p>1985-05-30<strong> Albania &#8211; Polska<\/strong> 0-1 EM\u015a 1986 Tirana gol: Zbigniew Boniek 24&#8242;<\/p>\n<p>1956-05-30<strong> Norwegia &#8211; Polska <\/strong>0-0MT Oslo<\/p>\n<h4><span class=\"ez-toc-section\" id=\"Zobacz_takze\"><\/span><strong>Zobacz tak\u017ce:<\/strong><span class=\"ez-toc-section-end\"><\/span><\/h4>\n<h5><span class=\"ez-toc-section\" id=\"Lista_meczow_reprezentacji_Polski\"><\/span><a href=\"\/historia\/reprezentacja-polski-mecze\/\">Lista mecz\u00f3w reprezentacji Polski.<\/a><span class=\"ez-toc-section-end\"><\/span><\/h5>\n<h5><span class=\"ez-toc-section\" id=\"Pilkarska_kartka_z_kalendarza_29_maja\"><\/span><a href=\"\/historia\/pilkarska-kartka-z-kalendarza-29-maja\/\/\">Pi\u0142karska kartka z kalendarza 29 maja.<\/a><span class=\"ez-toc-section-end\"><\/span><\/h5>\n<h5><span class=\"ez-toc-section\" id=\"Rocznica_tragedii_w_Gabonie\"><\/span><a href=\"\/historia\/22-lata-od-tragedii-w-gabonie\/\">Rocznica tragedii w Gabonie.<\/a><span class=\"ez-toc-section-end\"><\/span><\/h5>\n<h5><span class=\"ez-toc-section\" id=\"12_kwietnia_1891_poczatek_ligi_argentynskiej\"><\/span><a href=\"\/historia\/12-kwietnia-1891-poczatek-ligi-argentynskiej\/\">12 kwietnia 1891 pocz\u0105tek ligi argenty\u0144skiej.<\/a><span class=\"ez-toc-section-end\"><\/span><\/h5>\n<h4><span class=\"ez-toc-section\" id=\"i\"><\/span>\u00a0<span class=\"ez-toc-section-end\"><\/span><\/h4>\n<h4><span class=\"ez-toc-section\" id=\"Masz_pytania_Chcesz_sie_dowiedziec_wiecej_Pisz_smialo\"><\/span>Masz pytania ? Chcesz si\u0119 dowiedzie\u0107 wi\u0119cej ? Pisz \u015bmia\u0142o !<span class=\"ez-toc-section-end\"><\/span><\/h4>\n","protected":false},"excerpt":{"rendered":"<p>Pi\u0142karska kartka z kalendarza 30 maja 1904.05.30 Za\u0142o\u017cono niemiecki klub SC Freiburg. 1989.05.30 Za\u0142o\u017cono boliwijski klub La Paz FC. 1913.05.30 Urodzi\u0142 si\u0119 G\u00e9za Kalocsay, w\u0119gierski napastnik, uczestnik mundialu 1934, jako trener mistrz Polski 1967 z G\u00f3rnikiem Zabrze (zm. 2008) 1934.05.30 Urodzi\u0142 si\u0119 Alkietas Panagulias, grecki pi\u0142karz i trener, prowadzi\u0142 reprezentacj\u0119 Grecji z kt\u00f3r\u0105 awansowa\u0142 do [&hellip;]<\/p>\n","protected":false},"author":3,"featured_media":12991,"comment_status":"closed","ping_status":"open","sticky":false,"template":"","format":"standard","meta":{"_acf_changed":false,"footnotes":""},"categories":[144],"tags":[143],"class_list":["post-7506","post","type-post","status-publish","format-standard","has-post-thumbnail","hentry","category-kartka-z-kalendarza","tag-kalendarium"],"acf":[],"_links":{"self":[{"href":"https:\/\/kronika-futbolu.pl\/historia\/wp-json\/wp\/v2\/posts\/7506","targetHints":{"allow":["GET"]}}],"collection":[{"href":"https:\/\/kronika-futbolu.pl\/historia\/wp-json\/wp\/v2\/posts"}],"about":[{"href":"https:\/\/kronika-futbolu.pl\/historia\/wp-json\/wp\/v2\/types\/post"}],"author":[{"embeddable":true,"href":"https:\/\/kronika-futbolu.pl\/historia\/wp-json\/wp\/v2\/users\/3"}],"replies":[{"embeddable":true,"href":"https:\/\/kronika-futbolu.pl\/historia\/wp-json\/wp\/v2\/comments?post=7506"}],"version-history":[{"count":1,"href":"https:\/\/kronika-futbolu.pl\/historia\/wp-json\/wp\/v2\/posts\/7506\/revisions"}],"predecessor-version":[{"id":13147,"href":"https:\/\/kronika-futbolu.pl\/historia\/wp-json\/wp\/v2\/posts\/7506\/revisions\/13147"}],"wp:featuredmedia":[{"embeddable":true,"href":"https:\/\/kronika-futbolu.pl\/historia\/wp-json\/wp\/v2\/media\/12991"}],"wp:attachment":[{"href":"https:\/\/kronika-futbolu.pl\/historia\/wp-json\/wp\/v2\/media?parent=7506"}],"wp:term":[{"taxonomy":"category","embeddable":true,"href":"https:\/\/kronika-futbolu.pl\/historia\/wp-json\/wp\/v2\/categories?post=7506"},{"taxonomy":"post_tag","embeddable":true,"href":"https:\/\/kronika-futbolu.pl\/historia\/wp-json\/wp\/v2\/tags?post=7506"}],"curies":[{"name":"wp","href":"https:\/\/api.w.org\/{rel}","templated":true}]}}