{"id":7515,"date":"2020-06-02T00:02:45","date_gmt":"2020-06-01T22:02:45","guid":{"rendered":"https:\/\/kronika-futbolu.pl\/historia\/?p=7515"},"modified":"2022-10-15T12:21:58","modified_gmt":"2022-10-15T10:21:58","slug":"pilkarska-kartka-kalendarza-1-czerwca","status":"publish","type":"post","link":"https:\/\/kronika-futbolu.pl\/historia\/pilkarska-kartka-kalendarza-1-czerwca\/","title":{"rendered":"Pi\u0142karska kartka z kalendarza 2 czerwca"},"content":{"rendered":"<div id=\"ez-toc-container\" class=\"ez-toc-v2_0_75 counter-hierarchy ez-toc-counter ez-toc-grey ez-toc-container-direction\">\n<div class=\"ez-toc-title-container\">\n<p class=\"ez-toc-title\" style=\"cursor:inherit\">Table of Contents<\/p>\n<span class=\"ez-toc-title-toggle\"><a href=\"#\" class=\"ez-toc-pull-right ez-toc-btn ez-toc-btn-xs ez-toc-btn-default ez-toc-toggle\" aria-label=\"Toggle Table of Content\"><span class=\"ez-toc-js-icon-con\"><span class=\"\"><span class=\"eztoc-hide\" style=\"display:none;\">Toggle<\/span><span class=\"ez-toc-icon-toggle-span\"><svg style=\"fill: #999;color:#999\" xmlns=\"http:\/\/www.w3.org\/2000\/svg\" class=\"list-377408\" width=\"20px\" height=\"20px\" viewBox=\"0 0 24 24\" fill=\"none\"><path d=\"M6 6H4v2h2V6zm14 0H8v2h12V6zM4 11h2v2H4v-2zm16 0H8v2h12v-2zM4 16h2v2H4v-2zm16 0H8v2h12v-2z\" fill=\"currentColor\"><\/path><\/svg><svg style=\"fill: #999;color:#999\" class=\"arrow-unsorted-368013\" xmlns=\"http:\/\/www.w3.org\/2000\/svg\" width=\"10px\" height=\"10px\" viewBox=\"0 0 24 24\" version=\"1.2\" baseProfile=\"tiny\"><path d=\"M18.2 9.3l-6.2-6.3-6.2 6.3c-.2.2-.3.4-.3.7s.1.5.3.7c.2.2.4.3.7.3h11c.3 0 .5-.1.7-.3.2-.2.3-.5.3-.7s-.1-.5-.3-.7zM5.8 14.7l6.2 6.3 6.2-6.3c.2-.2.3-.5.3-.7s-.1-.5-.3-.7c-.2-.2-.4-.3-.7-.3h-11c-.3 0-.5.1-.7.3-.2.2-.3.5-.3.7s.1.5.3.7z\"\/><\/svg><\/span><\/span><\/span><\/a><\/span><\/div>\n<nav><ul class='ez-toc-list ez-toc-list-level-1 ' ><li class='ez-toc-page-1 ez-toc-heading-level-4'><a class=\"ez-toc-link ez-toc-heading-1\" href=\"https:\/\/kronika-futbolu.pl\/historia\/pilkarska-kartka-kalendarza-1-czerwca\/#Pilkarska_kartka_z_kalendarza_2_czerwca\" >Pi\u0142karska kartka z kalendarza 2 czerwca<\/a><\/li><li class='ez-toc-page-1 ez-toc-heading-level-4'><a class=\"ez-toc-link ez-toc-heading-2\" href=\"https:\/\/kronika-futbolu.pl\/historia\/pilkarska-kartka-kalendarza-1-czerwca\/#Zobacz_takze\" >Zobacz tak\u017ce:<\/a><ul class='ez-toc-list-level-5' ><li class='ez-toc-heading-level-5'><a class=\"ez-toc-link ez-toc-heading-3\" href=\"https:\/\/kronika-futbolu.pl\/historia\/pilkarska-kartka-kalendarza-1-czerwca\/#Lista_meczow_reprezentacji_Polski\" >Lista mecz\u00f3w reprezentacji Polski.<\/a><\/li><li class='ez-toc-page-1 ez-toc-heading-level-5'><a class=\"ez-toc-link ez-toc-heading-4\" href=\"https:\/\/kronika-futbolu.pl\/historia\/pilkarska-kartka-kalendarza-1-czerwca\/#Pilkarska_kartka_z_kalendarza_31_maja\" >Pi\u0142karska kartka z kalendarza 31 maja.<\/a><\/li><li class='ez-toc-page-1 ez-toc-heading-level-5'><a class=\"ez-toc-link ez-toc-heading-5\" href=\"https:\/\/kronika-futbolu.pl\/historia\/pilkarska-kartka-kalendarza-1-czerwca\/#Rocznica_tragedii_w_Gabonie\" >Rocznica tragedii w Gabonie.<\/a><\/li><li class='ez-toc-page-1 ez-toc-heading-level-5'><a class=\"ez-toc-link ez-toc-heading-6\" href=\"https:\/\/kronika-futbolu.pl\/historia\/pilkarska-kartka-kalendarza-1-czerwca\/#12_kwietnia_1891_poczatek_ligi_argentynskiej\" >12 kwietnia 1891 pocz\u0105tek ligi argenty\u0144skiej.<\/a><\/li><\/ul><\/li><li class='ez-toc-page-1 ez-toc-heading-level-4'><a class=\"ez-toc-link ez-toc-heading-7\" href=\"https:\/\/kronika-futbolu.pl\/historia\/pilkarska-kartka-kalendarza-1-czerwca\/#i\" >\u00a0<\/a><\/li><li class='ez-toc-page-1 ez-toc-heading-level-4'><a class=\"ez-toc-link ez-toc-heading-8\" href=\"https:\/\/kronika-futbolu.pl\/historia\/pilkarska-kartka-kalendarza-1-czerwca\/#Masz_pytania_Chcesz_sie_dowiedziec_wiecej_Pisz_smialo\" >Masz pytania ? Chcesz si\u0119 dowiedzie\u0107 wi\u0119cej ? Pisz \u015bmia\u0142o !<\/a><\/li><\/ul><\/nav><\/div>\n<h4><span class=\"ez-toc-section\" id=\"Pilkarska_kartka_z_kalendarza_2_czerwca\"><\/span>Pi\u0142karska kartka z kalendarza 2 czerwca<span class=\"ez-toc-section-end\"><\/span><\/h4>\n<p>1900.06.02 Za\u0142o\u017cono niemiecki klub pi\u0142karski <strong>1. FC Kaiserslautern<\/strong>.<\/p>\n<p>1904.06.02 Urodzi\u0142 si\u0119 <strong>Franti\u0161ek Pl\u00e1ni\u010dka<\/strong>, czeski bramkarz, wicemistrz \u015bwiata 1934, legenda Czechos\u0142owackiej pi\u0142ki (zm. 1996)<\/p>\n<p>1903.06.02 Za\u0142o\u017cono du\u0144ski klub pi\u0142karski<strong> B 1903 Kopenhaga<\/strong>.<\/p>\n<p>1951.06.02 Urodzi\u0142 si\u0119 <strong>Arnold M\u00fchren<\/strong>, holenderski pomocnik, mistrz Europy 1988<\/p>\n<p>1969.06.02 Urodzi\u0142 si\u0119 <strong>Paulo S\u00e9rgio<\/strong>, brazylijski pomocnik, mistrz \u015bwiata 1994, zdobywca Ligi Mistrz\u00f3w 2001 z Bayernem<\/p>\n<p>1988.06.02 Urodzi\u0142 si\u0119 S<strong>ergio Ag\u00fcero<\/strong>, argenty\u0144ski napastnik, mistrz olimpijski 2008<\/p>\n<p>1963-06-02 <strong> Polska &#8211; Rumunia <\/strong> 1-1 MT Chorz\u00f3w bramki: Eugeniusz Faber 88&#8242;- Iuliu Haidu 64&#8242;<\/p>\n<p>1986-06-02 <strong>Polska &#8211; Maroko<\/strong> 0-0 M\u015a 1986 Monterrey<\/p>\n<p>1996-06-02 <strong>Rosja &#8211; Polska<\/strong> 2-0 MT Moskwa bramki: Yuriy Kovtun 21&#8242;, Vladimir Beschastnykh 72&#8242;<\/p>\n<p>2001-06-02 <strong>Walia &#8211; Polska <\/strong> 1-2 EM\u015a 2002 Cardiff bramki: Nathan Blake 14&#8242;- Emmanuel Olisadebe 32&#8242;, Pawe\u0142 Krysza\u0142owicz 72&#8242;<\/p>\n<p>2007-06-02 <strong>Azerbejd\u017can &#8211; Polska<\/strong> 1-3 EME 2008 Baku bramki: Branimir Suba\u015fi\u00e7 5&#8242;- Euzebiusz Smolarek 63&#8242;, Jacek Krzyn\u00f3wek 66&#8242;,90&#8242;<\/p>\n<p>2010-06-02 <strong>Polska-Serbia<\/strong> 0-0 MT Kufstein (Austria)<\/p>\n<p>2012-06-02 <strong>Polska-Andora<\/strong> 4-0 MT Warszawa bramki: Ludovic Obraniak 13&#8242;, Robert Lewandowski 37&#8242;, Jakub B\u0142aszczykowski 39&#8242;-k, Marcin Wasilewski 77&#8242;-k<\/p>\n<p>&nbsp;<\/p>\n<p>&nbsp;<\/p>\n<h4><span class=\"ez-toc-section\" id=\"Zobacz_takze\"><\/span><strong>Zobacz tak\u017ce:<\/strong><span class=\"ez-toc-section-end\"><\/span><\/h4>\n<p>&nbsp;<\/p>\n<h5><span class=\"ez-toc-section\" id=\"Lista_meczow_reprezentacji_Polski\"><\/span><a href=\"\/historia\/reprezentacja-polski-mecze\/\">Lista mecz\u00f3w reprezentacji Polski.<\/a><span class=\"ez-toc-section-end\"><\/span><\/h5>\n<h5><span class=\"ez-toc-section\" id=\"Pilkarska_kartka_z_kalendarza_31_maja\"><\/span><a href=\"\/historia\/pilkarska-kartka-z-kalendarza-31-maja\/\">Pi\u0142karska kartka z kalendarza 31 maja.<\/a><span class=\"ez-toc-section-end\"><\/span><\/h5>\n<h5><span class=\"ez-toc-section\" id=\"Rocznica_tragedii_w_Gabonie\"><\/span><a href=\"\/historia\/22-lata-od-tragedii-w-gabonie\/\">Rocznica tragedii w Gabonie.<\/a><span class=\"ez-toc-section-end\"><\/span><\/h5>\n<h5><span class=\"ez-toc-section\" id=\"12_kwietnia_1891_poczatek_ligi_argentynskiej\"><\/span><a href=\"\/historia\/12-kwietnia-1891-poczatek-ligi-argentynskiej\/\">12 kwietnia 1891 pocz\u0105tek ligi argenty\u0144skiej.<\/a><span class=\"ez-toc-section-end\"><\/span><\/h5>\n<p>&nbsp;<\/p>\n<h4><span class=\"ez-toc-section\" id=\"i\"><\/span>\u00a0<span class=\"ez-toc-section-end\"><\/span><\/h4>\n<h4><span class=\"ez-toc-section\" id=\"Masz_pytania_Chcesz_sie_dowiedziec_wiecej_Pisz_smialo\"><\/span>Masz pytania ? Chcesz si\u0119 dowiedzie\u0107 wi\u0119cej ? Pisz \u015bmia\u0142o !<span class=\"ez-toc-section-end\"><\/span><\/h4>\n<p>&nbsp;<\/p>\n","protected":false},"excerpt":{"rendered":"<p>Pi\u0142karska kartka z kalendarza 2 czerwca 1900.06.02 Za\u0142o\u017cono niemiecki klub pi\u0142karski 1. FC Kaiserslautern. 1904.06.02 Urodzi\u0142 si\u0119 Franti\u0161ek Pl\u00e1ni\u010dka, czeski bramkarz, wicemistrz \u015bwiata 1934, legenda Czechos\u0142owackiej pi\u0142ki (zm. 1996) 1903.06.02 Za\u0142o\u017cono du\u0144ski klub pi\u0142karski B 1903 Kopenhaga. 1951.06.02 Urodzi\u0142 si\u0119 Arnold M\u00fchren, holenderski pomocnik, mistrz Europy 1988 1969.06.02 Urodzi\u0142 si\u0119 Paulo S\u00e9rgio, brazylijski pomocnik, mistrz [&hellip;]<\/p>\n","protected":false},"author":3,"featured_media":12991,"comment_status":"closed","ping_status":"open","sticky":false,"template":"","format":"standard","meta":{"_acf_changed":false,"footnotes":""},"categories":[144],"tags":[538,143],"class_list":["post-7515","post","type-post","status-publish","format-standard","has-post-thumbnail","hentry","category-kartka-z-kalendarza","tag-czerwiec","tag-kalendarium"],"acf":[],"_links":{"self":[{"href":"https:\/\/kronika-futbolu.pl\/historia\/wp-json\/wp\/v2\/posts\/7515","targetHints":{"allow":["GET"]}}],"collection":[{"href":"https:\/\/kronika-futbolu.pl\/historia\/wp-json\/wp\/v2\/posts"}],"about":[{"href":"https:\/\/kronika-futbolu.pl\/historia\/wp-json\/wp\/v2\/types\/post"}],"author":[{"embeddable":true,"href":"https:\/\/kronika-futbolu.pl\/historia\/wp-json\/wp\/v2\/users\/3"}],"replies":[{"embeddable":true,"href":"https:\/\/kronika-futbolu.pl\/historia\/wp-json\/wp\/v2\/comments?post=7515"}],"version-history":[{"count":3,"href":"https:\/\/kronika-futbolu.pl\/historia\/wp-json\/wp\/v2\/posts\/7515\/revisions"}],"predecessor-version":[{"id":13146,"href":"https:\/\/kronika-futbolu.pl\/historia\/wp-json\/wp\/v2\/posts\/7515\/revisions\/13146"}],"wp:featuredmedia":[{"embeddable":true,"href":"https:\/\/kronika-futbolu.pl\/historia\/wp-json\/wp\/v2\/media\/12991"}],"wp:attachment":[{"href":"https:\/\/kronika-futbolu.pl\/historia\/wp-json\/wp\/v2\/media?parent=7515"}],"wp:term":[{"taxonomy":"category","embeddable":true,"href":"https:\/\/kronika-futbolu.pl\/historia\/wp-json\/wp\/v2\/categories?post=7515"},{"taxonomy":"post_tag","embeddable":true,"href":"https:\/\/kronika-futbolu.pl\/historia\/wp-json\/wp\/v2\/tags?post=7515"}],"curies":[{"name":"wp","href":"https:\/\/api.w.org\/{rel}","templated":true}]}}