{"id":7522,"date":"2020-06-05T00:01:32","date_gmt":"2020-06-04T22:01:32","guid":{"rendered":"https:\/\/kronika-futbolu.pl\/historia\/?p=7522"},"modified":"2020-06-05T00:01:32","modified_gmt":"2020-06-04T22:01:32","slug":"pilkarska-kartka-kalendarza-5-czerwca","status":"publish","type":"post","link":"https:\/\/kronika-futbolu.pl\/historia\/pilkarska-kartka-kalendarza-5-czerwca\/","title":{"rendered":"Pi\u0142karska kartka z kalendarza 5 czerwca"},"content":{"rendered":"<div id=\"ez-toc-container\" class=\"ez-toc-v2_0_75 counter-hierarchy ez-toc-counter ez-toc-grey ez-toc-container-direction\">\n<div class=\"ez-toc-title-container\">\n<p class=\"ez-toc-title\" style=\"cursor:inherit\">Table of Contents<\/p>\n<span class=\"ez-toc-title-toggle\"><a href=\"#\" class=\"ez-toc-pull-right ez-toc-btn ez-toc-btn-xs ez-toc-btn-default ez-toc-toggle\" aria-label=\"Toggle Table of Content\"><span class=\"ez-toc-js-icon-con\"><span class=\"\"><span class=\"eztoc-hide\" style=\"display:none;\">Toggle<\/span><span class=\"ez-toc-icon-toggle-span\"><svg style=\"fill: #999;color:#999\" xmlns=\"http:\/\/www.w3.org\/2000\/svg\" class=\"list-377408\" width=\"20px\" height=\"20px\" viewBox=\"0 0 24 24\" fill=\"none\"><path d=\"M6 6H4v2h2V6zm14 0H8v2h12V6zM4 11h2v2H4v-2zm16 0H8v2h12v-2zM4 16h2v2H4v-2zm16 0H8v2h12v-2z\" fill=\"currentColor\"><\/path><\/svg><svg style=\"fill: #999;color:#999\" class=\"arrow-unsorted-368013\" xmlns=\"http:\/\/www.w3.org\/2000\/svg\" width=\"10px\" height=\"10px\" viewBox=\"0 0 24 24\" version=\"1.2\" baseProfile=\"tiny\"><path d=\"M18.2 9.3l-6.2-6.3-6.2 6.3c-.2.2-.3.4-.3.7s.1.5.3.7c.2.2.4.3.7.3h11c.3 0 .5-.1.7-.3.2-.2.3-.5.3-.7s-.1-.5-.3-.7zM5.8 14.7l6.2 6.3 6.2-6.3c.2-.2.3-.5.3-.7s-.1-.5-.3-.7c-.2-.2-.4-.3-.7-.3h-11c-.3 0-.5.1-.7.3-.2.2-.3.5-.3.7s.1.5.3.7z\"\/><\/svg><\/span><\/span><\/span><\/a><\/span><\/div>\n<nav><ul class='ez-toc-list ez-toc-list-level-1 ' ><li class='ez-toc-page-1 ez-toc-heading-level-4'><a class=\"ez-toc-link ez-toc-heading-1\" href=\"https:\/\/kronika-futbolu.pl\/historia\/pilkarska-kartka-kalendarza-5-czerwca\/#Pilkarska_kartka_z_kalendarza_5_czerwca\" >Pi\u0142karska kartka z kalendarza 5 czerwca<\/a><\/li><li class='ez-toc-page-1 ez-toc-heading-level-4'><a class=\"ez-toc-link ez-toc-heading-2\" href=\"https:\/\/kronika-futbolu.pl\/historia\/pilkarska-kartka-kalendarza-5-czerwca\/#Zobacz_takze\" >Zobacz tak\u017ce:<\/a><ul class='ez-toc-list-level-5' ><li class='ez-toc-heading-level-5'><a class=\"ez-toc-link ez-toc-heading-3\" href=\"https:\/\/kronika-futbolu.pl\/historia\/pilkarska-kartka-kalendarza-5-czerwca\/#Lista_meczow_reprezentacji_Polski\" >Lista mecz\u00f3w reprezentacji Polski.<\/a><\/li><li class='ez-toc-page-1 ez-toc-heading-level-5'><a class=\"ez-toc-link ez-toc-heading-4\" href=\"https:\/\/kronika-futbolu.pl\/historia\/pilkarska-kartka-kalendarza-5-czerwca\/#Pilkarska_kartka_z_kalendarza_4_czerwca\" >Pi\u0142karska kartka z kalendarza 4 czerwca.<\/a><\/li><li class='ez-toc-page-1 ez-toc-heading-level-5'><a class=\"ez-toc-link ez-toc-heading-5\" href=\"https:\/\/kronika-futbolu.pl\/historia\/pilkarska-kartka-kalendarza-5-czerwca\/#Rocznica_tragedii_w_Gabonie\" >Rocznica tragedii w Gabonie.<\/a><\/li><li class='ez-toc-page-1 ez-toc-heading-level-5'><a class=\"ez-toc-link ez-toc-heading-6\" href=\"https:\/\/kronika-futbolu.pl\/historia\/pilkarska-kartka-kalendarza-5-czerwca\/#12_kwietnia_1891_poczatek_ligi_argentynskiej\" >12 kwietnia 1891 pocz\u0105tek ligi argenty\u0144skiej.<\/a><\/li><\/ul><\/li><li class='ez-toc-page-1 ez-toc-heading-level-4'><a class=\"ez-toc-link ez-toc-heading-7\" href=\"https:\/\/kronika-futbolu.pl\/historia\/pilkarska-kartka-kalendarza-5-czerwca\/#Masz_pytania_Chcesz_sie_dowiedziec_wiecej_Pisz_smialo\" >Masz pytania ? Chcesz si\u0119 dowiedzie\u0107 wi\u0119cej ? Pisz \u015bmia\u0142o !<\/a><\/li><\/ul><\/nav><\/div>\n<h4><span class=\"ez-toc-section\" id=\"Pilkarska_kartka_z_kalendarza_5_czerwca\"><\/span>Pi\u0142karska kartka z kalendarza 5 czerwca<span class=\"ez-toc-section-end\"><\/span><\/h4>\n<p>1904.06.05 Za\u0142o\u017cono paragwajski klub <strong>Nacional Asunci\u00f3n<\/strong>.<\/p>\n<p>1920.06.05 Urodzi\u0142 si\u0119 <strong>Tadeusz \u015awicarz<\/strong>, napastnik, tak\u017ce hokeista, zawodnik min. Legii, Polonii (zm. 2002)<\/p>\n<p>1965.06.05 Urodzi\u0142 si\u0119 <strong>Juliusz Kruszankin<\/strong>, trener, obro\u0144ca, mistrz Polski 1994 i 1995 z Legi\u0105<\/p>\n<p>1967.06.05 Urodzi\u0142 si\u0119 J<strong>acek Bednarz<\/strong>, obro\u0144ca\/pomocnik, mistrz Polski 1995 z Legi\u0105<\/p>\n<p><strong>1938.06.05 W swym pierwszym w historii wyst\u0119pie na Mistrzostwach \u015awiata w Pi\u0142ce No\u017cnej rozgrywanych we Francji, Polska przegra\u0142a w Strasburgu po dogrywce z Brazyli\u0105 5:6 i odpad\u0142a z turnieju bramki: Le\u00f4nidas 18&#8242;, 93&#8242;,114&#8242;, Romeu Pellicciari 25&#8242;, Jos\u00e9 Per\u00e1cio 44&#8242;,71&#8242;- Fryderyk Scherfke 23&#8242;-k, Ernest Wilimowski 53&#8242;,59&#8242;,90&#8242;,119&#8242;<\/strong><\/p>\n<p><img loading=\"lazy\" decoding=\"async\" class=\"alignleft size-full wp-image-9036\" src=\"\/historia\/wp-content\/uploads\/2020\/06\/5.png\" alt=\"\" width=\"940\" height=\"788\"><\/p>\n<p>1966-06-05 <strong>Brazylia &#8211; Polska <\/strong> 4-1 MT Belo Horizonte bramki: Alcindo 21&#8242;, Tost\u00e3o 41&#8242;, 56&#8242;, Den\u00edlson 69&#8242;- Jan Liberda 38&#8242;<\/p>\n<p>2004-06-05 <strong>Szwecja &#8211; Polska <\/strong> 3-1 MT Sztokholm bramki: Henrik Larsson 41&#8242;, Andreas Jakobsson 54&#8242;, Marcus Allb\u00e4ck 72&#8242;- Damian Gorawski 88&#8242;<\/p>\n<p>2011-06-05 <strong>Polska-Argentyna <\/strong> 2-1 MT Warszawa bramki: Adrian Mierzejewski 26&#8242;, Pawe\u0142 Bro\u017cek 67&#8242;- Marco Rub\u00e9n 47&#8242;<\/p>\n<h4><span class=\"ez-toc-section\" id=\"Zobacz_takze\"><\/span><strong>Zobacz tak\u017ce:<\/strong><span class=\"ez-toc-section-end\"><\/span><\/h4>\n<h5><span class=\"ez-toc-section\" id=\"Lista_meczow_reprezentacji_Polski\"><\/span><a href=\"\/historia\/reprezentacja-polski-mecze\/\">Lista mecz\u00f3w reprezentacji Polski.<\/a><span class=\"ez-toc-section-end\"><\/span><\/h5>\n<h5><span class=\"ez-toc-section\" id=\"Pilkarska_kartka_z_kalendarza_4_czerwca\"><\/span><a href=\"\/historia\/pilkarska-kartka-kalendarza-4-czerwca\/\">Pi\u0142karska kartka z kalendarza 4 czerwca.<\/a><span class=\"ez-toc-section-end\"><\/span><\/h5>\n<h5><span class=\"ez-toc-section\" id=\"Rocznica_tragedii_w_Gabonie\"><\/span><a href=\"\/historia\/22-lata-od-tragedii-w-gabonie\/\">Rocznica tragedii w Gabonie.<\/a><span class=\"ez-toc-section-end\"><\/span><\/h5>\n<h5><span class=\"ez-toc-section\" id=\"12_kwietnia_1891_poczatek_ligi_argentynskiej\"><\/span><a href=\"\/historia\/12-kwietnia-1891-poczatek-ligi-argentynskiej\/\">12 kwietnia 1891 pocz\u0105tek ligi argenty\u0144skiej.<\/a><span class=\"ez-toc-section-end\"><\/span><\/h5>\n<h4> <\/h4>\n<h4><span class=\"ez-toc-section\" id=\"Masz_pytania_Chcesz_sie_dowiedziec_wiecej_Pisz_smialo\"><\/span>Masz pytania ? Chcesz si\u0119 dowiedzie\u0107 wi\u0119cej ? Pisz \u015bmia\u0142o ! <span class=\"ez-toc-section-end\"><\/span><\/h4>\n","protected":false},"excerpt":{"rendered":"<p>Pi\u0142karska kartka z kalendarza 5 czerwca 1904.06.05 Za\u0142o\u017cono paragwajski klub Nacional Asunci\u00f3n. 1920.06.05 Urodzi\u0142 si\u0119 Tadeusz \u015awicarz, napastnik, tak\u017ce hokeista, zawodnik min. Legii, Polonii (zm. 2002) 1965.06.05 Urodzi\u0142 si\u0119 Juliusz Kruszankin, trener, obro\u0144ca, mistrz Polski 1994 i 1995 z Legi\u0105 1967.06.05 Urodzi\u0142 si\u0119 Jacek Bednarz, obro\u0144ca\/pomocnik, mistrz Polski 1995 z Legi\u0105 1938.06.05 W swym pierwszym [&hellip;]<\/p>\n","protected":false},"author":3,"featured_media":0,"comment_status":"closed","ping_status":"open","sticky":false,"template":"","format":"standard","meta":{"_acf_changed":false,"footnotes":""},"categories":[144],"tags":[143],"class_list":["post-7522","post","type-post","status-publish","format-standard","hentry","category-kartka-z-kalendarza","tag-kalendarium"],"acf":[],"_links":{"self":[{"href":"https:\/\/kronika-futbolu.pl\/historia\/wp-json\/wp\/v2\/posts\/7522","targetHints":{"allow":["GET"]}}],"collection":[{"href":"https:\/\/kronika-futbolu.pl\/historia\/wp-json\/wp\/v2\/posts"}],"about":[{"href":"https:\/\/kronika-futbolu.pl\/historia\/wp-json\/wp\/v2\/types\/post"}],"author":[{"embeddable":true,"href":"https:\/\/kronika-futbolu.pl\/historia\/wp-json\/wp\/v2\/users\/3"}],"replies":[{"embeddable":true,"href":"https:\/\/kronika-futbolu.pl\/historia\/wp-json\/wp\/v2\/comments?post=7522"}],"version-history":[{"count":0,"href":"https:\/\/kronika-futbolu.pl\/historia\/wp-json\/wp\/v2\/posts\/7522\/revisions"}],"wp:attachment":[{"href":"https:\/\/kronika-futbolu.pl\/historia\/wp-json\/wp\/v2\/media?parent=7522"}],"wp:term":[{"taxonomy":"category","embeddable":true,"href":"https:\/\/kronika-futbolu.pl\/historia\/wp-json\/wp\/v2\/categories?post=7522"},{"taxonomy":"post_tag","embeddable":true,"href":"https:\/\/kronika-futbolu.pl\/historia\/wp-json\/wp\/v2\/tags?post=7522"}],"curies":[{"name":"wp","href":"https:\/\/api.w.org\/{rel}","templated":true}]}}