{"id":7526,"date":"2020-06-06T00:01:07","date_gmt":"2020-06-05T22:01:07","guid":{"rendered":"https:\/\/kronika-futbolu.pl\/historia\/?p=7526"},"modified":"2024-10-22T16:31:25","modified_gmt":"2024-10-22T14:31:25","slug":"pilkarska-kartka-kalendarza-6-czerwca","status":"publish","type":"post","link":"https:\/\/kronika-futbolu.pl\/historia\/pilkarska-kartka-kalendarza-6-czerwca\/","title":{"rendered":"Pi\u0142karska kartka z kalendarza 6 czerwca"},"content":{"rendered":"<div id=\"ez-toc-container\" class=\"ez-toc-v2_0_75 counter-hierarchy ez-toc-counter ez-toc-grey ez-toc-container-direction\">\n<div class=\"ez-toc-title-container\">\n<p class=\"ez-toc-title\" style=\"cursor:inherit\">Table of Contents<\/p>\n<span class=\"ez-toc-title-toggle\"><a href=\"#\" class=\"ez-toc-pull-right ez-toc-btn ez-toc-btn-xs ez-toc-btn-default ez-toc-toggle\" aria-label=\"Toggle Table of Content\"><span class=\"ez-toc-js-icon-con\"><span class=\"\"><span class=\"eztoc-hide\" style=\"display:none;\">Toggle<\/span><span class=\"ez-toc-icon-toggle-span\"><svg style=\"fill: #999;color:#999\" xmlns=\"http:\/\/www.w3.org\/2000\/svg\" class=\"list-377408\" width=\"20px\" height=\"20px\" viewBox=\"0 0 24 24\" fill=\"none\"><path d=\"M6 6H4v2h2V6zm14 0H8v2h12V6zM4 11h2v2H4v-2zm16 0H8v2h12v-2zM4 16h2v2H4v-2zm16 0H8v2h12v-2z\" fill=\"currentColor\"><\/path><\/svg><svg style=\"fill: #999;color:#999\" class=\"arrow-unsorted-368013\" xmlns=\"http:\/\/www.w3.org\/2000\/svg\" width=\"10px\" height=\"10px\" viewBox=\"0 0 24 24\" version=\"1.2\" baseProfile=\"tiny\"><path d=\"M18.2 9.3l-6.2-6.3-6.2 6.3c-.2.2-.3.4-.3.7s.1.5.3.7c.2.2.4.3.7.3h11c.3 0 .5-.1.7-.3.2-.2.3-.5.3-.7s-.1-.5-.3-.7zM5.8 14.7l6.2 6.3 6.2-6.3c.2-.2.3-.5.3-.7s-.1-.5-.3-.7c-.2-.2-.4-.3-.7-.3h-11c-.3 0-.5.1-.7.3-.2.2-.3.5-.3.7s.1.5.3.7z\"\/><\/svg><\/span><\/span><\/span><\/a><\/span><\/div>\n<nav><ul class='ez-toc-list ez-toc-list-level-1 ' ><li class='ez-toc-page-1 ez-toc-heading-level-4'><a class=\"ez-toc-link ez-toc-heading-1\" href=\"https:\/\/kronika-futbolu.pl\/historia\/pilkarska-kartka-kalendarza-6-czerwca\/#Pilkarska_kartka_z_kalendarza_6_czerwca\" >Pi\u0142karska kartka z kalendarza 6 czerwca<\/a><ul class='ez-toc-list-level-5' ><li class='ez-toc-heading-level-5'><a class=\"ez-toc-link ez-toc-heading-2\" href=\"https:\/\/kronika-futbolu.pl\/historia\/pilkarska-kartka-kalendarza-6-czerwca\/#Wiecej_przeczytacie_w_artykule_Wladyslaw_Zmuda_%E2%80%93_milczacy_stoper_nie_do_przejscia\" >Wi\u0119cej przeczytacie w artykule: W\u0142adys\u0142aw \u017bmuda &#8211; milcz\u0105cy stoper nie do przej\u015bcia<\/a><\/li><\/ul><\/li><li class='ez-toc-page-1 ez-toc-heading-level-4'><a class=\"ez-toc-link ez-toc-heading-3\" href=\"https:\/\/kronika-futbolu.pl\/historia\/pilkarska-kartka-kalendarza-6-czerwca\/#Zobacz_takze\" >Zobacz tak\u017ce:<\/a><ul class='ez-toc-list-level-5' ><li class='ez-toc-heading-level-5'><a class=\"ez-toc-link ez-toc-heading-4\" href=\"https:\/\/kronika-futbolu.pl\/historia\/pilkarska-kartka-kalendarza-6-czerwca\/#Lista_meczow_reprezentacji_Polski\" >Lista mecz\u00f3w reprezentacji Polski.<\/a><\/li><li class='ez-toc-page-1 ez-toc-heading-level-5'><a class=\"ez-toc-link ez-toc-heading-5\" href=\"https:\/\/kronika-futbolu.pl\/historia\/pilkarska-kartka-kalendarza-6-czerwca\/#Pilkarska_kartka_z_kalendarza_5_czerwca\" >Pi\u0142karska kartka z kalendarza 5 czerwca.<\/a><\/li><li class='ez-toc-page-1 ez-toc-heading-level-5'><a class=\"ez-toc-link ez-toc-heading-6\" href=\"https:\/\/kronika-futbolu.pl\/historia\/pilkarska-kartka-kalendarza-6-czerwca\/#Rocznica_tragedii_w_Gabonie\" >Rocznica tragedii w Gabonie.<\/a><\/li><li class='ez-toc-page-1 ez-toc-heading-level-5'><a class=\"ez-toc-link ez-toc-heading-7\" href=\"https:\/\/kronika-futbolu.pl\/historia\/pilkarska-kartka-kalendarza-6-czerwca\/#12_kwietnia_1891_poczatek_ligi_argentynskiej\" >12 kwietnia 1891 pocz\u0105tek ligi argenty\u0144skiej.<\/a><\/li><\/ul><\/li><\/ul><\/nav><\/div>\n<h4><span class=\"ez-toc-section\" id=\"Pilkarska_kartka_z_kalendarza_6_czerwca\"><\/span>Pi\u0142karska kartka z kalendarza 6 czerwca<span class=\"ez-toc-section-end\"><\/span><\/h4>\n<p>1889.06.06 Za\u0142o\u017cono klub <strong>Viktoria Berlin<\/strong>.<\/p>\n<p>1894.06.06 Za\u0142o\u017cono niemiecki klub <strong>Karlsruher SC<\/strong>.<\/p>\n<p>1912.06.06 Urodzi\u0142 si\u0119 <strong>Antoni Komendo-Borowski,<\/strong> napastnik, zawodnik Jagiellonii i Pogoni Lw\u00f3w, uczestnik bitwy o Monte Cassino (zm. 1984)<\/p>\n<p>1954.06.06 Urodzi\u0142 si\u0119 <strong>W\u0142adys\u0142aw \u017bmuda<\/strong>, obro\u0144ca, zdobywca 3 miejsca na Mistrzostwach \u015awiata 1974, 1982, wicemistrz olimpijski 1976, mistrz Polski 1977 ze \u015al\u0105skiem i 1981,1982 z Widzewem<\/p>\n<h5><span class=\"ez-toc-section\" id=\"Wiecej_przeczytacie_w_artykule_Wladyslaw_Zmuda_%E2%80%93_milczacy_stoper_nie_do_przejscia\"><\/span>Wi\u0119cej przeczytacie w artykule: W\u0142adys\u0142aw \u017bmuda &#8211; milcz\u0105cy stoper nie do przej\u015bcia<span class=\"ez-toc-section-end\"><\/span><\/h5>\n<p>1956.06.06 Urodzi\u0142 si\u0119 <strong>Ryszard W\u00f3jcik<\/strong>, s\u0119dzia pi\u0142karski, ostani Polak kt\u00f3ry prowadzi\u0142 mecz na Mistrzostwach \u015awiata (1998) s\u0119dziowa\u0142 te\u017c Superpuchar Europy 1999<\/p>\n<p>1963.06.06 Urodzi\u0142 si\u0119 <strong>Dariusz Kubicki<\/strong>, obro\u0144ca, wicemistrz Europy 1981 U-18<\/p>\n<p>1966.06.06 Urodzi\u0142 si\u0119 <strong>Anthony Yeboah<\/strong>, gha\u0144ski napastnik, kr\u00f3l strzelc\u00f3w Bundesligi 1993,1994<\/p>\n<p>1984.06.06 Urodzi\u0142 si\u0119 <strong>B\u0142a\u017cej Telichowski<\/strong>, zdobywca pucharu Polski 2004 z Lechem i 2007 z Dyskoboli\u0105<\/p>\n<p>1970.06.06 Urodzi\u0142 si\u0119 <strong>Albert Ferrer<\/strong>, trener, obro\u0144ca, mistrz olimpijski 1992 i zdobywca Pucharu Europy 1992 z Barcelon\u0105<\/p>\n<p>1978.06.06 W swym drugim meczu na pi\u0142karskich mistrzostwach \u015bwiata w Argentynie, <strong>Polska <\/strong>pokona\u0142a w Rosario Tunezj\u0119 1:0 a gola zdoby\u0142 Grzegorz Lato w 43&#8242;.<\/p>\n<p>1973-06-06 <strong>Polska &#8211; Anglia <\/strong> 2-0 EM\u015a 1974 Chorz\u00f3w bramki: Robert Gadocha 7&#8242;, W\u0142odzimierz Luba\u0144ski 47&#8242;<\/p>\n<p>1990-06-06 <strong>Belgia &#8211; Polska<\/strong> 1-1 MT Bruksela bramki: Marc Emmers 51&#8242;- Jacek Ziober 16&#8242;<\/p>\n<p>2001-06-06 <strong>Armenia &#8211; Polska <\/strong> 1-1 EM\u015a 2002 Erewa\u0144 bramki: Arthur Petrosyan 11&#8242;- Rados\u0142aw Ka\u0142u\u017cny 4&#8242;<\/p>\n<p>2003-06-06 <strong>Polska &#8211; Kazachstan<\/strong> 3-0 MT Pozna\u0144 bramki: Artur Wichniarek 2&#8242;, Tomasz Dawidowski 51&#8242;, Jacek Krzyn\u00f3wek 82&#8242;-k<\/p>\n<p>2007-06-06 <strong>Armenia &#8211; Polska<\/strong> 1-0 EME 2008 Erewa\u0144 gol: Hamlet Mchitarjan 65&#8242;<\/p>\n<p>2009-06-06 <strong>RPA-Polska <\/strong> 1-0 MT Johannesburg gol: Thembinkosi Fanteni 6&#8242;<\/p>\n<h4><span class=\"ez-toc-section\" id=\"Zobacz_takze\"><\/span><strong>Zobacz tak\u017ce:<\/strong><span class=\"ez-toc-section-end\"><\/span><\/h4>\n<h5><span class=\"ez-toc-section\" id=\"Lista_meczow_reprezentacji_Polski\"><\/span><a href=\"\/historia\/reprezentacja-polski-mecze\/\">Lista mecz\u00f3w reprezentacji Polski.<\/a><span class=\"ez-toc-section-end\"><\/span><\/h5>\n<h5><span class=\"ez-toc-section\" id=\"Pilkarska_kartka_z_kalendarza_5_czerwca\"><\/span><a href=\"\/historia\/pilkarska-kartka-kalendarza-5-czerwca\/\">Pi\u0142karska kartka z kalendarza 5 czerwca.<\/a><span class=\"ez-toc-section-end\"><\/span><\/h5>\n<h5><span class=\"ez-toc-section\" id=\"Rocznica_tragedii_w_Gabonie\"><\/span><a href=\"\/historia\/22-lata-od-tragedii-w-gabonie\/\">Rocznica tragedii w Gabonie.<\/a><span class=\"ez-toc-section-end\"><\/span><\/h5>\n<h5><span class=\"ez-toc-section\" id=\"12_kwietnia_1891_poczatek_ligi_argentynskiej\"><\/span><a href=\"\/historia\/12-kwietnia-1891-poczatek-ligi-argentynskiej\/\">12 kwietnia 1891 pocz\u0105tek ligi argenty\u0144skiej.<\/a><span class=\"ez-toc-section-end\"><\/span><\/h5>\n","protected":false},"excerpt":{"rendered":"<p>Pi\u0142karska kartka z kalendarza 6 czerwca 1889.06.06 Za\u0142o\u017cono klub Viktoria Berlin. 1894.06.06 Za\u0142o\u017cono niemiecki klub Karlsruher SC. 1912.06.06 Urodzi\u0142 si\u0119 Antoni Komendo-Borowski, napastnik, zawodnik Jagiellonii i Pogoni Lw\u00f3w, uczestnik bitwy o Monte Cassino (zm. 1984) 1954.06.06 Urodzi\u0142 si\u0119 W\u0142adys\u0142aw \u017bmuda, obro\u0144ca, zdobywca 3 miejsca na Mistrzostwach \u015awiata 1974, 1982, wicemistrz olimpijski 1976, mistrz Polski 1977 [&hellip;]<\/p>\n","protected":false},"author":3,"featured_media":12991,"comment_status":"closed","ping_status":"open","sticky":false,"template":"","format":"standard","meta":{"_acf_changed":false,"footnotes":""},"categories":[144],"tags":[143],"class_list":["post-7526","post","type-post","status-publish","format-standard","has-post-thumbnail","hentry","category-kartka-z-kalendarza","tag-kalendarium"],"acf":[],"_links":{"self":[{"href":"https:\/\/kronika-futbolu.pl\/historia\/wp-json\/wp\/v2\/posts\/7526","targetHints":{"allow":["GET"]}}],"collection":[{"href":"https:\/\/kronika-futbolu.pl\/historia\/wp-json\/wp\/v2\/posts"}],"about":[{"href":"https:\/\/kronika-futbolu.pl\/historia\/wp-json\/wp\/v2\/types\/post"}],"author":[{"embeddable":true,"href":"https:\/\/kronika-futbolu.pl\/historia\/wp-json\/wp\/v2\/users\/3"}],"replies":[{"embeddable":true,"href":"https:\/\/kronika-futbolu.pl\/historia\/wp-json\/wp\/v2\/comments?post=7526"}],"version-history":[{"count":2,"href":"https:\/\/kronika-futbolu.pl\/historia\/wp-json\/wp\/v2\/posts\/7526\/revisions"}],"predecessor-version":[{"id":14012,"href":"https:\/\/kronika-futbolu.pl\/historia\/wp-json\/wp\/v2\/posts\/7526\/revisions\/14012"}],"wp:featuredmedia":[{"embeddable":true,"href":"https:\/\/kronika-futbolu.pl\/historia\/wp-json\/wp\/v2\/media\/12991"}],"wp:attachment":[{"href":"https:\/\/kronika-futbolu.pl\/historia\/wp-json\/wp\/v2\/media?parent=7526"}],"wp:term":[{"taxonomy":"category","embeddable":true,"href":"https:\/\/kronika-futbolu.pl\/historia\/wp-json\/wp\/v2\/categories?post=7526"},{"taxonomy":"post_tag","embeddable":true,"href":"https:\/\/kronika-futbolu.pl\/historia\/wp-json\/wp\/v2\/tags?post=7526"}],"curies":[{"name":"wp","href":"https:\/\/api.w.org\/{rel}","templated":true}]}}