{"id":7529,"date":"2020-06-07T00:01:57","date_gmt":"2020-06-06T22:01:57","guid":{"rendered":"https:\/\/kronika-futbolu.pl\/historia\/?p=7529"},"modified":"2022-10-15T12:19:03","modified_gmt":"2022-10-15T10:19:03","slug":"pilkarska-kartka-kalendarza-7-czerwca","status":"publish","type":"post","link":"https:\/\/kronika-futbolu.pl\/historia\/pilkarska-kartka-kalendarza-7-czerwca\/","title":{"rendered":"Pi\u0142karska kartka z kalendarza 7 czerwca"},"content":{"rendered":"<div id=\"ez-toc-container\" class=\"ez-toc-v2_0_75 counter-hierarchy ez-toc-counter ez-toc-grey ez-toc-container-direction\">\n<div class=\"ez-toc-title-container\">\n<p class=\"ez-toc-title\" style=\"cursor:inherit\">Table of Contents<\/p>\n<span class=\"ez-toc-title-toggle\"><a href=\"#\" class=\"ez-toc-pull-right ez-toc-btn ez-toc-btn-xs ez-toc-btn-default ez-toc-toggle\" aria-label=\"Toggle Table of Content\"><span class=\"ez-toc-js-icon-con\"><span class=\"\"><span class=\"eztoc-hide\" style=\"display:none;\">Toggle<\/span><span class=\"ez-toc-icon-toggle-span\"><svg style=\"fill: #999;color:#999\" xmlns=\"http:\/\/www.w3.org\/2000\/svg\" class=\"list-377408\" width=\"20px\" height=\"20px\" viewBox=\"0 0 24 24\" fill=\"none\"><path d=\"M6 6H4v2h2V6zm14 0H8v2h12V6zM4 11h2v2H4v-2zm16 0H8v2h12v-2zM4 16h2v2H4v-2zm16 0H8v2h12v-2z\" fill=\"currentColor\"><\/path><\/svg><svg style=\"fill: #999;color:#999\" class=\"arrow-unsorted-368013\" xmlns=\"http:\/\/www.w3.org\/2000\/svg\" width=\"10px\" height=\"10px\" viewBox=\"0 0 24 24\" version=\"1.2\" baseProfile=\"tiny\"><path d=\"M18.2 9.3l-6.2-6.3-6.2 6.3c-.2.2-.3.4-.3.7s.1.5.3.7c.2.2.4.3.7.3h11c.3 0 .5-.1.7-.3.2-.2.3-.5.3-.7s-.1-.5-.3-.7zM5.8 14.7l6.2 6.3 6.2-6.3c.2-.2.3-.5.3-.7s-.1-.5-.3-.7c-.2-.2-.4-.3-.7-.3h-11c-.3 0-.5.1-.7.3-.2.2-.3.5-.3.7s.1.5.3.7z\"\/><\/svg><\/span><\/span><\/span><\/a><\/span><\/div>\n<nav><ul class='ez-toc-list ez-toc-list-level-1 ' ><li class='ez-toc-page-1 ez-toc-heading-level-4'><a class=\"ez-toc-link ez-toc-heading-1\" href=\"https:\/\/kronika-futbolu.pl\/historia\/pilkarska-kartka-kalendarza-7-czerwca\/#Pilkarska_kartka_z_kalendarza_7_czerwca\" >Pi\u0142karska kartka z kalendarza 7 czerwca<\/a><\/li><li class='ez-toc-page-1 ez-toc-heading-level-4'><a class=\"ez-toc-link ez-toc-heading-2\" href=\"https:\/\/kronika-futbolu.pl\/historia\/pilkarska-kartka-kalendarza-7-czerwca\/#Zobacz_takze\" >Zobacz tak\u017ce:<\/a><ul class='ez-toc-list-level-5' ><li class='ez-toc-heading-level-5'><a class=\"ez-toc-link ez-toc-heading-3\" href=\"https:\/\/kronika-futbolu.pl\/historia\/pilkarska-kartka-kalendarza-7-czerwca\/#Lista_meczow_reprezentacji_Polski\" >Lista mecz\u00f3w reprezentacji Polski.<\/a><\/li><li class='ez-toc-page-1 ez-toc-heading-level-5'><a class=\"ez-toc-link ez-toc-heading-4\" href=\"https:\/\/kronika-futbolu.pl\/historia\/pilkarska-kartka-kalendarza-7-czerwca\/#Pilkarska_kartka_z_kalendarza_5_czerwca\" >Pi\u0142karska kartka z kalendarza 5 czerwca.<\/a><\/li><li class='ez-toc-page-1 ez-toc-heading-level-5'><a class=\"ez-toc-link ez-toc-heading-5\" href=\"https:\/\/kronika-futbolu.pl\/historia\/pilkarska-kartka-kalendarza-7-czerwca\/#Rocznica_tragedii_w_Gabonie\" >Rocznica tragedii w Gabonie.<\/a><\/li><li class='ez-toc-page-1 ez-toc-heading-level-5'><a class=\"ez-toc-link ez-toc-heading-6\" href=\"https:\/\/kronika-futbolu.pl\/historia\/pilkarska-kartka-kalendarza-7-czerwca\/#12_kwietnia_1891_poczatek_ligi_argentynskiej\" >12 kwietnia 1891 pocz\u0105tek ligi argenty\u0144skiej.<\/a><\/li><\/ul><\/li><li class='ez-toc-page-1 ez-toc-heading-level-4'><a class=\"ez-toc-link ez-toc-heading-7\" href=\"https:\/\/kronika-futbolu.pl\/historia\/pilkarska-kartka-kalendarza-7-czerwca\/#i\" >\u00a0<\/a><\/li><li class='ez-toc-page-1 ez-toc-heading-level-4'><a class=\"ez-toc-link ez-toc-heading-8\" href=\"https:\/\/kronika-futbolu.pl\/historia\/pilkarska-kartka-kalendarza-7-czerwca\/#Masz_pytania_Chcesz_sie_dowiedziec_wiecej_Pisz_smialo\" >Masz pytania ? Chcesz si\u0119 dowiedzie\u0107 wi\u0119cej ? Pisz \u015bmia\u0142o !<\/a><\/li><\/ul><\/nav><\/div>\n<h4><span class=\"ez-toc-section\" id=\"Pilkarska_kartka_z_kalendarza_7_czerwca\"><\/span>Pi\u0142karska kartka z kalendarza 7 czerwca<span class=\"ez-toc-section-end\"><\/span><\/h4>\n<p>1898.06.07 W Bratys\u0142awie za\u0142o\u017cono klub pi\u0142karski <strong>FC Petr\u017ealka<\/strong> 1898 (jako Pozsonyi Torna Egyes\u00fclet (PTE)).<\/p>\n<p>1930.06.07 Urodzi\u0142 si\u0119 <strong>Hilderaldo Bellini<\/strong>, brazylijski obro\u0144ca, mistrz \u015bwiata 1958, 1962 (zm. 2014)<\/p>\n<p>1934.06.07 <strong>Niemcy <\/strong>pokona\u0142y Austri\u0119 3 &#8211; 2. w rozegranym w Neapolu meczu o 3. miejsce II Mistrzostw \u015awiata.<\/p>\n<p>1947.06.07 Za\u0142o\u017cono chilijski klub <strong>Huachipato Talcahuano<\/strong>.<\/p>\n<p>1957.06.07 Urodzi\u0142 si\u0119 <strong>Petr N\u011bmec<\/strong>, czeski pomocnik, trener pi\u0142karski, mistrz olimpijski 1980<\/p>\n<p>1968.06.07 Urodzi\u0142 si\u0119 J<strong>uan Antonio Pizzi<\/strong>, hiszpa\u0144ski napastnik pochodzenia argenty\u0144skiego\/ zdobywca Pucharu Zdobywc\u00f3w Puchar\u00f3w i Superpuchar Europy 1997 z Barcelon\u0105<\/p>\n<p>1970.06.07 Urodzi\u0142 si\u0119 <strong>Cafu<\/strong>, brazylijski obro\u0144ca, mistrz \u015bwiata 1994,2002 wicemistrz \u015bwiata 1998, zdobywca Copa America 1997,1999, Puchar Konfederacji 1997, zdobywca Ligi Mistrz\u00f3w 2007 z Milanem, Klubowy Mistrz \u015awiata 2007<\/p>\n<p>1977.06.07 Urodzi\u0142 si\u0119 <strong>Marcin Baszczy\u0144ski,<\/strong> obro\u0144ca mistrz Polski 2001, 2003, 2004, 2005, 2008, 2009 z Wis\u0142\u0105<\/p>\n<p>2008.06.07 W Austrii i Szwajcarii rozpocz\u0119\u0142y si\u0119 <strong>XIII Mistrzostwa Europy<\/strong> .<\/p>\n<p>1986-06-07 <strong> Polska &#8211; Portugalia <\/strong> 1-0 M\u015a 1986 Monterrey gol: W\u0142odzimierz Smolarek 68&#8242;<\/p>\n<p>1995-06-07 <strong>Polska &#8211; S\u0142owacja<\/strong> 5-0 EME 1996 Zabrze bramki: Andrzej Juskowiak 10&#8242;, 72&#8242; Tomasz Wieszczycki 58&#8242;, Roman Kosecki 63&#8242;, Piotr Nowak 69&#8242;<\/p>\n<p>2013-06-07 <strong>Mo\u0142dawia-Polska <\/strong> 1-1 el.m\u015b Kiszyni\u00f3w bramki: Eugeniu Sidorenco 37&#8242;- Jakub B\u0142aszczykowski 7&#8242;<\/p>\n<h4><span class=\"ez-toc-section\" id=\"Zobacz_takze\"><\/span><strong>Zobacz tak\u017ce:<\/strong><span class=\"ez-toc-section-end\"><\/span><\/h4>\n<h5><span class=\"ez-toc-section\" id=\"Lista_meczow_reprezentacji_Polski\"><\/span><a href=\"\/historia\/reprezentacja-polski-mecze\/\">Lista mecz\u00f3w reprezentacji Polski.<\/a><span class=\"ez-toc-section-end\"><\/span><\/h5>\n<h5><span class=\"ez-toc-section\" id=\"Pilkarska_kartka_z_kalendarza_5_czerwca\"><\/span><a href=\"\/historia\/pilkarska-kartka-kalendarza-5-czerwca\/\">Pi\u0142karska kartka z kalendarza 5 czerwca.<\/a><span class=\"ez-toc-section-end\"><\/span><\/h5>\n<h5><span class=\"ez-toc-section\" id=\"Rocznica_tragedii_w_Gabonie\"><\/span><a href=\"\/historia\/22-lata-od-tragedii-w-gabonie\/\">Rocznica tragedii w Gabonie.<\/a><span class=\"ez-toc-section-end\"><\/span><\/h5>\n<h5><span class=\"ez-toc-section\" id=\"12_kwietnia_1891_poczatek_ligi_argentynskiej\"><\/span><a href=\"\/historia\/12-kwietnia-1891-poczatek-ligi-argentynskiej\/\">12 kwietnia 1891 pocz\u0105tek ligi argenty\u0144skiej.<\/a><span class=\"ez-toc-section-end\"><\/span><\/h5>\n<h4><span class=\"ez-toc-section\" id=\"i\"><\/span>\u00a0<span class=\"ez-toc-section-end\"><\/span><\/h4>\n<h4><span class=\"ez-toc-section\" id=\"Masz_pytania_Chcesz_sie_dowiedziec_wiecej_Pisz_smialo\"><\/span>Masz pytania ? Chcesz si\u0119 dowiedzie\u0107 wi\u0119cej ? Pisz \u015bmia\u0142o !<span class=\"ez-toc-section-end\"><\/span><\/h4>\n","protected":false},"excerpt":{"rendered":"<p>Pi\u0142karska kartka z kalendarza 7 czerwca 1898.06.07 W Bratys\u0142awie za\u0142o\u017cono klub pi\u0142karski FC Petr\u017ealka 1898 (jako Pozsonyi Torna Egyes\u00fclet (PTE)). 1930.06.07 Urodzi\u0142 si\u0119 Hilderaldo Bellini, brazylijski obro\u0144ca, mistrz \u015bwiata 1958, 1962 (zm. 2014) 1934.06.07 Niemcy pokona\u0142y Austri\u0119 3 &#8211; 2. w rozegranym w Neapolu meczu o 3. miejsce II Mistrzostw \u015awiata. 1947.06.07 Za\u0142o\u017cono chilijski klub [&hellip;]<\/p>\n","protected":false},"author":3,"featured_media":12991,"comment_status":"closed","ping_status":"open","sticky":false,"template":"","format":"standard","meta":{"_acf_changed":false,"footnotes":""},"categories":[144],"tags":[143],"class_list":["post-7529","post","type-post","status-publish","format-standard","has-post-thumbnail","hentry","category-kartka-z-kalendarza","tag-kalendarium"],"acf":[],"_links":{"self":[{"href":"https:\/\/kronika-futbolu.pl\/historia\/wp-json\/wp\/v2\/posts\/7529","targetHints":{"allow":["GET"]}}],"collection":[{"href":"https:\/\/kronika-futbolu.pl\/historia\/wp-json\/wp\/v2\/posts"}],"about":[{"href":"https:\/\/kronika-futbolu.pl\/historia\/wp-json\/wp\/v2\/types\/post"}],"author":[{"embeddable":true,"href":"https:\/\/kronika-futbolu.pl\/historia\/wp-json\/wp\/v2\/users\/3"}],"replies":[{"embeddable":true,"href":"https:\/\/kronika-futbolu.pl\/historia\/wp-json\/wp\/v2\/comments?post=7529"}],"version-history":[{"count":1,"href":"https:\/\/kronika-futbolu.pl\/historia\/wp-json\/wp\/v2\/posts\/7529\/revisions"}],"predecessor-version":[{"id":13142,"href":"https:\/\/kronika-futbolu.pl\/historia\/wp-json\/wp\/v2\/posts\/7529\/revisions\/13142"}],"wp:featuredmedia":[{"embeddable":true,"href":"https:\/\/kronika-futbolu.pl\/historia\/wp-json\/wp\/v2\/media\/12991"}],"wp:attachment":[{"href":"https:\/\/kronika-futbolu.pl\/historia\/wp-json\/wp\/v2\/media?parent=7529"}],"wp:term":[{"taxonomy":"category","embeddable":true,"href":"https:\/\/kronika-futbolu.pl\/historia\/wp-json\/wp\/v2\/categories?post=7529"},{"taxonomy":"post_tag","embeddable":true,"href":"https:\/\/kronika-futbolu.pl\/historia\/wp-json\/wp\/v2\/tags?post=7529"}],"curies":[{"name":"wp","href":"https:\/\/api.w.org\/{rel}","templated":true}]}}