{"id":7531,"date":"2020-06-08T00:01:02","date_gmt":"2020-06-07T22:01:02","guid":{"rendered":"https:\/\/kronika-futbolu.pl\/historia\/?p=7531"},"modified":"2020-10-03T11:33:57","modified_gmt":"2020-10-03T09:33:57","slug":"pilkarska-kartka-kalendarza-8-czerwca","status":"publish","type":"post","link":"https:\/\/kronika-futbolu.pl\/historia\/pilkarska-kartka-kalendarza-8-czerwca\/","title":{"rendered":"Pi\u0142karska kartka z kalendarza 8 czerwca"},"content":{"rendered":"<div id=\"ez-toc-container\" class=\"ez-toc-v2_0_75 counter-hierarchy ez-toc-counter ez-toc-grey ez-toc-container-direction\">\n<div class=\"ez-toc-title-container\">\n<p class=\"ez-toc-title\" style=\"cursor:inherit\">Table of Contents<\/p>\n<span class=\"ez-toc-title-toggle\"><a href=\"#\" class=\"ez-toc-pull-right ez-toc-btn ez-toc-btn-xs ez-toc-btn-default ez-toc-toggle\" aria-label=\"Toggle Table of Content\"><span class=\"ez-toc-js-icon-con\"><span class=\"\"><span class=\"eztoc-hide\" style=\"display:none;\">Toggle<\/span><span class=\"ez-toc-icon-toggle-span\"><svg style=\"fill: #999;color:#999\" xmlns=\"http:\/\/www.w3.org\/2000\/svg\" class=\"list-377408\" width=\"20px\" height=\"20px\" viewBox=\"0 0 24 24\" fill=\"none\"><path d=\"M6 6H4v2h2V6zm14 0H8v2h12V6zM4 11h2v2H4v-2zm16 0H8v2h12v-2zM4 16h2v2H4v-2zm16 0H8v2h12v-2z\" fill=\"currentColor\"><\/path><\/svg><svg style=\"fill: #999;color:#999\" class=\"arrow-unsorted-368013\" xmlns=\"http:\/\/www.w3.org\/2000\/svg\" width=\"10px\" height=\"10px\" viewBox=\"0 0 24 24\" version=\"1.2\" baseProfile=\"tiny\"><path d=\"M18.2 9.3l-6.2-6.3-6.2 6.3c-.2.2-.3.4-.3.7s.1.5.3.7c.2.2.4.3.7.3h11c.3 0 .5-.1.7-.3.2-.2.3-.5.3-.7s-.1-.5-.3-.7zM5.8 14.7l6.2 6.3 6.2-6.3c.2-.2.3-.5.3-.7s-.1-.5-.3-.7c-.2-.2-.4-.3-.7-.3h-11c-.3 0-.5.1-.7.3-.2.2-.3.5-.3.7s.1.5.3.7z\"\/><\/svg><\/span><\/span><\/span><\/a><\/span><\/div>\n<nav><ul class='ez-toc-list ez-toc-list-level-1 ' ><li class='ez-toc-page-1 ez-toc-heading-level-4'><a class=\"ez-toc-link ez-toc-heading-1\" href=\"https:\/\/kronika-futbolu.pl\/historia\/pilkarska-kartka-kalendarza-8-czerwca\/#Pilkarska_kartka_z_kalendarza_8_czerwca\" >Pi\u0142karska kartka z kalendarza 8 czerwca<\/a><\/li><li class='ez-toc-page-1 ez-toc-heading-level-4'><a class=\"ez-toc-link ez-toc-heading-2\" href=\"https:\/\/kronika-futbolu.pl\/historia\/pilkarska-kartka-kalendarza-8-czerwca\/#Zobacz_takze\" >Zobacz tak\u017ce:<\/a><ul class='ez-toc-list-level-5' ><li class='ez-toc-heading-level-5'><a class=\"ez-toc-link ez-toc-heading-3\" href=\"https:\/\/kronika-futbolu.pl\/historia\/pilkarska-kartka-kalendarza-8-czerwca\/#Lista_meczow_reprezentacji_Polski\" >Lista mecz\u00f3w reprezentacji Polski.<\/a><\/li><li class='ez-toc-page-1 ez-toc-heading-level-5'><a class=\"ez-toc-link ez-toc-heading-4\" href=\"https:\/\/kronika-futbolu.pl\/historia\/pilkarska-kartka-kalendarza-8-czerwca\/#Pilkarska_kartka_z_kalendarza_5_czerwca\" >Pi\u0142karska kartka z kalendarza 5 czerwca.<\/a><\/li><li class='ez-toc-page-1 ez-toc-heading-level-5'><a class=\"ez-toc-link ez-toc-heading-5\" href=\"https:\/\/kronika-futbolu.pl\/historia\/pilkarska-kartka-kalendarza-8-czerwca\/#Rocznica_tragedii_w_Gabonie\" >Rocznica tragedii w Gabonie.<\/a><\/li><li class='ez-toc-page-1 ez-toc-heading-level-5'><a class=\"ez-toc-link ez-toc-heading-6\" href=\"https:\/\/kronika-futbolu.pl\/historia\/pilkarska-kartka-kalendarza-8-czerwca\/#12_kwietnia_1891_poczatek_ligi_argentynskiej\" >12 kwietnia 1891 pocz\u0105tek ligi argenty\u0144skiej.<\/a><\/li><\/ul><\/li><li class='ez-toc-page-1 ez-toc-heading-level-4'><a class=\"ez-toc-link ez-toc-heading-7\" href=\"https:\/\/kronika-futbolu.pl\/historia\/pilkarska-kartka-kalendarza-8-czerwca\/#Masz_pytania_Chcesz_sie_dowiedziec_wiecej_Pisz_smialo\" >Masz pytania ? Chcesz si\u0119 dowiedzie\u0107 wi\u0119cej ? Pisz \u015bmia\u0142o !<\/a><\/li><\/ul><\/nav><\/div>\n<h4><span class=\"ez-toc-section\" id=\"Pilkarska_kartka_z_kalendarza_8_czerwca\"><\/span>Pi\u0142karska kartka z kalendarza 8 czerwca<span class=\"ez-toc-section-end\"><\/span><\/h4>\n<p>2012.06.08 Otwarcie <strong>XIV Mistrzostw Europy<\/strong> w Pi\u0142ce No\u017cnej w Polsce i na Ukrainie oraz mecz inauguracyjny Polska-Grecja (1:1) na Stadionie Narodowym w Warszawie.<\/p>\n<p>1958.06.08 W Szwecji rozpocz\u0119\u0142y si\u0119 <strong>VI Mistrzostwa \u015awiata<\/strong> w Pi\u0142ce No\u017cnej.<\/p>\n<p>1990.06.08 We W\u0142oszech rozpocz\u0119\u0142y si\u0119<strong> XIV Mistrzostwa \u015awiata<\/strong> w Pi\u0142ce No\u017cnej.<\/p>\n<p>1996.06.08 W Anglii rozpocz\u0119\u0142y si\u0119 <strong>X Mistrzostwa Europy<\/strong> w Pi\u0142ce No\u017cnej.<\/p>\n<p>1955.06.08 Urodzi\u0142 si\u0119 <strong>Jos\u00e9 Antonio Camacho<\/strong>, hiszpa\u0144ski obro\u0144ca, trener, zdobywca Pucharu UEFA 1985,1986 z Realem Madryt<\/p>\n<p>1984.06.08 Urodzi\u0142 si\u0119 <strong>Javier Mascherano<\/strong>, argenty\u0144ski obro\u0144ca, zdobywca Ligi Mistrz\u00f3w 2011 i Klubowy Mistrz \u015awiata 2011 z Barcelon\u0105, z\u0142oty medalista olimpijski 2004,2008<\/p>\n<p>1988.06.08 Urodzi\u0142 si\u0119 <strong>Kamil Grosicki<\/strong>, pomocnik\/napastnik, reprezentant kraju<\/p>\n<p>1966-06-08 <strong>Brazylia &#8211; Polska <\/strong> 2-1 MT Rio de Janeiro bramki: Silva 16&#8242;, Garrincha 41&#8242;- Jan Liberda 57&#8242;<\/p>\n<p>2008-06-08 <strong> Niemcy &#8211; Polska <\/strong> 2-0 ME 2008 Austria bramki: Lukas Podolski 20&#8242;, 72&#8242;<\/p>\n<p>2010-06-08 <strong> Hiszpania-Polska<\/strong> 6-0 MT Churra (Hiszpania) bramki: Dariusz Dudka 12&#8242;-sam. David Silva 14&#8242;, Robert Lewandowski 51&#8242;-sam. Cesc F\u00e0bregas 58&#8242;, Fernando Torres 76&#8242;, Pedro Rodr\u00edguez 81&#8242;<\/p>\n<p>2012-06-08 <strong>Polska-Grecja<\/strong> 1-1 ME 2012 Warszawa bramki: Robert Lewandowski 17&#8242;- Dim\u00edtrios Salping\u00eddis 51&#8242;<\/p>\n<h4><span class=\"ez-toc-section\" id=\"Zobacz_takze\"><\/span><strong>Zobacz tak\u017ce:<\/strong><span class=\"ez-toc-section-end\"><\/span><\/h4>\n<\/p>\n<h5><span class=\"ez-toc-section\" id=\"Lista_meczow_reprezentacji_Polski\"><\/span><a href=\"\/historia\/reprezentacja-polski-mecze\/\">Lista mecz\u00f3w reprezentacji Polski.<\/a><span class=\"ez-toc-section-end\"><\/span><\/h5>\n<h5><span class=\"ez-toc-section\" id=\"Pilkarska_kartka_z_kalendarza_5_czerwca\"><\/span><a href=\"\/historia\/pilkarska-kartka-kalendarza-5-czerwca\/\">Pi\u0142karska kartka z kalendarza 5 czerwca.<\/a><span class=\"ez-toc-section-end\"><\/span><\/h5>\n<h5><span class=\"ez-toc-section\" id=\"Rocznica_tragedii_w_Gabonie\"><\/span><a href=\"\/historia\/22-lata-od-tragedii-w-gabonie\/\">Rocznica tragedii w Gabonie.<\/a><span class=\"ez-toc-section-end\"><\/span><\/h5>\n<h5><span class=\"ez-toc-section\" id=\"12_kwietnia_1891_poczatek_ligi_argentynskiej\"><\/span><a href=\"\/historia\/12-kwietnia-1891-poczatek-ligi-argentynskiej\/\">12 kwietnia 1891 pocz\u0105tek ligi argenty\u0144skiej.<\/a><span class=\"ez-toc-section-end\"><\/span><\/h5>\n<\/p>\n<h4> <\/h4>\n<h4><span class=\"ez-toc-section\" id=\"Masz_pytania_Chcesz_sie_dowiedziec_wiecej_Pisz_smialo\"><\/span>Masz pytania ? Chcesz si\u0119 dowiedzie\u0107 wi\u0119cej ? Pisz \u015bmia\u0142o ! <span class=\"ez-toc-section-end\"><\/span><\/h4><\/p>\n","protected":false},"excerpt":{"rendered":"<p>Pi\u0142karska kartka z kalendarza 8 czerwca 2012.06.08 Otwarcie XIV Mistrzostw Europy w Pi\u0142ce No\u017cnej w Polsce i na Ukrainie oraz mecz inauguracyjny Polska-Grecja (1:1) na Stadionie Narodowym w Warszawie. 1958.06.08 W Szwecji rozpocz\u0119\u0142y si\u0119 VI Mistrzostwa \u015awiata w Pi\u0142ce No\u017cnej. 1990.06.08 We W\u0142oszech rozpocz\u0119\u0142y si\u0119 XIV Mistrzostwa \u015awiata w Pi\u0142ce No\u017cnej. 1996.06.08 W Anglii rozpocz\u0119\u0142y [&hellip;]<\/p>\n","protected":false},"author":3,"featured_media":463,"comment_status":"closed","ping_status":"open","sticky":false,"template":"","format":"standard","meta":{"_acf_changed":false,"footnotes":""},"categories":[144],"tags":[143],"class_list":["post-7531","post","type-post","status-publish","format-standard","has-post-thumbnail","hentry","category-kartka-z-kalendarza","tag-kalendarium"],"acf":[],"_links":{"self":[{"href":"https:\/\/kronika-futbolu.pl\/historia\/wp-json\/wp\/v2\/posts\/7531","targetHints":{"allow":["GET"]}}],"collection":[{"href":"https:\/\/kronika-futbolu.pl\/historia\/wp-json\/wp\/v2\/posts"}],"about":[{"href":"https:\/\/kronika-futbolu.pl\/historia\/wp-json\/wp\/v2\/types\/post"}],"author":[{"embeddable":true,"href":"https:\/\/kronika-futbolu.pl\/historia\/wp-json\/wp\/v2\/users\/3"}],"replies":[{"embeddable":true,"href":"https:\/\/kronika-futbolu.pl\/historia\/wp-json\/wp\/v2\/comments?post=7531"}],"version-history":[{"count":2,"href":"https:\/\/kronika-futbolu.pl\/historia\/wp-json\/wp\/v2\/posts\/7531\/revisions"}],"predecessor-version":[{"id":9203,"href":"https:\/\/kronika-futbolu.pl\/historia\/wp-json\/wp\/v2\/posts\/7531\/revisions\/9203"}],"wp:featuredmedia":[{"embeddable":true,"href":"https:\/\/kronika-futbolu.pl\/historia\/wp-json\/wp\/v2\/media\/463"}],"wp:attachment":[{"href":"https:\/\/kronika-futbolu.pl\/historia\/wp-json\/wp\/v2\/media?parent=7531"}],"wp:term":[{"taxonomy":"category","embeddable":true,"href":"https:\/\/kronika-futbolu.pl\/historia\/wp-json\/wp\/v2\/categories?post=7531"},{"taxonomy":"post_tag","embeddable":true,"href":"https:\/\/kronika-futbolu.pl\/historia\/wp-json\/wp\/v2\/tags?post=7531"}],"curies":[{"name":"wp","href":"https:\/\/api.w.org\/{rel}","templated":true}]}}