{"id":7533,"date":"2020-06-09T00:01:41","date_gmt":"2020-06-08T22:01:41","guid":{"rendered":"https:\/\/kronika-futbolu.pl\/historia\/?p=7533"},"modified":"2022-10-15T12:17:29","modified_gmt":"2022-10-15T10:17:29","slug":"pilkarska-kartka-kalendarza-9-czerwca","status":"publish","type":"post","link":"https:\/\/kronika-futbolu.pl\/historia\/pilkarska-kartka-kalendarza-9-czerwca\/","title":{"rendered":"Pi\u0142karska kartka z kalendarza 9 czerwca"},"content":{"rendered":"<div id=\"ez-toc-container\" class=\"ez-toc-v2_0_75 counter-hierarchy ez-toc-counter ez-toc-grey ez-toc-container-direction\">\n<div class=\"ez-toc-title-container\">\n<p class=\"ez-toc-title\" style=\"cursor:inherit\">Table of Contents<\/p>\n<span class=\"ez-toc-title-toggle\"><a href=\"#\" class=\"ez-toc-pull-right ez-toc-btn ez-toc-btn-xs ez-toc-btn-default ez-toc-toggle\" aria-label=\"Toggle Table of Content\"><span class=\"ez-toc-js-icon-con\"><span class=\"\"><span class=\"eztoc-hide\" style=\"display:none;\">Toggle<\/span><span class=\"ez-toc-icon-toggle-span\"><svg style=\"fill: #999;color:#999\" xmlns=\"http:\/\/www.w3.org\/2000\/svg\" class=\"list-377408\" width=\"20px\" height=\"20px\" viewBox=\"0 0 24 24\" fill=\"none\"><path d=\"M6 6H4v2h2V6zm14 0H8v2h12V6zM4 11h2v2H4v-2zm16 0H8v2h12v-2zM4 16h2v2H4v-2zm16 0H8v2h12v-2z\" fill=\"currentColor\"><\/path><\/svg><svg style=\"fill: #999;color:#999\" class=\"arrow-unsorted-368013\" xmlns=\"http:\/\/www.w3.org\/2000\/svg\" width=\"10px\" height=\"10px\" viewBox=\"0 0 24 24\" version=\"1.2\" baseProfile=\"tiny\"><path d=\"M18.2 9.3l-6.2-6.3-6.2 6.3c-.2.2-.3.4-.3.7s.1.5.3.7c.2.2.4.3.7.3h11c.3 0 .5-.1.7-.3.2-.2.3-.5.3-.7s-.1-.5-.3-.7zM5.8 14.7l6.2 6.3 6.2-6.3c.2-.2.3-.5.3-.7s-.1-.5-.3-.7c-.2-.2-.4-.3-.7-.3h-11c-.3 0-.5.1-.7.3-.2.2-.3.5-.3.7s.1.5.3.7z\"\/><\/svg><\/span><\/span><\/span><\/a><\/span><\/div>\n<nav><ul class='ez-toc-list ez-toc-list-level-1 ' ><li class='ez-toc-page-1 ez-toc-heading-level-4'><a class=\"ez-toc-link ez-toc-heading-1\" href=\"https:\/\/kronika-futbolu.pl\/historia\/pilkarska-kartka-kalendarza-9-czerwca\/#Pilkarska_kartka_z_kalendarza_9_czerwca\" >Pi\u0142karska kartka z kalendarza 9 czerwca<\/a><\/li><li class='ez-toc-page-1 ez-toc-heading-level-4'><a class=\"ez-toc-link ez-toc-heading-2\" href=\"https:\/\/kronika-futbolu.pl\/historia\/pilkarska-kartka-kalendarza-9-czerwca\/#Zobacz_takze\" >Zobacz tak\u017ce:<\/a><ul class='ez-toc-list-level-5' ><li class='ez-toc-heading-level-5'><a class=\"ez-toc-link ez-toc-heading-3\" href=\"https:\/\/kronika-futbolu.pl\/historia\/pilkarska-kartka-kalendarza-9-czerwca\/#Lista_meczow_reprezentacji_Polski\" >Lista mecz\u00f3w reprezentacji Polski.<\/a><\/li><li class='ez-toc-page-1 ez-toc-heading-level-5'><a class=\"ez-toc-link ez-toc-heading-4\" href=\"https:\/\/kronika-futbolu.pl\/historia\/pilkarska-kartka-kalendarza-9-czerwca\/#Pilkarska_kartka_z_kalendarza_8_czerwca\" >Pi\u0142karska kartka z kalendarza 8 czerwca.<\/a><\/li><li class='ez-toc-page-1 ez-toc-heading-level-5'><a class=\"ez-toc-link ez-toc-heading-5\" href=\"https:\/\/kronika-futbolu.pl\/historia\/pilkarska-kartka-kalendarza-9-czerwca\/#Rocznica_tragedii_w_Gabonie\" >Rocznica tragedii w Gabonie.<\/a><\/li><li class='ez-toc-page-1 ez-toc-heading-level-5'><a class=\"ez-toc-link ez-toc-heading-6\" href=\"https:\/\/kronika-futbolu.pl\/historia\/pilkarska-kartka-kalendarza-9-czerwca\/#12_kwietnia_1891_poczatek_ligi_argentynskiej\" >12 kwietnia 1891 pocz\u0105tek ligi argenty\u0144skiej.<\/a><\/li><\/ul><\/li><li class='ez-toc-page-1 ez-toc-heading-level-4'><a class=\"ez-toc-link ez-toc-heading-7\" href=\"https:\/\/kronika-futbolu.pl\/historia\/pilkarska-kartka-kalendarza-9-czerwca\/#i\" >\u00a0<\/a><\/li><li class='ez-toc-page-1 ez-toc-heading-level-4'><a class=\"ez-toc-link ez-toc-heading-8\" href=\"https:\/\/kronika-futbolu.pl\/historia\/pilkarska-kartka-kalendarza-9-czerwca\/#Masz_pytania_Chcesz_sie_dowiedziec_wiecej_Pisz_smialo\" >Masz pytania ? Chcesz si\u0119 dowiedzie\u0107 wi\u0119cej ? Pisz \u015bmia\u0142o !<\/a><\/li><\/ul><\/nav><\/div>\n<h4><span class=\"ez-toc-section\" id=\"Pilkarska_kartka_z_kalendarza_9_czerwca\"><\/span>Pi\u0142karska kartka z kalendarza 9 czerwca<span class=\"ez-toc-section-end\"><\/span><\/h4>\n<p>1905.06.09 Za\u0142o\u017cono angielski klub pi\u0142karski <strong>Charlton Athletic F.C<\/strong>.<\/p>\n<p>1923.06.09 Urodzi\u0142 si\u0119<strong> Antoni Barwi\u0144ski<\/strong>, obro\u0144ca, reprezentant Polski, zawodnik Tarnovii i Unii Tarn\u00f3w (zm. 2005)<\/p>\n<p>1975.06.09 Urodzi\u0142<strong> Paul Agostino<\/strong>, australijski napastnik, zdobywca Pucharu Narod\u00f3w Oceanii 2000<\/p>\n<p>1978.06.09 Urodzi\u0142 si\u0119<strong> Miroslav Klose<\/strong>, niemiecki napastnik pochodzenia polskiego(urodzony w Opolu), wicemistrz \u015bwiata 2002, 3 miejsce Mistrzostw \u015awiata 2006,2010, wicemistrz Europy 2008 , kr\u00f3l strzelc\u00f3w mundialu 2006<\/p>\n<p>1980.06.09 Urodzi\u0142 si\u0119 <strong>Marcin Wasilewski<\/strong>, obro\u0144ca, mistrz Belgii 2007,2009, 2012, 2013 z Anderlechtem, mistrz Anglii 2016 z Leicester, reprezentant Polski<\/p>\n<p>1984.06.09 Urodzi\u0142 si\u0119 <strong>Rafa\u0142 Boguski<\/strong>, napastnik, mistrz Polski 2008,2009,2011 z Wis\u0142\u0105 Krak\u00f3w<\/p>\n<p>2006.06.09 W Niemczech rozpocz\u0119\u0142y si\u0119<strong> XVIII Mistrzostwa \u015awiata<\/strong> w Pi\u0142ce No\u017cnej. W swym pierwszym meczu reprezentacja Polski przegra\u0142a z Ekwadorem 0:2.<\/p>\n<p>1968-06-09<strong> Norwegia &#8211; Polsk<\/strong>a 1-6 MT Oslo bramki: Harald Sunde 41&#8242;- Janusz \u017bmijewski 14&#8242;, 71&#8242;, Andrzej Jarosik 21&#8242;,38&#8242;,55&#8242;, W\u0142odzimierz Luba\u0144ski 77&#8242;<\/p>\n<p>1999-06-09 <strong>Luksemburg &#8211; Polska<\/strong> 2-3 EME 2000 Luksemburg bramki: Marc Birsens 76&#8242;, Jean-Pierre Vanek 83&#8242;- Rafa\u0142 Siadaczka 22&#8242;, Artur Wichniarek 45&#8242;, Tomasz Iwan 70&#8242;<\/p>\n<p>2009-06-09 <strong>Polska-Irak<\/strong> 1-1 MT Kapsztad bramki: Mahdi Karim 53&#8242;- Roger Guerreiro 71&#8242;<\/p>\n<p>2011-06-09 <strong>Polska-Francja<\/strong> 0-1 MT Warszawa gol: Tomasz Jod\u0142owiec 12&#8242;-sam.<\/p>\n<h4><span class=\"ez-toc-section\" id=\"Zobacz_takze\"><\/span><strong>Zobacz tak\u017ce:<\/strong><span class=\"ez-toc-section-end\"><\/span><\/h4>\n<h5><span class=\"ez-toc-section\" id=\"Lista_meczow_reprezentacji_Polski\"><\/span><a href=\"\/historia\/reprezentacja-polski-mecze\/\">Lista mecz\u00f3w reprezentacji Polski.<\/a><span class=\"ez-toc-section-end\"><\/span><\/h5>\n<h5><span class=\"ez-toc-section\" id=\"Pilkarska_kartka_z_kalendarza_8_czerwca\"><\/span><a href=\"\/historia\/pilkarska-kartka-kalendarza-8-czerwca\/\">Pi\u0142karska kartka z kalendarza 8 czerwca.<\/a><span class=\"ez-toc-section-end\"><\/span><\/h5>\n<h5><span class=\"ez-toc-section\" id=\"Rocznica_tragedii_w_Gabonie\"><\/span><a href=\"\/historia\/22-lata-od-tragedii-w-gabonie\/\">Rocznica tragedii w Gabonie.<\/a><span class=\"ez-toc-section-end\"><\/span><\/h5>\n<h5><span class=\"ez-toc-section\" id=\"12_kwietnia_1891_poczatek_ligi_argentynskiej\"><\/span><a href=\"\/historia\/12-kwietnia-1891-poczatek-ligi-argentynskiej\/\">12 kwietnia 1891 pocz\u0105tek ligi argenty\u0144skiej.<\/a><span class=\"ez-toc-section-end\"><\/span><\/h5>\n<h4><span class=\"ez-toc-section\" id=\"i\"><\/span>\u00a0<span class=\"ez-toc-section-end\"><\/span><\/h4>\n<h4><span class=\"ez-toc-section\" id=\"Masz_pytania_Chcesz_sie_dowiedziec_wiecej_Pisz_smialo\"><\/span>Masz pytania ? Chcesz si\u0119 dowiedzie\u0107 wi\u0119cej ? Pisz \u015bmia\u0142o !<span class=\"ez-toc-section-end\"><\/span><\/h4>\n","protected":false},"excerpt":{"rendered":"<p>Pi\u0142karska kartka z kalendarza 9 czerwca 1905.06.09 Za\u0142o\u017cono angielski klub pi\u0142karski Charlton Athletic F.C. 1923.06.09 Urodzi\u0142 si\u0119 Antoni Barwi\u0144ski, obro\u0144ca, reprezentant Polski, zawodnik Tarnovii i Unii Tarn\u00f3w (zm. 2005) 1975.06.09 Urodzi\u0142 Paul Agostino, australijski napastnik, zdobywca Pucharu Narod\u00f3w Oceanii 2000 1978.06.09 Urodzi\u0142 si\u0119 Miroslav Klose, niemiecki napastnik pochodzenia polskiego(urodzony w Opolu), wicemistrz \u015bwiata 2002, 3 [&hellip;]<\/p>\n","protected":false},"author":3,"featured_media":12991,"comment_status":"closed","ping_status":"open","sticky":false,"template":"","format":"standard","meta":{"_acf_changed":false,"footnotes":""},"categories":[144],"tags":[143],"class_list":["post-7533","post","type-post","status-publish","format-standard","has-post-thumbnail","hentry","category-kartka-z-kalendarza","tag-kalendarium"],"acf":[],"_links":{"self":[{"href":"https:\/\/kronika-futbolu.pl\/historia\/wp-json\/wp\/v2\/posts\/7533","targetHints":{"allow":["GET"]}}],"collection":[{"href":"https:\/\/kronika-futbolu.pl\/historia\/wp-json\/wp\/v2\/posts"}],"about":[{"href":"https:\/\/kronika-futbolu.pl\/historia\/wp-json\/wp\/v2\/types\/post"}],"author":[{"embeddable":true,"href":"https:\/\/kronika-futbolu.pl\/historia\/wp-json\/wp\/v2\/users\/3"}],"replies":[{"embeddable":true,"href":"https:\/\/kronika-futbolu.pl\/historia\/wp-json\/wp\/v2\/comments?post=7533"}],"version-history":[{"count":1,"href":"https:\/\/kronika-futbolu.pl\/historia\/wp-json\/wp\/v2\/posts\/7533\/revisions"}],"predecessor-version":[{"id":13141,"href":"https:\/\/kronika-futbolu.pl\/historia\/wp-json\/wp\/v2\/posts\/7533\/revisions\/13141"}],"wp:featuredmedia":[{"embeddable":true,"href":"https:\/\/kronika-futbolu.pl\/historia\/wp-json\/wp\/v2\/media\/12991"}],"wp:attachment":[{"href":"https:\/\/kronika-futbolu.pl\/historia\/wp-json\/wp\/v2\/media?parent=7533"}],"wp:term":[{"taxonomy":"category","embeddable":true,"href":"https:\/\/kronika-futbolu.pl\/historia\/wp-json\/wp\/v2\/categories?post=7533"},{"taxonomy":"post_tag","embeddable":true,"href":"https:\/\/kronika-futbolu.pl\/historia\/wp-json\/wp\/v2\/tags?post=7533"}],"curies":[{"name":"wp","href":"https:\/\/api.w.org\/{rel}","templated":true}]}}