{"id":7567,"date":"2020-06-16T00:05:30","date_gmt":"2020-06-15T22:05:30","guid":{"rendered":"https:\/\/kronika-futbolu.pl\/historia\/?p=7567"},"modified":"2022-10-15T12:16:11","modified_gmt":"2022-10-15T10:16:11","slug":"pilkarska-kartka-kalendarza-16-czerwca","status":"publish","type":"post","link":"https:\/\/kronika-futbolu.pl\/historia\/pilkarska-kartka-kalendarza-16-czerwca\/","title":{"rendered":"Pi\u0142karska kartka z kalendarza 16 czerwca"},"content":{"rendered":"<div id=\"ez-toc-container\" class=\"ez-toc-v2_0_75 counter-hierarchy ez-toc-counter ez-toc-grey ez-toc-container-direction\">\n<div class=\"ez-toc-title-container\">\n<p class=\"ez-toc-title\" style=\"cursor:inherit\">Table of Contents<\/p>\n<span class=\"ez-toc-title-toggle\"><a href=\"#\" class=\"ez-toc-pull-right ez-toc-btn ez-toc-btn-xs ez-toc-btn-default ez-toc-toggle\" aria-label=\"Toggle Table of Content\"><span class=\"ez-toc-js-icon-con\"><span class=\"\"><span class=\"eztoc-hide\" style=\"display:none;\">Toggle<\/span><span class=\"ez-toc-icon-toggle-span\"><svg style=\"fill: #999;color:#999\" xmlns=\"http:\/\/www.w3.org\/2000\/svg\" class=\"list-377408\" width=\"20px\" height=\"20px\" viewBox=\"0 0 24 24\" fill=\"none\"><path d=\"M6 6H4v2h2V6zm14 0H8v2h12V6zM4 11h2v2H4v-2zm16 0H8v2h12v-2zM4 16h2v2H4v-2zm16 0H8v2h12v-2z\" fill=\"currentColor\"><\/path><\/svg><svg style=\"fill: #999;color:#999\" class=\"arrow-unsorted-368013\" xmlns=\"http:\/\/www.w3.org\/2000\/svg\" width=\"10px\" height=\"10px\" viewBox=\"0 0 24 24\" version=\"1.2\" baseProfile=\"tiny\"><path d=\"M18.2 9.3l-6.2-6.3-6.2 6.3c-.2.2-.3.4-.3.7s.1.5.3.7c.2.2.4.3.7.3h11c.3 0 .5-.1.7-.3.2-.2.3-.5.3-.7s-.1-.5-.3-.7zM5.8 14.7l6.2 6.3 6.2-6.3c.2-.2.3-.5.3-.7s-.1-.5-.3-.7c-.2-.2-.4-.3-.7-.3h-11c-.3 0-.5.1-.7.3-.2.2-.3.5-.3.7s.1.5.3.7z\"\/><\/svg><\/span><\/span><\/span><\/a><\/span><\/div>\n<nav><ul class='ez-toc-list ez-toc-list-level-1 ' ><li class='ez-toc-page-1 ez-toc-heading-level-4'><a class=\"ez-toc-link ez-toc-heading-1\" href=\"https:\/\/kronika-futbolu.pl\/historia\/pilkarska-kartka-kalendarza-16-czerwca\/#Pilkarska_kartka_z_kalendarza_16_czerwca\" >Pi\u0142karska kartka z kalendarza 16 czerwca<\/a><\/li><li class='ez-toc-page-1 ez-toc-heading-level-4'><a class=\"ez-toc-link ez-toc-heading-2\" href=\"https:\/\/kronika-futbolu.pl\/historia\/pilkarska-kartka-kalendarza-16-czerwca\/#Zobacz_takze\" >Zobacz tak\u017ce:<\/a><ul class='ez-toc-list-level-5' ><li class='ez-toc-heading-level-5'><a class=\"ez-toc-link ez-toc-heading-3\" href=\"https:\/\/kronika-futbolu.pl\/historia\/pilkarska-kartka-kalendarza-16-czerwca\/#Lista_meczow_reprezentacji_Polski\" >Lista mecz\u00f3w reprezentacji Polski.<\/a><\/li><li class='ez-toc-page-1 ez-toc-heading-level-5'><a class=\"ez-toc-link ez-toc-heading-4\" href=\"https:\/\/kronika-futbolu.pl\/historia\/pilkarska-kartka-kalendarza-16-czerwca\/#Rocznica_tragedii_w_Gabonie\" >Rocznica tragedii w Gabonie.<\/a><\/li><li class='ez-toc-page-1 ez-toc-heading-level-5'><a class=\"ez-toc-link ez-toc-heading-5\" href=\"https:\/\/kronika-futbolu.pl\/historia\/pilkarska-kartka-kalendarza-16-czerwca\/#12_kwietnia_1891_poczatek_ligi_argentynskiej\" >12 kwietnia 1891 pocz\u0105tek ligi argenty\u0144skiej.<\/a><\/li><\/ul><\/li><li class='ez-toc-page-1 ez-toc-heading-level-4'><a class=\"ez-toc-link ez-toc-heading-6\" href=\"https:\/\/kronika-futbolu.pl\/historia\/pilkarska-kartka-kalendarza-16-czerwca\/#i\" >\u00a0<\/a><\/li><li class='ez-toc-page-1 ez-toc-heading-level-4'><a class=\"ez-toc-link ez-toc-heading-7\" href=\"https:\/\/kronika-futbolu.pl\/historia\/pilkarska-kartka-kalendarza-16-czerwca\/#Masz_pytania_Chcesz_sie_dowiedziec_wiecej_Pisz_smialo\" >Masz pytania ? Chcesz si\u0119 dowiedzie\u0107 wi\u0119cej ? Pisz \u015bmia\u0142o !<\/a><\/li><\/ul><\/nav><\/div>\n<h4><span class=\"ez-toc-section\" id=\"Pilkarska_kartka_z_kalendarza_16_czerwca\"><\/span>Pi\u0142karska kartka z kalendarza 16 czerwca<span class=\"ez-toc-section-end\"><\/span><\/h4>\n<p>1885.06.16 Za\u0142o\u017cono w\u0119gierski klub pi\u0142karski <strong>\u00dajpest FC<\/strong>&#8211; wielokrotny mistrz W\u0119gier.<\/p>\n<p>1954.06.16 W Szwajcarii rozpocz\u0119\u0142y si\u0119 <strong>V Mistrzostwa \u015awiata<\/strong><\/p>\n<p>1970.06.16 Za\u0142o\u017cono holenderski klub <strong>FC Groningen<\/strong>.<\/p>\n<p>1976.06.16 W Jugos\u0142awii rozpocz\u0105\u0142 si\u0119 turniej fina\u0142owy <strong>V Mistrzostw Europy<\/strong><\/p>\n<p>1946.06.16 Urodzi\u0142 si\u0119<strong> W\u0142adimir Astapowski<\/strong>, rosyjski bramkarz, br\u0105zowy medalista Igrzysk 1976 (zm. 2012)<\/p>\n<p>1967.06.16 Urodzi\u0142 si\u0119<strong> J\u00fcrgen Klopp<\/strong>, niemiecki pi\u0142karz, trener pi\u0142karski, przez 11 lat zawodnik FSV Mainz, obecnie trener Borussi Dortmund<\/p>\n<p>1968.06.16 Urodzi\u0142 si\u0119 <strong>Torben Frank<\/strong>, du\u0144ski napastnik, mistrz Europy 1992<\/p>\n<p>1970.06.16 Urodzi\u0142 si\u0119 <strong>Cobi Jones<\/strong>, ameryka\u0144ski pomocnik, zdobywca Z\u0142otego Pucharu 2002<\/p>\n<p>1972.06.16 Urodzi\u0142 si\u0119 <strong>Bo Hansen<\/strong>, du\u0144ski napastnik, zdobywca Pucharu Konfederacji 1995<\/p>\n<p>1973.06.16 Urodzi\u0142 si\u0119 <strong>Nikos Machlas<\/strong>, grecki napastnik<\/p>\n<p>1982.06.16 Urodzi\u0142 si\u0119 <strong>\u0141ukasz Za\u0142uska<\/strong>, bramkarz<\/p>\n<p>1986-06-16 <strong>Polska &#8211; Brazylia 0<\/strong>-4 M\u015a 1986 Guadalayara bramki: S\u00f3crates 30&#8242;-k. Josimar 54&#8242;, Edinho 78&#8242;, Careca 82&#8242;-k<\/p>\n<p>2008-06-16 <strong>Polska &#8211; Chorwacja<\/strong> 0-1 ME 2008 Austria gol: Ivan Klasni\u0107 52&#8242;<\/p>\n<p>2012-06-16 <strong>Czechy-Polska<\/strong> 1-0 ME 2012 Wroc\u0142aw gol: Petr Jir\u00e1\u010dek 72&#8242;<\/p>\n<p>2015.06.16 <strong>Polska-Grecja<\/strong> 0-0 MT Gda\u0144sk<\/p>\n<p>2016.06.16 <strong>Niemcy-Polska<\/strong> 0-0 ME 2016 Saint-Denis<\/p>\n<h4><span class=\"ez-toc-section\" id=\"Zobacz_takze\"><\/span><strong>Zobacz tak\u017ce:<\/strong><span class=\"ez-toc-section-end\"><\/span><\/h4>\n<h5><span class=\"ez-toc-section\" id=\"Lista_meczow_reprezentacji_Polski\"><\/span><a href=\"\/historia\/reprezentacja-polski-mecze\/\">Lista mecz\u00f3w reprezentacji Polski.<\/a><span class=\"ez-toc-section-end\"><\/span><\/h5>\n<h5><span class=\"ez-toc-section\" id=\"Rocznica_tragedii_w_Gabonie\"><\/span><a href=\"\/historia\/22-lata-od-tragedii-w-gabonie\/\">Rocznica tragedii w Gabonie.<\/a><span class=\"ez-toc-section-end\"><\/span><\/h5>\n<h5><span class=\"ez-toc-section\" id=\"12_kwietnia_1891_poczatek_ligi_argentynskiej\"><\/span><a href=\"\/historia\/12-kwietnia-1891-poczatek-ligi-argentynskiej\/\">12 kwietnia 1891 pocz\u0105tek ligi argenty\u0144skiej.<\/a><span class=\"ez-toc-section-end\"><\/span><\/h5>\n<h4><span class=\"ez-toc-section\" id=\"i\"><\/span>\u00a0<span class=\"ez-toc-section-end\"><\/span><\/h4>\n<h4><span class=\"ez-toc-section\" id=\"Masz_pytania_Chcesz_sie_dowiedziec_wiecej_Pisz_smialo\"><\/span>Masz pytania ? Chcesz si\u0119 dowiedzie\u0107 wi\u0119cej ? Pisz \u015bmia\u0142o !<span class=\"ez-toc-section-end\"><\/span><\/h4>\n","protected":false},"excerpt":{"rendered":"<p>Pi\u0142karska kartka z kalendarza 16 czerwca 1885.06.16 Za\u0142o\u017cono w\u0119gierski klub pi\u0142karski \u00dajpest FC&#8211; wielokrotny mistrz W\u0119gier. 1954.06.16 W Szwajcarii rozpocz\u0119\u0142y si\u0119 V Mistrzostwa \u015awiata 1970.06.16 Za\u0142o\u017cono holenderski klub FC Groningen. 1976.06.16 W Jugos\u0142awii rozpocz\u0105\u0142 si\u0119 turniej fina\u0142owy V Mistrzostw Europy 1946.06.16 Urodzi\u0142 si\u0119 W\u0142adimir Astapowski, rosyjski bramkarz, br\u0105zowy medalista Igrzysk 1976 (zm. 2012) 1967.06.16 Urodzi\u0142 [&hellip;]<\/p>\n","protected":false},"author":3,"featured_media":12991,"comment_status":"closed","ping_status":"open","sticky":false,"template":"","format":"standard","meta":{"_acf_changed":false,"footnotes":""},"categories":[144],"tags":[143],"class_list":["post-7567","post","type-post","status-publish","format-standard","has-post-thumbnail","hentry","category-kartka-z-kalendarza","tag-kalendarium"],"acf":[],"_links":{"self":[{"href":"https:\/\/kronika-futbolu.pl\/historia\/wp-json\/wp\/v2\/posts\/7567","targetHints":{"allow":["GET"]}}],"collection":[{"href":"https:\/\/kronika-futbolu.pl\/historia\/wp-json\/wp\/v2\/posts"}],"about":[{"href":"https:\/\/kronika-futbolu.pl\/historia\/wp-json\/wp\/v2\/types\/post"}],"author":[{"embeddable":true,"href":"https:\/\/kronika-futbolu.pl\/historia\/wp-json\/wp\/v2\/users\/3"}],"replies":[{"embeddable":true,"href":"https:\/\/kronika-futbolu.pl\/historia\/wp-json\/wp\/v2\/comments?post=7567"}],"version-history":[{"count":1,"href":"https:\/\/kronika-futbolu.pl\/historia\/wp-json\/wp\/v2\/posts\/7567\/revisions"}],"predecessor-version":[{"id":13137,"href":"https:\/\/kronika-futbolu.pl\/historia\/wp-json\/wp\/v2\/posts\/7567\/revisions\/13137"}],"wp:featuredmedia":[{"embeddable":true,"href":"https:\/\/kronika-futbolu.pl\/historia\/wp-json\/wp\/v2\/media\/12991"}],"wp:attachment":[{"href":"https:\/\/kronika-futbolu.pl\/historia\/wp-json\/wp\/v2\/media?parent=7567"}],"wp:term":[{"taxonomy":"category","embeddable":true,"href":"https:\/\/kronika-futbolu.pl\/historia\/wp-json\/wp\/v2\/categories?post=7567"},{"taxonomy":"post_tag","embeddable":true,"href":"https:\/\/kronika-futbolu.pl\/historia\/wp-json\/wp\/v2\/tags?post=7567"}],"curies":[{"name":"wp","href":"https:\/\/api.w.org\/{rel}","templated":true}]}}