{"id":7570,"date":"2020-06-17T00:01:37","date_gmt":"2020-06-16T22:01:37","guid":{"rendered":"https:\/\/kronika-futbolu.pl\/historia\/?p=7570"},"modified":"2022-10-15T12:15:50","modified_gmt":"2022-10-15T10:15:50","slug":"pilkarska-kartka-kalendarza-17-czerwca","status":"publish","type":"post","link":"https:\/\/kronika-futbolu.pl\/historia\/pilkarska-kartka-kalendarza-17-czerwca\/","title":{"rendered":"Pi\u0142karska kartka z kalendarza 17 czerwca"},"content":{"rendered":"<div id=\"ez-toc-container\" class=\"ez-toc-v2_0_75 counter-hierarchy ez-toc-counter ez-toc-grey ez-toc-container-direction\">\n<div class=\"ez-toc-title-container\">\n<p class=\"ez-toc-title\" style=\"cursor:inherit\">Table of Contents<\/p>\n<span class=\"ez-toc-title-toggle\"><a href=\"#\" class=\"ez-toc-pull-right ez-toc-btn ez-toc-btn-xs ez-toc-btn-default ez-toc-toggle\" aria-label=\"Toggle Table of Content\"><span class=\"ez-toc-js-icon-con\"><span class=\"\"><span class=\"eztoc-hide\" style=\"display:none;\">Toggle<\/span><span class=\"ez-toc-icon-toggle-span\"><svg style=\"fill: #999;color:#999\" xmlns=\"http:\/\/www.w3.org\/2000\/svg\" class=\"list-377408\" width=\"20px\" height=\"20px\" viewBox=\"0 0 24 24\" fill=\"none\"><path d=\"M6 6H4v2h2V6zm14 0H8v2h12V6zM4 11h2v2H4v-2zm16 0H8v2h12v-2zM4 16h2v2H4v-2zm16 0H8v2h12v-2z\" fill=\"currentColor\"><\/path><\/svg><svg style=\"fill: #999;color:#999\" class=\"arrow-unsorted-368013\" xmlns=\"http:\/\/www.w3.org\/2000\/svg\" width=\"10px\" height=\"10px\" viewBox=\"0 0 24 24\" version=\"1.2\" baseProfile=\"tiny\"><path d=\"M18.2 9.3l-6.2-6.3-6.2 6.3c-.2.2-.3.4-.3.7s.1.5.3.7c.2.2.4.3.7.3h11c.3 0 .5-.1.7-.3.2-.2.3-.5.3-.7s-.1-.5-.3-.7zM5.8 14.7l6.2 6.3 6.2-6.3c.2-.2.3-.5.3-.7s-.1-.5-.3-.7c-.2-.2-.4-.3-.7-.3h-11c-.3 0-.5.1-.7.3-.2.2-.3.5-.3.7s.1.5.3.7z\"\/><\/svg><\/span><\/span><\/span><\/a><\/span><\/div>\n<nav><ul class='ez-toc-list ez-toc-list-level-1 ' ><li class='ez-toc-page-1 ez-toc-heading-level-4'><a class=\"ez-toc-link ez-toc-heading-1\" href=\"https:\/\/kronika-futbolu.pl\/historia\/pilkarska-kartka-kalendarza-17-czerwca\/#Pilkarska_kartka_z_kalendarza_17_czerwca\" >Pi\u0142karska kartka z kalendarza 17 czerwca<\/a><\/li><li class='ez-toc-page-1 ez-toc-heading-level-4'><a class=\"ez-toc-link ez-toc-heading-2\" href=\"https:\/\/kronika-futbolu.pl\/historia\/pilkarska-kartka-kalendarza-17-czerwca\/#Zobacz_takze\" >Zobacz tak\u017ce:<\/a><ul class='ez-toc-list-level-5' ><li class='ez-toc-heading-level-5'><a class=\"ez-toc-link ez-toc-heading-3\" href=\"https:\/\/kronika-futbolu.pl\/historia\/pilkarska-kartka-kalendarza-17-czerwca\/#Lista_meczow_reprezentacji_Polski\" >Lista mecz\u00f3w reprezentacji Polski.<\/a><\/li><li class='ez-toc-page-1 ez-toc-heading-level-5'><a class=\"ez-toc-link ez-toc-heading-4\" href=\"https:\/\/kronika-futbolu.pl\/historia\/pilkarska-kartka-kalendarza-17-czerwca\/#Pilkarska_kartka_z_kalendarza_16_czerwca\" >Pi\u0142karska kartka z kalendarza 16 czerwca<\/a><\/li><li class='ez-toc-page-1 ez-toc-heading-level-5'><a class=\"ez-toc-link ez-toc-heading-5\" href=\"https:\/\/kronika-futbolu.pl\/historia\/pilkarska-kartka-kalendarza-17-czerwca\/#Rocznica_tragedii_w_Gabonie\" >Rocznica tragedii w Gabonie.<\/a><\/li><li class='ez-toc-page-1 ez-toc-heading-level-5'><a class=\"ez-toc-link ez-toc-heading-6\" href=\"https:\/\/kronika-futbolu.pl\/historia\/pilkarska-kartka-kalendarza-17-czerwca\/#12_kwietnia_1891_poczatek_ligi_argentynskiej\" >12 kwietnia 1891 pocz\u0105tek ligi argenty\u0144skiej.<\/a><\/li><\/ul><\/li><li class='ez-toc-page-1 ez-toc-heading-level-4'><a class=\"ez-toc-link ez-toc-heading-7\" href=\"https:\/\/kronika-futbolu.pl\/historia\/pilkarska-kartka-kalendarza-17-czerwca\/#i\" >\u00a0<\/a><\/li><li class='ez-toc-page-1 ez-toc-heading-level-4'><a class=\"ez-toc-link ez-toc-heading-8\" href=\"https:\/\/kronika-futbolu.pl\/historia\/pilkarska-kartka-kalendarza-17-czerwca\/#Masz_pytania_Chcesz_sie_dowiedziec_wiecej_Pisz_smialo\" >Masz pytania ? Chcesz si\u0119 dowiedzie\u0107 wi\u0119cej ? Pisz \u015bmia\u0142o !<\/a><\/li><\/ul><\/nav><\/div>\n<h4><span class=\"ez-toc-section\" id=\"Pilkarska_kartka_z_kalendarza_17_czerwca\"><\/span>Pi\u0142karska kartka z kalendarza 17 czerwca<span class=\"ez-toc-section-end\"><\/span><\/h4>\n<p>1992.06.17 <strong>Tad\u017cykistan<\/strong> zremisowa\u0142 w Duszanbe z Uzbekistanem 2:2 w pierwszym w historii oficjalnym meczu dla obu reprezentacji pi\u0142karskich.<\/p>\n<p>1994.06.17 W USA rozpocz\u0119\u0142y si\u0119<strong> XV Mistrzostwa \u015awiata<\/strong><\/p>\n<p>1967.06.17 Urodzi\u0142 si\u0119 <strong>Zinho<\/strong>, brazylijski pomocnik, mistrz \u015bwiata 1994<\/p>\n<p>2000.06.17 <strong>Zag\u0142\u0119bie Lubin &#8211; Vila\u015f Masall<\/strong>i 4-0 Puchar Intertoto bramki: Lewandowski Grzegorz 15&#8242;, Manuszewski Jacek 36&#8242;, Grzybowski Zbigniew 49&#8242;,64&#8242;<\/p>\n<p>2001.06.17 <strong> Dyskobolia Grodzisk Wlkp.-Spartak Warna<\/strong> 1-0 Puchar Intertoto gol: Maciej Nuckowski 87&#8242;<\/p>\n<p>2001.06.17 <strong>Zag\u0142\u0119bie Lubin &#8211; Hibernians Paola(Malta)<\/strong> 4-0 Puchar Intertoto bramki: Grzybowski Zbigniew 34&#8242;, 60&#8242;, Manuszewski Jacek 40&#8242;,90&#8242;<\/p>\n<h4><span class=\"ez-toc-section\" id=\"Zobacz_takze\"><\/span><strong>Zobacz tak\u017ce:<\/strong><span class=\"ez-toc-section-end\"><\/span><\/h4>\n<h5><span class=\"ez-toc-section\" id=\"Lista_meczow_reprezentacji_Polski\"><\/span><a href=\"\/historia\/reprezentacja-polski-mecze\/\">Lista mecz\u00f3w reprezentacji Polski.<\/a><span class=\"ez-toc-section-end\"><\/span><\/h5>\n<h5><span class=\"ez-toc-section\" id=\"Pilkarska_kartka_z_kalendarza_16_czerwca\"><\/span><a>Pi\u0142karska kartka z kalendarza 16 czerwca<\/a><span class=\"ez-toc-section-end\"><\/span><\/h5>\n<h5><span class=\"ez-toc-section\" id=\"Rocznica_tragedii_w_Gabonie\"><\/span><a href=\"\/historia\/22-lata-od-tragedii-w-gabonie\/\">Rocznica tragedii w Gabonie.<\/a><span class=\"ez-toc-section-end\"><\/span><\/h5>\n<h5><span class=\"ez-toc-section\" id=\"12_kwietnia_1891_poczatek_ligi_argentynskiej\"><\/span><a href=\"\/historia\/12-kwietnia-1891-poczatek-ligi-argentynskiej\/\">12 kwietnia 1891 pocz\u0105tek ligi argenty\u0144skiej.<\/a><span class=\"ez-toc-section-end\"><\/span><\/h5>\n<h4><span class=\"ez-toc-section\" id=\"i\"><\/span>\u00a0<span class=\"ez-toc-section-end\"><\/span><\/h4>\n<h4><span class=\"ez-toc-section\" id=\"Masz_pytania_Chcesz_sie_dowiedziec_wiecej_Pisz_smialo\"><\/span>Masz pytania ? Chcesz si\u0119 dowiedzie\u0107 wi\u0119cej ? Pisz \u015bmia\u0142o !<span class=\"ez-toc-section-end\"><\/span><\/h4>\n","protected":false},"excerpt":{"rendered":"<p>Pi\u0142karska kartka z kalendarza 17 czerwca 1992.06.17 Tad\u017cykistan zremisowa\u0142 w Duszanbe z Uzbekistanem 2:2 w pierwszym w historii oficjalnym meczu dla obu reprezentacji pi\u0142karskich. 1994.06.17 W USA rozpocz\u0119\u0142y si\u0119 XV Mistrzostwa \u015awiata 1967.06.17 Urodzi\u0142 si\u0119 Zinho, brazylijski pomocnik, mistrz \u015bwiata 1994 2000.06.17 Zag\u0142\u0119bie Lubin &#8211; Vila\u015f Masalli 4-0 Puchar Intertoto bramki: Lewandowski Grzegorz 15&#8242;, Manuszewski [&hellip;]<\/p>\n","protected":false},"author":3,"featured_media":13135,"comment_status":"closed","ping_status":"open","sticky":false,"template":"","format":"standard","meta":{"_acf_changed":false,"footnotes":""},"categories":[144],"tags":[143],"class_list":["post-7570","post","type-post","status-publish","format-standard","has-post-thumbnail","hentry","category-kartka-z-kalendarza","tag-kalendarium"],"acf":[],"_links":{"self":[{"href":"https:\/\/kronika-futbolu.pl\/historia\/wp-json\/wp\/v2\/posts\/7570","targetHints":{"allow":["GET"]}}],"collection":[{"href":"https:\/\/kronika-futbolu.pl\/historia\/wp-json\/wp\/v2\/posts"}],"about":[{"href":"https:\/\/kronika-futbolu.pl\/historia\/wp-json\/wp\/v2\/types\/post"}],"author":[{"embeddable":true,"href":"https:\/\/kronika-futbolu.pl\/historia\/wp-json\/wp\/v2\/users\/3"}],"replies":[{"embeddable":true,"href":"https:\/\/kronika-futbolu.pl\/historia\/wp-json\/wp\/v2\/comments?post=7570"}],"version-history":[{"count":1,"href":"https:\/\/kronika-futbolu.pl\/historia\/wp-json\/wp\/v2\/posts\/7570\/revisions"}],"predecessor-version":[{"id":13136,"href":"https:\/\/kronika-futbolu.pl\/historia\/wp-json\/wp\/v2\/posts\/7570\/revisions\/13136"}],"wp:featuredmedia":[{"embeddable":true,"href":"https:\/\/kronika-futbolu.pl\/historia\/wp-json\/wp\/v2\/media\/13135"}],"wp:attachment":[{"href":"https:\/\/kronika-futbolu.pl\/historia\/wp-json\/wp\/v2\/media?parent=7570"}],"wp:term":[{"taxonomy":"category","embeddable":true,"href":"https:\/\/kronika-futbolu.pl\/historia\/wp-json\/wp\/v2\/categories?post=7570"},{"taxonomy":"post_tag","embeddable":true,"href":"https:\/\/kronika-futbolu.pl\/historia\/wp-json\/wp\/v2\/tags?post=7570"}],"curies":[{"name":"wp","href":"https:\/\/api.w.org\/{rel}","templated":true}]}}