{"id":7572,"date":"2020-06-18T00:01:20","date_gmt":"2020-06-17T22:01:20","guid":{"rendered":"https:\/\/kronika-futbolu.pl\/historia\/?p=7572"},"modified":"2022-10-15T12:13:57","modified_gmt":"2022-10-15T10:13:57","slug":"pilkarska-kartka-kalendarza-18-czerwca","status":"publish","type":"post","link":"https:\/\/kronika-futbolu.pl\/historia\/pilkarska-kartka-kalendarza-18-czerwca\/","title":{"rendered":"Pi\u0142karska kartka z kalendarza 18 czerwca"},"content":{"rendered":"<h4>Pi\u0142karska kartka z kalendarza 18 czerwca<\/h4>\n<p>1972.06.18 Reprezentacja <strong>RFN<\/strong> pokona\u0142a ZSRR 3:0 w rozegranym na Stadionie Heysel w Brukseli finale IV Mistrzostw Europy w Pi\u0142ce No\u017cnej.<\/p>\n<p>1946.06.18 Urodzi\u0142 si\u0119 <strong>Fabio Capello<\/strong>, w\u0142oski pi\u0142karz, trener pi\u0142karski<\/p>\n<p>1968.06.18 Urodzi\u0142 si\u0119 <strong>Piotr Lech<\/strong>, bramkarz, mistrz Polski 1989 z Ruchem Chorz\u00f3w<\/p>\n<p><strong>1978-06-18 Polska &#8211; Peru 1-0 M\u015a 1978 Mendoza gol: <\/strong>Andrzej Szarmach 65&#8242;<\/p>\n<p>2005.06.18 <strong> Tiligul-Tiras Tyraspol-Pogo\u0144 Szczecin<\/strong> 0-3 Puchar Intertoto bramki: Przemys\u0142aw Ka\u017amierczak 45&#8242;, Tomasz Parzy 84&#8242;, Krzysztof Michalski 90&#8242;<\/p>\n","protected":false},"excerpt":{"rendered":"<p>Pi\u0142karska kartka z kalendarza 18 czerwca 1972.06.18 Reprezentacja RFN pokona\u0142a ZSRR 3:0 w rozegranym na Stadionie Heysel w Brukseli finale IV Mistrzostw Europy w Pi\u0142ce No\u017cnej. 1946.06.18 Urodzi\u0142 si\u0119 Fabio Capello, w\u0142oski pi\u0142karz, trener pi\u0142karski 1968.06.18 Urodzi\u0142 si\u0119 Piotr Lech, bramkarz, mistrz Polski 1989 z Ruchem Chorz\u00f3w 1978-06-18 Polska &#8211; Peru 1-0 M\u015a 1978 Mendoza [&hellip;]<\/p>\n","protected":false},"author":3,"featured_media":12991,"comment_status":"closed","ping_status":"open","sticky":false,"template":"","format":"standard","meta":{"_acf_changed":false,"footnotes":""},"categories":[144],"tags":[143],"class_list":["post-7572","post","type-post","status-publish","format-standard","has-post-thumbnail","hentry","category-kartka-z-kalendarza","tag-kalendarium"],"acf":[],"_links":{"self":[{"href":"https:\/\/kronika-futbolu.pl\/historia\/wp-json\/wp\/v2\/posts\/7572","targetHints":{"allow":["GET"]}}],"collection":[{"href":"https:\/\/kronika-futbolu.pl\/historia\/wp-json\/wp\/v2\/posts"}],"about":[{"href":"https:\/\/kronika-futbolu.pl\/historia\/wp-json\/wp\/v2\/types\/post"}],"author":[{"embeddable":true,"href":"https:\/\/kronika-futbolu.pl\/historia\/wp-json\/wp\/v2\/users\/3"}],"replies":[{"embeddable":true,"href":"https:\/\/kronika-futbolu.pl\/historia\/wp-json\/wp\/v2\/comments?post=7572"}],"version-history":[{"count":1,"href":"https:\/\/kronika-futbolu.pl\/historia\/wp-json\/wp\/v2\/posts\/7572\/revisions"}],"predecessor-version":[{"id":13134,"href":"https:\/\/kronika-futbolu.pl\/historia\/wp-json\/wp\/v2\/posts\/7572\/revisions\/13134"}],"wp:featuredmedia":[{"embeddable":true,"href":"https:\/\/kronika-futbolu.pl\/historia\/wp-json\/wp\/v2\/media\/12991"}],"wp:attachment":[{"href":"https:\/\/kronika-futbolu.pl\/historia\/wp-json\/wp\/v2\/media?parent=7572"}],"wp:term":[{"taxonomy":"category","embeddable":true,"href":"https:\/\/kronika-futbolu.pl\/historia\/wp-json\/wp\/v2\/categories?post=7572"},{"taxonomy":"post_tag","embeddable":true,"href":"https:\/\/kronika-futbolu.pl\/historia\/wp-json\/wp\/v2\/tags?post=7572"}],"curies":[{"name":"wp","href":"https:\/\/api.w.org\/{rel}","templated":true}]}}