{"id":7667,"date":"2020-07-12T00:01:09","date_gmt":"2020-07-11T22:01:09","guid":{"rendered":"https:\/\/kronika-futbolu.pl\/historia\/?p=7667"},"modified":"2022-10-15T11:54:31","modified_gmt":"2022-10-15T09:54:31","slug":"pilkarska-kartka-z-kalendarza-12-lipca","status":"publish","type":"post","link":"https:\/\/kronika-futbolu.pl\/historia\/pilkarska-kartka-z-kalendarza-12-lipca\/","title":{"rendered":"Pi\u0142karska kartka z kalendarza 12 lipca"},"content":{"rendered":"<h4>Pi\u0142karska kartka z kalendarza 12 lipca<\/h4>\n<p>1998.07.12 Na Stade de France w podparyskim Saint-Denis Francja pokona\u0142a Brazyli\u0119 3-0 w finale XVI Mistrzostw \u015awiata. Bramki: Zinedine Zidane 27\u2032, 45\u2019+1\u2032, Emmanuel Petit 90+3\u2032.<\/p>\n<p>Sk\u0142ady:<\/p>\n<p>Brazylia: Claudio Taffarel, Cafu, Aldair, Junior Baiano, Roberto Carlos, C\u00e9sar Sampaio (73\u2032 Edmundo), Dunga, Rivaldo, Leonardo (46\u2032 Den\u00edlson), Bebeto, Ronaldo<\/p>\n<p>Francja: Fabien Barthez, Lilian Thuram, Marcel Desailly (czerwona kartka w 68 minucie za drug\u0105 \u017c\u00f3\u0142t\u0105), Frank Leboeuf, Bixente Lizarazu, Didier Deschamps, Christian Karembeu (57\u2032 Alain Boghossian), Emmanuel Petit, Zinedine Zidane, Youri Djorkaeff (74\u2032 Patrick Vieira), St\u00e9phane Guivarc\u2019h (66\u2032 Christophe Dugarry)<\/p>\n<p>Wi\u0119cej o historii Mistrzostw \u015awiata : <a href=\"\/historia\/mistrzostwa-swiata-w-pilce-nozne-historia-zdobywcy-wyniki\/\">kliknij<\/a><\/p>\n<p>1982.07.12 Antonio Cassano, w\u0142oski napastnik, wicemistrz Europy 2012<\/p>\n<p>2012.07.12 \u017betysu Ta\u0142dykorgan-Lech Pozna\u0144 1-1 el.Ligi Europy bramki: Sierik\u017can Mu\u017cykow 44\u2032 &#8211; Bartosz \u015alusarski 13\u2032<\/p>\n<p>Sk\u0142ad Lecha: Kotorowski, Mo\u017cd\u017ce\u0144, Wo\u0142\u0105kiewicz, Kami\u0144ski, Henr\u00edquez, Lovrencsics (66&#8242; Kie\u0142b), \u0110ur\u0111evi\u0107 (80&#8242; Tonew), Murawski, Drewniak, Ubiparip, \u015alusarski (90&#8242; K\u0119dziora)<\/p>\n<p>\u017betysu: \u0141oginowskij, Kosti\u0107, Mihajlov, Djakow, Mukanow (87&#8217;Korobow),Junuzovi\u0107, Dobra\u0161inovi\u0107, Spanow (85&#8242; Kumisbiekow), Skorych, Mu\u017cykow, Beli\u0107 (67&#8242; Szczotkin)<\/p>\n","protected":false},"excerpt":{"rendered":"<p>Pi\u0142karska kartka z kalendarza 12 lipca 1998.07.12 Na Stade de France w podparyskim Saint-Denis Francja pokona\u0142a Brazyli\u0119 3-0 w finale XVI Mistrzostw \u015awiata. Bramki: Zinedine Zidane 27\u2032, 45\u2019+1\u2032, Emmanuel Petit 90+3\u2032. Sk\u0142ady: Brazylia: Claudio Taffarel, Cafu, Aldair, Junior Baiano, Roberto Carlos, C\u00e9sar Sampaio (73\u2032 Edmundo), Dunga, Rivaldo, Leonardo (46\u2032 Den\u00edlson), Bebeto, Ronaldo Francja: Fabien Barthez, [&hellip;]<\/p>\n","protected":false},"author":3,"featured_media":12991,"comment_status":"closed","ping_status":"open","sticky":false,"template":"","format":"standard","meta":{"_acf_changed":false,"footnotes":""},"categories":[144],"tags":[550,143,187,551,552],"class_list":["post-7667","post","type-post","status-publish","format-standard","has-post-thumbnail","hentry","category-kartka-z-kalendarza","tag-francja-1998","tag-kalendarium","tag-lech-poznan","tag-lech-poznan-europejskie-puchary","tag-mundial-1998"],"acf":[],"_links":{"self":[{"href":"https:\/\/kronika-futbolu.pl\/historia\/wp-json\/wp\/v2\/posts\/7667","targetHints":{"allow":["GET"]}}],"collection":[{"href":"https:\/\/kronika-futbolu.pl\/historia\/wp-json\/wp\/v2\/posts"}],"about":[{"href":"https:\/\/kronika-futbolu.pl\/historia\/wp-json\/wp\/v2\/types\/post"}],"author":[{"embeddable":true,"href":"https:\/\/kronika-futbolu.pl\/historia\/wp-json\/wp\/v2\/users\/3"}],"replies":[{"embeddable":true,"href":"https:\/\/kronika-futbolu.pl\/historia\/wp-json\/wp\/v2\/comments?post=7667"}],"version-history":[{"count":1,"href":"https:\/\/kronika-futbolu.pl\/historia\/wp-json\/wp\/v2\/posts\/7667\/revisions"}],"predecessor-version":[{"id":13113,"href":"https:\/\/kronika-futbolu.pl\/historia\/wp-json\/wp\/v2\/posts\/7667\/revisions\/13113"}],"wp:featuredmedia":[{"embeddable":true,"href":"https:\/\/kronika-futbolu.pl\/historia\/wp-json\/wp\/v2\/media\/12991"}],"wp:attachment":[{"href":"https:\/\/kronika-futbolu.pl\/historia\/wp-json\/wp\/v2\/media?parent=7667"}],"wp:term":[{"taxonomy":"category","embeddable":true,"href":"https:\/\/kronika-futbolu.pl\/historia\/wp-json\/wp\/v2\/categories?post=7667"},{"taxonomy":"post_tag","embeddable":true,"href":"https:\/\/kronika-futbolu.pl\/historia\/wp-json\/wp\/v2\/tags?post=7667"}],"curies":[{"name":"wp","href":"https:\/\/api.w.org\/{rel}","templated":true}]}}