{"id":7703,"date":"2020-07-18T00:01:14","date_gmt":"2020-07-17T22:01:14","guid":{"rendered":"https:\/\/kronika-futbolu.pl\/historia\/?p=7703"},"modified":"2022-10-15T11:52:46","modified_gmt":"2022-10-15T09:52:46","slug":"pilkarska-kartka-kalendarza-18-lipca","status":"publish","type":"post","link":"https:\/\/kronika-futbolu.pl\/historia\/pilkarska-kartka-kalendarza-18-lipca\/","title":{"rendered":"Pi\u0142karska kartka z kalendarza 18 lipca"},"content":{"rendered":"<h4>Pi\u0142karska kartka z kalendarza 18 lipca<\/h4>\n<p>2006.07.18 Rozpocz\u0119\u0142y si\u0119 Mistrzostwa Europy do lat 19, kt\u00f3re rozegrano na stadionach w Poznaniu, Wronkach, Grodzisku Wlkp. Szamotu\u0142ach, Pobiedzisku, Swarz\u0119dzu. W turnieju Uczestniczy\u0142o 8 dru\u017cyn, Polska odpad\u0142a w fazie grupowej, turniej wygra\u0142a Hiszpania w sk\u0142adzie kt\u00f3rej grali min. Alberto Bueno(kr\u00f3l strzelc\u00f3w 5 goli), Juan Mata, Gerard Piqu\u00e9, Jeffr\u00e9n Su\u00e1rez<\/p>\n<p>1971.07.18 Edson Arantes do Nascimento (Pel\u00e9) po raz ostatni wyst\u0105pi\u0142 w reprezentacji narodowej Brazylii w zremisowanym 2 &#8211; 2 towarzyskim meczu z Jugos\u0142awi\u0105 rozegranym w Rio de Janeiro.<\/p>\n<p>1892.07.18 Urodzi\u0142 si\u0119 Arthur Friedenreich, brazylijski napastnik, zdobywca Copa America 1919,1922 (zm. 1969)<\/p>\n<p>1938.07.18 Urodzi\u0142 si\u0119 John Connelly, angielski pomocnik, napastnik, mistrz \u015bwiata 1966 (zm. 2012)<\/p>\n<p>1942.07.18 Urodzi\u0142 si\u0119 Giacinto Facchetti, w\u0142oski obro\u0144ca, zdobywca Pucharu Europy &#8217;64, &#8217;65 z Interem, wicemistrz \u015bwiata 1970, mistrz Europy 1968 (zm. 2006)<\/p>\n<p>1949.07.18 Urodzi\u0142 si\u0119 Jerzy Gorgo\u0144, polski obro\u0144ca, mistrz Olimpijski 1972 wicemistrz 1976 , 3 miejsce na mundialu 1974<\/p>\n<p>1957.07.18 Urodzi\u0142 si\u0119 Jan Ja\u0142ocha, obro\u0144ca, pomocnik, mistrz Polski 1978 z Wis\u0142\u0105 Krak\u00f3w<\/p>\n<p>1976-07-18 Polska &#8211; Kuba 0-0 IO 1976 Montreal<\/p>\n<p>1998.07.18 Ruch Chorz\u00f3w-Estrela Amadora 1-1 Puchar Intertoto gol dla Rychu: Krzysztof Biziacki 54&#8242;<\/p>\n<p>2012.07.18 Budu\u0107nost Podgorica-\u015al\u0105sk Wroc\u0142aw 0-2 el. Ligi Mistrz\u00f3w bramki: Rok Elsner 19, Sebastian Mila 49&#8242;-k.<\/p>\n<p>2013.07.18 Honka Espoo(FIN)-Lech Pozna\u0144 1-3 el. Ligi Europy bramki: Jussi Vasara 17&#8242; &#8211; Vojo Ubiparip 11&#8242;, \u0141ukasz Teodorczyk 53&#8242;, Marcin Kami\u0144ski 71&#8242;<\/p>\n<p>2013.07.18 \u015al\u0105sk Wroc\u0142aw-Rudar Pljevlja 4-0 el. Ligi Europy bramki: Marco Paix\u00e3o 5&#8242;, 9&#8242;, Waldemar Sobota 56&#8242;, Sebino Plaku 70&#8242;<\/p>\n<p>2013.07.18 Qaraba\u011f Agdam-Piast Gliwice 2-1 el. Ligi Europy bramki: Richard 40&#8242;, Reynaldo 83&#8242; &#8211; Marcin Robak 18&#8242;<\/p>\n","protected":false},"excerpt":{"rendered":"<p>Pi\u0142karska kartka z kalendarza 18 lipca 2006.07.18 Rozpocz\u0119\u0142y si\u0119 Mistrzostwa Europy do lat 19, kt\u00f3re rozegrano na stadionach w Poznaniu, Wronkach, Grodzisku Wlkp. Szamotu\u0142ach, Pobiedzisku, Swarz\u0119dzu. W turnieju Uczestniczy\u0142o 8 dru\u017cyn, Polska odpad\u0142a w fazie grupowej, turniej wygra\u0142a Hiszpania w sk\u0142adzie kt\u00f3rej grali min. Alberto Bueno(kr\u00f3l strzelc\u00f3w 5 goli), Juan Mata, Gerard Piqu\u00e9, Jeffr\u00e9n Su\u00e1rez [&hellip;]<\/p>\n","protected":false},"author":3,"featured_media":12991,"comment_status":"closed","ping_status":"open","sticky":false,"template":"","format":"standard","meta":{"_acf_changed":false,"footnotes":""},"categories":[144],"tags":[143],"class_list":["post-7703","post","type-post","status-publish","format-standard","has-post-thumbnail","hentry","category-kartka-z-kalendarza","tag-kalendarium"],"acf":[],"_links":{"self":[{"href":"https:\/\/kronika-futbolu.pl\/historia\/wp-json\/wp\/v2\/posts\/7703","targetHints":{"allow":["GET"]}}],"collection":[{"href":"https:\/\/kronika-futbolu.pl\/historia\/wp-json\/wp\/v2\/posts"}],"about":[{"href":"https:\/\/kronika-futbolu.pl\/historia\/wp-json\/wp\/v2\/types\/post"}],"author":[{"embeddable":true,"href":"https:\/\/kronika-futbolu.pl\/historia\/wp-json\/wp\/v2\/users\/3"}],"replies":[{"embeddable":true,"href":"https:\/\/kronika-futbolu.pl\/historia\/wp-json\/wp\/v2\/comments?post=7703"}],"version-history":[{"count":1,"href":"https:\/\/kronika-futbolu.pl\/historia\/wp-json\/wp\/v2\/posts\/7703\/revisions"}],"predecessor-version":[{"id":13109,"href":"https:\/\/kronika-futbolu.pl\/historia\/wp-json\/wp\/v2\/posts\/7703\/revisions\/13109"}],"wp:featuredmedia":[{"embeddable":true,"href":"https:\/\/kronika-futbolu.pl\/historia\/wp-json\/wp\/v2\/media\/12991"}],"wp:attachment":[{"href":"https:\/\/kronika-futbolu.pl\/historia\/wp-json\/wp\/v2\/media?parent=7703"}],"wp:term":[{"taxonomy":"category","embeddable":true,"href":"https:\/\/kronika-futbolu.pl\/historia\/wp-json\/wp\/v2\/categories?post=7703"},{"taxonomy":"post_tag","embeddable":true,"href":"https:\/\/kronika-futbolu.pl\/historia\/wp-json\/wp\/v2\/tags?post=7703"}],"curies":[{"name":"wp","href":"https:\/\/api.w.org\/{rel}","templated":true}]}}