{"id":7712,"date":"2020-07-24T00:01:37","date_gmt":"2020-07-23T22:01:37","guid":{"rendered":"https:\/\/kronika-futbolu.pl\/historia\/?p=7712"},"modified":"2022-10-15T11:51:37","modified_gmt":"2022-10-15T09:51:37","slug":"pilkarska-kartka-z-kalendarza-24-lipca","status":"publish","type":"post","link":"https:\/\/kronika-futbolu.pl\/historia\/pilkarska-kartka-z-kalendarza-24-lipca\/","title":{"rendered":"Pi\u0142karska kartka z kalendarza 24 lipca"},"content":{"rendered":"<h4>Pi\u0142karska kartka z kalendarza 24 lipca<\/h4>\n<p>1958.07.24 Urodzi\u0142 si\u0119 Jim Leighton, szkocki bramkarz, zdobywca Pucharu Zdobywc\u00f3w Puchar\u00f3w 1983 z Aberdeen<\/p>\n<p>1971.07.24 Urodzi\u0142 si\u0119 Dino Baggio, w\u0142oski pomocnik, wicemistrz \u015bwiata 1994, zdobywca Pucharu UEFA 1993 (Juventus) ,1995,1999 (Parma). Gra\u0142 min. w Torino, Interze, Juventusie, Parmie, Lazio, Blackburn R. W 1998 roku podczas meczu Wis\u0142a-Parma w Pucharze UEFA dosta\u0142 w g\u0142ow\u0119 no\u017cem rzuconym z trybun przez kibica Wis\u0142y.<\/p>\n<p>1973.07.24 Urodzi\u0142 si\u0119 Johan Micoud, francuski pomocnik, mistrz Europy 2000<\/p>\n<p>1979.07.24 Urodzi\u0142 si\u0119 Peter \u0160ingl\u00e1r, s\u0142owacki obro\u0144ca, mistrz Czech ze Slovanem Liberec mistrz Polski z Wis\u0142\u0105 2009<\/p>\n<p>1983.07.24 Urodzi\u0142 si\u0119 Daniele De Rossi, w\u0142oski pomocnik mistrz \u015bwiata 2006<\/p>\n<p>1996.07.24 Legia Warszawa-Jeunesse Esch(LUX) 3-0 el. Pucharu UEFA bramki: Marcin Mi\u0119ciel 19&#8242;, 63&#8242;, Roman Oreszczuk 71&#8242;<\/p>\n<p>1996.07.24 Chazri Buzowna Baku-Hutnik Krak\u00f3w 2-2 el. Pucharu UEFA bramki: Talibow 12, Yahaya 80, &#8211; Zi\u00f3\u0142kowski 17, Alijew 41,<\/p>\n<p>1999.07.24 Vasas SC(W\u0119gry)-Polonia Warszawa 1-2 Puchar Intertoto bramki dla Polonii: Arkadiusz B\u0105k 62&#8242;, Igor Go\u0142aszewski 80&#8242;<\/p>\n<p>2013.07.24 Legia Warszawa &#8211; The New Saints F.C. 1-0 el. Ligi Mistrz\u00f3w gol: Wladimer Dwaliszwili 53&#8242;<\/p>\n","protected":false},"excerpt":{"rendered":"<p>Pi\u0142karska kartka z kalendarza 24 lipca 1958.07.24 Urodzi\u0142 si\u0119 Jim Leighton, szkocki bramkarz, zdobywca Pucharu Zdobywc\u00f3w Puchar\u00f3w 1983 z Aberdeen 1971.07.24 Urodzi\u0142 si\u0119 Dino Baggio, w\u0142oski pomocnik, wicemistrz \u015bwiata 1994, zdobywca Pucharu UEFA 1993 (Juventus) ,1995,1999 (Parma). Gra\u0142 min. w Torino, Interze, Juventusie, Parmie, Lazio, Blackburn R. W 1998 roku podczas meczu Wis\u0142a-Parma w Pucharze [&hellip;]<\/p>\n","protected":false},"author":3,"featured_media":12991,"comment_status":"closed","ping_status":"open","sticky":false,"template":"","format":"standard","meta":{"_acf_changed":false,"footnotes":""},"categories":[144],"tags":[143],"class_list":["post-7712","post","type-post","status-publish","format-standard","has-post-thumbnail","hentry","category-kartka-z-kalendarza","tag-kalendarium"],"acf":[],"_links":{"self":[{"href":"https:\/\/kronika-futbolu.pl\/historia\/wp-json\/wp\/v2\/posts\/7712","targetHints":{"allow":["GET"]}}],"collection":[{"href":"https:\/\/kronika-futbolu.pl\/historia\/wp-json\/wp\/v2\/posts"}],"about":[{"href":"https:\/\/kronika-futbolu.pl\/historia\/wp-json\/wp\/v2\/types\/post"}],"author":[{"embeddable":true,"href":"https:\/\/kronika-futbolu.pl\/historia\/wp-json\/wp\/v2\/users\/3"}],"replies":[{"embeddable":true,"href":"https:\/\/kronika-futbolu.pl\/historia\/wp-json\/wp\/v2\/comments?post=7712"}],"version-history":[{"count":1,"href":"https:\/\/kronika-futbolu.pl\/historia\/wp-json\/wp\/v2\/posts\/7712\/revisions"}],"predecessor-version":[{"id":13107,"href":"https:\/\/kronika-futbolu.pl\/historia\/wp-json\/wp\/v2\/posts\/7712\/revisions\/13107"}],"wp:featuredmedia":[{"embeddable":true,"href":"https:\/\/kronika-futbolu.pl\/historia\/wp-json\/wp\/v2\/media\/12991"}],"wp:attachment":[{"href":"https:\/\/kronika-futbolu.pl\/historia\/wp-json\/wp\/v2\/media?parent=7712"}],"wp:term":[{"taxonomy":"category","embeddable":true,"href":"https:\/\/kronika-futbolu.pl\/historia\/wp-json\/wp\/v2\/categories?post=7712"},{"taxonomy":"post_tag","embeddable":true,"href":"https:\/\/kronika-futbolu.pl\/historia\/wp-json\/wp\/v2\/tags?post=7712"}],"curies":[{"name":"wp","href":"https:\/\/api.w.org\/{rel}","templated":true}]}}