{"id":7718,"date":"2020-07-27T00:01:59","date_gmt":"2020-07-26T22:01:59","guid":{"rendered":"https:\/\/kronika-futbolu.pl\/historia\/?p=7718"},"modified":"2022-10-15T11:51:14","modified_gmt":"2022-10-15T09:51:14","slug":"pilkarska-kartka-z-kalendarza-27-lipca","status":"publish","type":"post","link":"https:\/\/kronika-futbolu.pl\/historia\/pilkarska-kartka-z-kalendarza-27-lipca\/","title":{"rendered":"Pi\u0142karska kartka z kalendarza 27 lipca"},"content":{"rendered":"<h4>Pi\u0142karska kartka z kalendarza 27 lipca<\/h4>\n<p>1913.07.27 Za\u0142o\u017cono klub Verdi F.C.B kt\u00f3ry 16 grudnia tego roku zmieni\u0142 nazw\u0119 na Parma F.C. Pocz\u0105tkowa nazwa by\u0142a ho\u0142dem urodzonego w Parmie kompozytora Giuseppe Verdiego. Parma w swej historii zdoby\u0142a Puchar W\u0142och 1992, 1998, 1999, super pucharu W\u0142och 1999. Puchar UEFA 1995,1999, super pucharu Europy 1993, Puchar Zdobywc\u00f3w Puchar\u00f3w 1993<\/p>\n<p>1961.07.27 Urodzi\u0142 si\u0119 Waldemar Prusik zdobywca Pucharu Polski 1987 ze \u015al\u0105skiem Wroc\u0142aw<\/p>\n<p>1969.07.27 Urodzi\u0142 si\u0119 Pavel Hapal, czeski trener<\/p>\n<p>2004.07.27 WIT Georgia Tbilisi-Wis\u0142a Krak\u00f3w 2-8 el. Ligi Mistrz\u00f3w bramki: Kobiaszwili 12, Adamia 51 &#8211; Frankowski 4, 8, 27, 49, Gorawski 24, \u017burawski 57, 67, Ku\u017aba 76<\/p>\n<p>2006.07.27 Dynamo Mi\u0144sk-Zag\u0142\u0119bie Lubin 0-0 el. Pucharu UEFA<\/p>\n<p>2010.07.27 Sparta Praga &#8211; Lech Pozna\u0144 1-0 el. Ligi Mistrz\u00f3w gol: Erich Brabec 76&#8242;<\/p>\n","protected":false},"excerpt":{"rendered":"<p>Pi\u0142karska kartka z kalendarza 27 lipca 1913.07.27 Za\u0142o\u017cono klub Verdi F.C.B kt\u00f3ry 16 grudnia tego roku zmieni\u0142 nazw\u0119 na Parma F.C. Pocz\u0105tkowa nazwa by\u0142a ho\u0142dem urodzonego w Parmie kompozytora Giuseppe Verdiego. Parma w swej historii zdoby\u0142a Puchar W\u0142och 1992, 1998, 1999, super pucharu W\u0142och 1999. Puchar UEFA 1995,1999, super pucharu Europy 1993, Puchar Zdobywc\u00f3w Puchar\u00f3w [&hellip;]<\/p>\n","protected":false},"author":3,"featured_media":12991,"comment_status":"closed","ping_status":"open","sticky":false,"template":"","format":"standard","meta":{"_acf_changed":false,"footnotes":""},"categories":[144],"tags":[143],"class_list":["post-7718","post","type-post","status-publish","format-standard","has-post-thumbnail","hentry","category-kartka-z-kalendarza","tag-kalendarium"],"acf":[],"_links":{"self":[{"href":"https:\/\/kronika-futbolu.pl\/historia\/wp-json\/wp\/v2\/posts\/7718","targetHints":{"allow":["GET"]}}],"collection":[{"href":"https:\/\/kronika-futbolu.pl\/historia\/wp-json\/wp\/v2\/posts"}],"about":[{"href":"https:\/\/kronika-futbolu.pl\/historia\/wp-json\/wp\/v2\/types\/post"}],"author":[{"embeddable":true,"href":"https:\/\/kronika-futbolu.pl\/historia\/wp-json\/wp\/v2\/users\/3"}],"replies":[{"embeddable":true,"href":"https:\/\/kronika-futbolu.pl\/historia\/wp-json\/wp\/v2\/comments?post=7718"}],"version-history":[{"count":1,"href":"https:\/\/kronika-futbolu.pl\/historia\/wp-json\/wp\/v2\/posts\/7718\/revisions"}],"predecessor-version":[{"id":13106,"href":"https:\/\/kronika-futbolu.pl\/historia\/wp-json\/wp\/v2\/posts\/7718\/revisions\/13106"}],"wp:featuredmedia":[{"embeddable":true,"href":"https:\/\/kronika-futbolu.pl\/historia\/wp-json\/wp\/v2\/media\/12991"}],"wp:attachment":[{"href":"https:\/\/kronika-futbolu.pl\/historia\/wp-json\/wp\/v2\/media?parent=7718"}],"wp:term":[{"taxonomy":"category","embeddable":true,"href":"https:\/\/kronika-futbolu.pl\/historia\/wp-json\/wp\/v2\/categories?post=7718"},{"taxonomy":"post_tag","embeddable":true,"href":"https:\/\/kronika-futbolu.pl\/historia\/wp-json\/wp\/v2\/tags?post=7718"}],"curies":[{"name":"wp","href":"https:\/\/api.w.org\/{rel}","templated":true}]}}