{"id":7740,"date":"2020-08-07T00:01:24","date_gmt":"2020-08-06T22:01:24","guid":{"rendered":"https:\/\/kronika-futbolu.pl\/historia\/?p=7740"},"modified":"2020-08-07T00:01:24","modified_gmt":"2020-08-06T22:01:24","slug":"pilkarska-kartka-z-kalendarza-7-sierpnia","status":"publish","type":"post","link":"https:\/\/kronika-futbolu.pl\/historia\/pilkarska-kartka-z-kalendarza-7-sierpnia\/","title":{"rendered":"Pi\u0142karska kartka z kalendarza 7 sierpnia"},"content":{"rendered":"<h4>Pi\u0142karska kartka z kalendarza 7 sierpnia<\/h4>\n<p>1924.08.07 Za\u0142o\u017cono peruwia\u0144ski klub pi\u0142karski Club Universitario de Deportes.<\/p>\n<p>1999.08.07 W I kolejce nowego sezonu najwy\u017cszej ligi belgijskiej KRC Genk zremisowa\u0142 z Westerlo a\u017c 6-6 a w spotkaniu s\u0119dzia pokaza\u0142 4 czerwone kartki i podyktowa\u0142 5 rzut\u00f3w karnych.<\/p>\n<p>1996.08.07 Widzew \u0141\u00f3d\u017a &#8211; Br\u00f8ndby IF 2-1 el. Ligi Mistrz\u00f3w bramki: Jacek Dembi\u0144ski 63&#8242;, S\u0142awomir Majak 73&#8242;-  Ole Bjur 75&#8242;<\/p>\n<p>2002.08.07 Legia Warszawa &#8211; Vardar Skopje 1-1 el. Ligi Mistrz\u00f3w bramki: Cezary Kucharski 33&#8242; &#8211; Rog\u00e9rio 51&#8242;<\/p>\n<p>2013.08.07 Legia Warszawa &#8211; Molde FK 0-0 Liga Mistrz\u00f3w -el.<\/p>\n<p>2014.08.07 Esbjerg fB-Ruch Chorz\u00f3w 2-2 bramki: Martin Pu\u0161i\u0107 29&#8242;, 85&#8242; &#8211; Filip Starzy\u0144ski 13&#8242;-k, \u0141ukasz Surma 90&#8242; el. Ligi Europy III runda rewan\u017c<\/p>\n<p>2014.08.07 Lech Pozna\u0144-Stjarnan 0-0 el. Ligi Europy III runda rewan\u017c<\/p>\n","protected":false},"excerpt":{"rendered":"<p>Pi\u0142karska kartka z kalendarza 7 sierpnia 1924.08.07 Za\u0142o\u017cono peruwia\u0144ski klub pi\u0142karski Club Universitario de Deportes. 1999.08.07 W I kolejce nowego sezonu najwy\u017cszej ligi belgijskiej KRC Genk zremisowa\u0142 z Westerlo a\u017c 6-6 a w spotkaniu s\u0119dzia pokaza\u0142 4 czerwone kartki i podyktowa\u0142 5 rzut\u00f3w karnych. 1996.08.07 Widzew \u0141\u00f3d\u017a &#8211; Br\u00f8ndby IF 2-1 el. Ligi Mistrz\u00f3w bramki: [&hellip;]<\/p>\n","protected":false},"author":3,"featured_media":995,"comment_status":"closed","ping_status":"open","sticky":false,"template":"","format":"standard","meta":{"_acf_changed":false,"footnotes":""},"categories":[144],"tags":[143],"class_list":["post-7740","post","type-post","status-publish","format-standard","has-post-thumbnail","hentry","category-kartka-z-kalendarza","tag-kalendarium"],"acf":[],"_links":{"self":[{"href":"https:\/\/kronika-futbolu.pl\/historia\/wp-json\/wp\/v2\/posts\/7740","targetHints":{"allow":["GET"]}}],"collection":[{"href":"https:\/\/kronika-futbolu.pl\/historia\/wp-json\/wp\/v2\/posts"}],"about":[{"href":"https:\/\/kronika-futbolu.pl\/historia\/wp-json\/wp\/v2\/types\/post"}],"author":[{"embeddable":true,"href":"https:\/\/kronika-futbolu.pl\/historia\/wp-json\/wp\/v2\/users\/3"}],"replies":[{"embeddable":true,"href":"https:\/\/kronika-futbolu.pl\/historia\/wp-json\/wp\/v2\/comments?post=7740"}],"version-history":[{"count":0,"href":"https:\/\/kronika-futbolu.pl\/historia\/wp-json\/wp\/v2\/posts\/7740\/revisions"}],"wp:featuredmedia":[{"embeddable":true,"href":"https:\/\/kronika-futbolu.pl\/historia\/wp-json\/wp\/v2\/media\/995"}],"wp:attachment":[{"href":"https:\/\/kronika-futbolu.pl\/historia\/wp-json\/wp\/v2\/media?parent=7740"}],"wp:term":[{"taxonomy":"category","embeddable":true,"href":"https:\/\/kronika-futbolu.pl\/historia\/wp-json\/wp\/v2\/categories?post=7740"},{"taxonomy":"post_tag","embeddable":true,"href":"https:\/\/kronika-futbolu.pl\/historia\/wp-json\/wp\/v2\/tags?post=7740"}],"curies":[{"name":"wp","href":"https:\/\/api.w.org\/{rel}","templated":true}]}}