{"id":778,"date":"2013-02-06T21:07:26","date_gmt":"2013-02-06T20:07:26","guid":{"rendered":"https:\/\/kronika-futbolu.pl\/historia\/?p=778"},"modified":"2013-02-06T21:07:26","modified_gmt":"2013-02-06T20:07:26","slug":"burkina-faso-w-finale","status":"publish","type":"post","link":"https:\/\/kronika-futbolu.pl\/historia\/burkina-faso-w-finale\/","title":{"rendered":"Burkina Faso w finale"},"content":{"rendered":"<p>Burkina Faso po serii rzut\u00f3w karnych pokona\u0142o Ghan\u0119 i zagra z Nigeri\u0105 w niedzielnym finale. Po 90 minutach by\u0142o 1-1, dogrywka nie przynios\u0142a rozstrzygni\u0119\u0107. Pod koniec dogrywki s\u0119dzia pope\u0142ni\u0142 b\u0142\u0105d nie podyktowa\u0142 rzutu karnego dla BF a pi\u0142karzowi faulowanemu da\u0142 \u017c\u00f3\u0142t\u0105 kartk\u0119, by\u0142a to druga kartka tego pi\u0142karza i musia\u0142 opu\u015bci\u0107 boisko.<\/p>\n","protected":false},"excerpt":{"rendered":"<p>Burkina Faso po serii rzut\u00f3w karnych pokona\u0142o Ghan\u0119 i zagra z Nigeri\u0105 w niedzielnym finale. Po 90 minutach by\u0142o 1-1, dogrywka nie przynios\u0142a rozstrzygni\u0119\u0107. Pod koniec dogrywki s\u0119dzia pope\u0142ni\u0142 b\u0142\u0105d nie podyktowa\u0142 rzutu karnego dla BF a pi\u0142karzowi faulowanemu da\u0142 \u017c\u00f3\u0142t\u0105 kartk\u0119, by\u0142a to druga kartka tego pi\u0142karza i musia\u0142 opu\u015bci\u0107 boisko.<\/p>\n","protected":false},"author":3,"featured_media":392,"comment_status":"open","ping_status":"open","sticky":false,"template":"","format":"standard","meta":{"_acf_changed":false,"footnotes":""},"categories":[2],"tags":[9,19,10,24],"class_list":["post-778","post","type-post","status-publish","format-standard","has-post-thumbnail","hentry","category-bez-kategorii","tag-burkina-faso","tag-ghana","tag-pna-2013","tag-puchar-narodow-afryki"],"acf":[],"_links":{"self":[{"href":"https:\/\/kronika-futbolu.pl\/historia\/wp-json\/wp\/v2\/posts\/778","targetHints":{"allow":["GET"]}}],"collection":[{"href":"https:\/\/kronika-futbolu.pl\/historia\/wp-json\/wp\/v2\/posts"}],"about":[{"href":"https:\/\/kronika-futbolu.pl\/historia\/wp-json\/wp\/v2\/types\/post"}],"author":[{"embeddable":true,"href":"https:\/\/kronika-futbolu.pl\/historia\/wp-json\/wp\/v2\/users\/3"}],"replies":[{"embeddable":true,"href":"https:\/\/kronika-futbolu.pl\/historia\/wp-json\/wp\/v2\/comments?post=778"}],"version-history":[{"count":0,"href":"https:\/\/kronika-futbolu.pl\/historia\/wp-json\/wp\/v2\/posts\/778\/revisions"}],"wp:featuredmedia":[{"embeddable":true,"href":"https:\/\/kronika-futbolu.pl\/historia\/wp-json\/wp\/v2\/media\/392"}],"wp:attachment":[{"href":"https:\/\/kronika-futbolu.pl\/historia\/wp-json\/wp\/v2\/media?parent=778"}],"wp:term":[{"taxonomy":"category","embeddable":true,"href":"https:\/\/kronika-futbolu.pl\/historia\/wp-json\/wp\/v2\/categories?post=778"},{"taxonomy":"post_tag","embeddable":true,"href":"https:\/\/kronika-futbolu.pl\/historia\/wp-json\/wp\/v2\/tags?post=778"}],"curies":[{"name":"wp","href":"https:\/\/api.w.org\/{rel}","templated":true}]}}