{"id":7799,"date":"2020-08-27T00:01:40","date_gmt":"2020-08-26T22:01:40","guid":{"rendered":"https:\/\/kronika-futbolu.pl\/historia\/?p=7799"},"modified":"2024-10-22T16:32:11","modified_gmt":"2024-10-22T14:32:11","slug":"pilkarska-kartka-z-kalendarza-27-sierpnia","status":"publish","type":"post","link":"https:\/\/kronika-futbolu.pl\/historia\/pilkarska-kartka-z-kalendarza-27-sierpnia\/","title":{"rendered":"Pi\u0142karska kartka z kalendarza 27 sierpnia"},"content":{"rendered":"<div id=\"ez-toc-container\" class=\"ez-toc-v2_0_75 counter-hierarchy ez-toc-counter ez-toc-grey ez-toc-container-direction\">\n<div class=\"ez-toc-title-container\">\n<p class=\"ez-toc-title\" style=\"cursor:inherit\">Table of Contents<\/p>\n<span class=\"ez-toc-title-toggle\"><a href=\"#\" class=\"ez-toc-pull-right ez-toc-btn ez-toc-btn-xs ez-toc-btn-default ez-toc-toggle\" aria-label=\"Toggle Table of Content\"><span class=\"ez-toc-js-icon-con\"><span class=\"\"><span class=\"eztoc-hide\" style=\"display:none;\">Toggle<\/span><span class=\"ez-toc-icon-toggle-span\"><svg style=\"fill: #999;color:#999\" xmlns=\"http:\/\/www.w3.org\/2000\/svg\" class=\"list-377408\" width=\"20px\" height=\"20px\" viewBox=\"0 0 24 24\" fill=\"none\"><path d=\"M6 6H4v2h2V6zm14 0H8v2h12V6zM4 11h2v2H4v-2zm16 0H8v2h12v-2zM4 16h2v2H4v-2zm16 0H8v2h12v-2z\" fill=\"currentColor\"><\/path><\/svg><svg style=\"fill: #999;color:#999\" class=\"arrow-unsorted-368013\" xmlns=\"http:\/\/www.w3.org\/2000\/svg\" width=\"10px\" height=\"10px\" viewBox=\"0 0 24 24\" version=\"1.2\" baseProfile=\"tiny\"><path d=\"M18.2 9.3l-6.2-6.3-6.2 6.3c-.2.2-.3.4-.3.7s.1.5.3.7c.2.2.4.3.7.3h11c.3 0 .5-.1.7-.3.2-.2.3-.5.3-.7s-.1-.5-.3-.7zM5.8 14.7l6.2 6.3 6.2-6.3c.2-.2.3-.5.3-.7s-.1-.5-.3-.7c-.2-.2-.4-.3-.7-.3h-11c-.3 0-.5.1-.7.3-.2.2-.3.5-.3.7s.1.5.3.7z\"\/><\/svg><\/span><\/span><\/span><\/a><\/span><\/div>\n<nav><ul class='ez-toc-list ez-toc-list-level-1 ' ><li class='ez-toc-page-1 ez-toc-heading-level-4'><a class=\"ez-toc-link ez-toc-heading-1\" href=\"https:\/\/kronika-futbolu.pl\/historia\/pilkarska-kartka-z-kalendarza-27-sierpnia\/#Pilkarska_kartka_z_kalendarza_27_sierpnia\" >Pi\u0142karska kartka z kalendarza 27 sierpnia<\/a><\/li><li class='ez-toc-page-1 ez-toc-heading-level-4'><a class=\"ez-toc-link ez-toc-heading-2\" href=\"https:\/\/kronika-futbolu.pl\/historia\/pilkarska-kartka-z-kalendarza-27-sierpnia\/#i\" >\u00a0<\/a><\/li><li class='ez-toc-page-1 ez-toc-heading-level-4'><a class=\"ez-toc-link ez-toc-heading-3\" href=\"https:\/\/kronika-futbolu.pl\/historia\/pilkarska-kartka-z-kalendarza-27-sierpnia\/#Tytul_z_Przegladu_Sportowego_z_dnia_28_sierpnia_1939\" >Tytu\u0142 z Przegl\u0105du Sportowego z dnia 28 sierpnia 1939<\/a><\/li><\/ul><\/nav><\/div>\n<h4><span class=\"ez-toc-section\" id=\"Pilkarska_kartka_z_kalendarza_27_sierpnia\"><\/span>Pi\u0142karska kartka z kalendarza 27 sierpnia<span class=\"ez-toc-section-end\"><\/span><\/h4>\n<p>1939.08.27 Polska reprezentacja rozegra\u0142a ostatni mecz przed wybuchem II wojny \u015bwiatowej. W Warszawie w meczu towarzyskim Polacy pokonali W\u0119gr\u00f3w 4-2. Bramki zodbyli: Ernest Wilimowski 33&#8242;, 62&#8242;, 75&#8242;, Leonard Pi\u0105tek 74&#8242;- Zsengell\u00e9r Gyula 14&#8242;, \u00c1d\u00e1m S\u00e1ndor 28&#8242;.<\/p>\n<p>Polska zagra\u0142a w sk\u0142adzie: Krzyk, Szczepaniak, Giemsa, G\u00f3ra, Jab\u0142o\u0144ski, Dytko, Ja\u017anicki (31&#8242; Baran), Pi\u0105tek, Cebukla, Wilimowski, Cyganek<\/p>\n<p>Na kolejny mecz Bia\u0142o-Czerwonych musieli\u015bmy czeka\u0107 do 11 czerwca 1947 roku- pora\u017cka w Oslo z Norwegi\u0105 1-3.<\/p>\n<p>&nbsp;<\/p>\n<p><img loading=\"lazy\" decoding=\"async\" class=\"alignleft size-full wp-image-7803\" src=\"\/historia\/wp-content\/uploads\/2018\/08\/2018-08-26-at-22-35-31.png\" alt=\"polska w\u0119gry 1939\" width=\"1112\" height=\"118\" srcset=\"https:\/\/kronika-futbolu.pl\/historia\/wp-content\/uploads\/2018\/08\/2018-08-26-at-22-35-31.png 1112w, https:\/\/kronika-futbolu.pl\/historia\/wp-content\/uploads\/2018\/08\/2018-08-26-at-22-35-31-600x64.png 600w, https:\/\/kronika-futbolu.pl\/historia\/wp-content\/uploads\/2018\/08\/2018-08-26-at-22-35-31-768x81.png 768w\" sizes=\"auto, (max-width: 1112px) 100vw, 1112px\" \/><\/p>\n<h4><span class=\"ez-toc-section\" id=\"i\"><\/span>\u00a0<span class=\"ez-toc-section-end\"><\/span><\/h4>\n<h4><span class=\"ez-toc-section\" id=\"Tytul_z_Przegladu_Sportowego_z_dnia_28_sierpnia_1939\"><\/span>Tytu\u0142 z Przegl\u0105du Sportowego z dnia 28 sierpnia 1939<span class=\"ez-toc-section-end\"><\/span><\/h4>\n<p>1911.08.27 Za\u0142o\u017cono holenderski klub pi\u0142karski FC Wageningen.<\/p>\n<p>1922.08.27 Urodzi\u0142 si\u0119 Henryk Czapczyk, napastnik, zawodnik HCP Pozna\u0144, Warty Pozna\u0144, Lecha Pozna\u0144, \u017c\u00f3\u0142nierz AK<\/p>\n<p>1925.08.27 Urodzi\u0142 si\u0119 Nat Lofthouse angielski napastnik, ca\u0142\u0105 karier\u0119 sp\u0119dzi\u0142 w Boltonie Wanderers<\/p>\n<p>1953.08.27 Urodzi\u0142 si\u0119 Hieronim Barczak, obro\u0144ca mistrz Polski 1983,1984 z Lechem Pozna\u0144<\/p>\n<p>1973.08.27 Urodzi\u0142 si\u0119 Dietmar Hamann niemiecki pomocnik, wicemistrz \u015bwiata 2002, zdobywca Pucharu UEFA 1996, z Bayernem, 2001 z Liverpoolem i Ligi Mistrz\u00f3w 2005<\/p>\n<p>1977.08.27 Urodzi\u0142 si\u0119 Deco, portugalski pomocnik, wicemistrz Europy 2004, zdobywca Ligi Mistrz\u00f3w 2004 z Porto, 2006 z Barcelon\u0105<\/p>\n<p>1969-08-27 <strong>Polska &#8211; Norwegia<\/strong> 6-1 MT \u0141\u00f3d\u017a bramki: W\u0142odzimierz Luba\u0144ski 10&#8242;, 37&#8242;, Joachim Marx 25&#8242;, 90&#8242; Lucjan Brychczy 35&#8242;, Kazimierz Deyna 26&#8242;- Odd Iversen 40&#8242;<\/p>\n<p>1996-08-27 <strong>Polska &#8211; Cypr<\/strong> 2-2 MT Be\u0142chat\u00f3w bramki: Krzysztof Warzycha 47&#8242;, Marcin Mi\u0119ciel 57&#8242;- Klimis Alexandru 76&#8242;<\/p>\n<p>27.08.1997 <strong>AC Parma-Widzew \u0141\u00f3d\u017a<\/strong> 4-0 Liga Mistrz\u00f3w II runda eliminacji bramki: Reynald Pedros 37&#8242;, Roberto Sensini 41&#8242;, 53&#8242;, Adailton Martins Bolzan 79&#8242;<\/p>\n<p>27.08.1998 <strong>Hibernians Paola-Amica Wronki<\/strong> 0-1 Puchar Zdobywc\u00f3w Puchar\u00f3w 1\/32 fina\u0142u gol: Pawe\u0142 Krysza\u0142owicz 70&#8242;<\/p>\n<p>27.08.2003 <strong>Atlantas K\u0142ajpeda-Dyskobolia Grodzisk Wlkp<\/strong>. 1-4 Puchar UEFA eliminacje bramki: Elnaras Tarvydas 90&#8242;- Grzegorz Rasiak 30&#8242;, Ivica Kri\u017eanac 34&#8242;, Andrzej Niedzielan 47&#8242;, 65&#8242;<\/p>\n<p>27.08.2009 <strong>Club Brugge &#8211; Lech Pozna\u0144 <\/strong>1-0 k: 4-3 Liga Europy IV runda eliminacji gol: Wesley Sonck 79&#8242;<\/p>\n<p>27.08.2013<strong> Legia Warszawa &#8211; Steaua Bukareszt <\/strong>2-2 Liga Mistrz\u00f3w IV runda eliminacji bramki: Miroslav Radovi\u0107 27&#8242;, Jakub Rze\u017aniczak 90&#8242;- Nicolae Stanciu 8&#8242;, Federico Piovaccari 10&#8242;<\/p>\n<p>27.08.2015 <strong>Legia Warszawa &#8211; Zoria \u0141uga\u0144sk<\/strong> 3-2 IV runda eliminacji Ligi Europy rewan\u017c, bramki: Tomasz Brzyski 16&#8242;, Guilherme 62&#8242;, Ondrej Duda 90&#8242;-k. &#8211; Dmytro Chomczenow\u015bkyj 39&#8242;, Rus\u0142an Malinow\u015bkyj 66&#8242;<\/p>\n<p>27.08.2015 <strong>Videoton FC Feh\u00e9rv\u00e1r- Lech Pozna\u0144<\/strong> 0-1 IV runda eliminacji Ligi Europy rewan\u017c, gol: Tomasz K\u0119dziora 57&#8242;<\/p>\n<p>\u017ar\u00f3d\u0142a grafik: buwcd.buw.uw.edu.pl<\/p>\n","protected":false},"excerpt":{"rendered":"<p>Pi\u0142karska kartka z kalendarza 27 sierpnia 1939.08.27 Polska reprezentacja rozegra\u0142a ostatni mecz przed wybuchem II wojny \u015bwiatowej. W Warszawie w meczu towarzyskim Polacy pokonali W\u0119gr\u00f3w 4-2. Bramki zodbyli: Ernest Wilimowski 33&#8242;, 62&#8242;, 75&#8242;, Leonard Pi\u0105tek 74&#8242;- Zsengell\u00e9r Gyula 14&#8242;, \u00c1d\u00e1m S\u00e1ndor 28&#8242;. Polska zagra\u0142a w sk\u0142adzie: Krzyk, Szczepaniak, Giemsa, G\u00f3ra, Jab\u0142o\u0144ski, Dytko, Ja\u017anicki (31&#8242; Baran), [&hellip;]<\/p>\n","protected":false},"author":3,"featured_media":7800,"comment_status":"closed","ping_status":"open","sticky":false,"template":"","format":"standard","meta":{"_acf_changed":false,"footnotes":""},"categories":[144],"tags":[143],"class_list":["post-7799","post","type-post","status-publish","format-standard","has-post-thumbnail","hentry","category-kartka-z-kalendarza","tag-kalendarium"],"acf":[],"_links":{"self":[{"href":"https:\/\/kronika-futbolu.pl\/historia\/wp-json\/wp\/v2\/posts\/7799","targetHints":{"allow":["GET"]}}],"collection":[{"href":"https:\/\/kronika-futbolu.pl\/historia\/wp-json\/wp\/v2\/posts"}],"about":[{"href":"https:\/\/kronika-futbolu.pl\/historia\/wp-json\/wp\/v2\/types\/post"}],"author":[{"embeddable":true,"href":"https:\/\/kronika-futbolu.pl\/historia\/wp-json\/wp\/v2\/users\/3"}],"replies":[{"embeddable":true,"href":"https:\/\/kronika-futbolu.pl\/historia\/wp-json\/wp\/v2\/comments?post=7799"}],"version-history":[{"count":1,"href":"https:\/\/kronika-futbolu.pl\/historia\/wp-json\/wp\/v2\/posts\/7799\/revisions"}],"predecessor-version":[{"id":14015,"href":"https:\/\/kronika-futbolu.pl\/historia\/wp-json\/wp\/v2\/posts\/7799\/revisions\/14015"}],"wp:featuredmedia":[{"embeddable":true,"href":"https:\/\/kronika-futbolu.pl\/historia\/wp-json\/wp\/v2\/media\/7800"}],"wp:attachment":[{"href":"https:\/\/kronika-futbolu.pl\/historia\/wp-json\/wp\/v2\/media?parent=7799"}],"wp:term":[{"taxonomy":"category","embeddable":true,"href":"https:\/\/kronika-futbolu.pl\/historia\/wp-json\/wp\/v2\/categories?post=7799"},{"taxonomy":"post_tag","embeddable":true,"href":"https:\/\/kronika-futbolu.pl\/historia\/wp-json\/wp\/v2\/tags?post=7799"}],"curies":[{"name":"wp","href":"https:\/\/api.w.org\/{rel}","templated":true}]}}