{"id":780,"date":"2013-02-09T20:01:26","date_gmt":"2013-02-09T19:01:26","guid":{"rendered":"https:\/\/kronika-futbolu.pl\/historia\/?p=780"},"modified":"2013-02-09T20:01:26","modified_gmt":"2013-02-09T19:01:26","slug":"mali-trzecia-druzyna-afryki","status":"publish","type":"post","link":"https:\/\/kronika-futbolu.pl\/historia\/mali-trzecia-druzyna-afryki\/","title":{"rendered":"Mali trzeci\u0105 dru\u017cyn\u0105 Afryki"},"content":{"rendered":"<p>Reprezentacja Mali drugi raz z rz\u0119du wywalczy\u0142a trzecie miejsca Pucharze Narod\u00f3w Afryki. Tak jak rok temu dzi\u015b Mali pokona\u0142a Ghan\u0119, tym razem 3-1.<br \/>\nPocz\u0105tek nale\u017ca\u0142 do Ghany lecz z ka\u017cd\u0105 minut\u0105 przewa\u017ca\u0142a dru\u017cyna Mali.<br \/>\nW drugiej po\u0142owie gra by\u0142a co raz wolniejsza a\u017c do strzelenia \u0142adnej bramki przez Ghan\u0119. Na boisku mieli\u015bmy wi\u0119cej emocji a wynik nie by\u0142 przes\u0105dzony. W doliczonym czasie gry trzeci\u0105 bramk\u0119 zdoby\u0142a Mali i pozbawi\u0142a Ghan\u0119 szans na odrobienie strat.<\/p>\n","protected":false},"excerpt":{"rendered":"<p>Reprezentacja Mali drugi raz z rz\u0119du wywalczy\u0142a trzecie miejsca Pucharze Narod\u00f3w Afryki. Tak jak rok temu dzi\u015b Mali pokona\u0142a Ghan\u0119, tym razem 3-1. Pocz\u0105tek nale\u017ca\u0142 do Ghany lecz z ka\u017cd\u0105 minut\u0105 przewa\u017ca\u0142a dru\u017cyna Mali. W drugiej po\u0142owie gra by\u0142a co raz wolniejsza a\u017c do strzelenia \u0142adnej bramki przez Ghan\u0119. Na boisku mieli\u015bmy wi\u0119cej emocji a [&hellip;]<\/p>\n","protected":false},"author":3,"featured_media":490,"comment_status":"open","ping_status":"open","sticky":false,"template":"","format":"standard","meta":{"_acf_changed":false,"footnotes":""},"categories":[2],"tags":[19,20,10,24],"class_list":["post-780","post","type-post","status-publish","format-standard","has-post-thumbnail","hentry","category-bez-kategorii","tag-ghana","tag-mali","tag-pna-2013","tag-puchar-narodow-afryki"],"acf":[],"_links":{"self":[{"href":"https:\/\/kronika-futbolu.pl\/historia\/wp-json\/wp\/v2\/posts\/780","targetHints":{"allow":["GET"]}}],"collection":[{"href":"https:\/\/kronika-futbolu.pl\/historia\/wp-json\/wp\/v2\/posts"}],"about":[{"href":"https:\/\/kronika-futbolu.pl\/historia\/wp-json\/wp\/v2\/types\/post"}],"author":[{"embeddable":true,"href":"https:\/\/kronika-futbolu.pl\/historia\/wp-json\/wp\/v2\/users\/3"}],"replies":[{"embeddable":true,"href":"https:\/\/kronika-futbolu.pl\/historia\/wp-json\/wp\/v2\/comments?post=780"}],"version-history":[{"count":0,"href":"https:\/\/kronika-futbolu.pl\/historia\/wp-json\/wp\/v2\/posts\/780\/revisions"}],"wp:featuredmedia":[{"embeddable":true,"href":"https:\/\/kronika-futbolu.pl\/historia\/wp-json\/wp\/v2\/media\/490"}],"wp:attachment":[{"href":"https:\/\/kronika-futbolu.pl\/historia\/wp-json\/wp\/v2\/media?parent=780"}],"wp:term":[{"taxonomy":"category","embeddable":true,"href":"https:\/\/kronika-futbolu.pl\/historia\/wp-json\/wp\/v2\/categories?post=780"},{"taxonomy":"post_tag","embeddable":true,"href":"https:\/\/kronika-futbolu.pl\/historia\/wp-json\/wp\/v2\/tags?post=780"}],"curies":[{"name":"wp","href":"https:\/\/api.w.org\/{rel}","templated":true}]}}