{"id":7813,"date":"2020-08-31T00:01:14","date_gmt":"2020-08-30T22:01:14","guid":{"rendered":"https:\/\/kronika-futbolu.pl\/historia\/?p=7813"},"modified":"2020-08-31T00:01:14","modified_gmt":"2020-08-30T22:01:14","slug":"pilkarska-kartka-z-kalendarza-31-sierpnia","status":"publish","type":"post","link":"https:\/\/kronika-futbolu.pl\/historia\/pilkarska-kartka-z-kalendarza-31-sierpnia\/","title":{"rendered":"Pi\u0142karska kartka z kalendarza 31 sierpnia"},"content":{"rendered":"<h4>Pi\u0142karska kartka z kalendarza 31 sierpnia<\/h4>\n<p>1944.08.31 Urodzi\u0142 si\u0119 Joachim Marx napastnik, mistrz olimpijski 1972, mistrz Polski z Ruchem Chorz\u00f3w 1974,1975<\/p>\n<p>1948.08.31 Urodzi\u0142 si\u0119 Holger Osieck, niemiecki pi\u0142karz, trener, zdobywca Z\u0142otego Pucharu 2000 z Kanad\u0105<\/p>\n<p>1976.08.31 Urodzi\u0142 si\u0119 Roque J\u00fanior zdobywca Ligi Mistrz\u00f3w 2003 z Milanem<\/p>\n<p>1982.08.31 Urodzi\u0142 si\u0119 Jos\u00e9 Reina, hiszpa\u0144ski bramkarz<\/p>\n<p>1924-08-31 W\u0119gry &#8211; Polska 4-0 MT Budapeszt bramki: W\u0142adys\u0142aw Karasiak 31&#8242;-sam., J\u00f3zsef Tak\u00e1cs 34&#8242;, 38&#8242;, Gy\u00f6rgy Orth 60&#8242;<\/p>\n<p>1947-08-31 Czechos\u0142owacja &#8211; Polska 6-3 MT Praga bramki: Josef Bican 35&#8242;,48&#8242;, Ladislav Kubala 55&#8242;, 85&#8242;, Josef Ludl 73&#8242;, Jaroslav Cejp 83&#8242;- Tadeusz Hogendorf 68&#8242;, Gerard Cie\u015blik 79&#8242;, 81&#8242;<\/p>\n<p>1982-08-31 Francja &#8211; Polska 0-4 MT Pary\u017c bramki: Jan Ja\u0142ocha 28&#8242;, Janusz Kupcewicz 55&#8242;, 58&#8242;, Andrzej Buncol 63&#8242;<\/p>\n<h1> <\/h1>\n","protected":false},"excerpt":{"rendered":"<p>Pi\u0142karska kartka z kalendarza 31 sierpnia 1944.08.31 Urodzi\u0142 si\u0119 Joachim Marx napastnik, mistrz olimpijski 1972, mistrz Polski z Ruchem Chorz\u00f3w 1974,1975 1948.08.31 Urodzi\u0142 si\u0119 Holger Osieck, niemiecki pi\u0142karz, trener, zdobywca Z\u0142otego Pucharu 2000 z Kanad\u0105 1976.08.31 Urodzi\u0142 si\u0119 Roque J\u00fanior zdobywca Ligi Mistrz\u00f3w 2003 z Milanem 1982.08.31 Urodzi\u0142 si\u0119 Jos\u00e9 Reina, hiszpa\u0144ski bramkarz 1924-08-31 W\u0119gry [&hellip;]<\/p>\n","protected":false},"author":3,"featured_media":1935,"comment_status":"closed","ping_status":"open","sticky":false,"template":"","format":"standard","meta":{"_acf_changed":false,"footnotes":""},"categories":[144],"tags":[143],"class_list":["post-7813","post","type-post","status-publish","format-standard","has-post-thumbnail","hentry","category-kartka-z-kalendarza","tag-kalendarium"],"acf":[],"_links":{"self":[{"href":"https:\/\/kronika-futbolu.pl\/historia\/wp-json\/wp\/v2\/posts\/7813","targetHints":{"allow":["GET"]}}],"collection":[{"href":"https:\/\/kronika-futbolu.pl\/historia\/wp-json\/wp\/v2\/posts"}],"about":[{"href":"https:\/\/kronika-futbolu.pl\/historia\/wp-json\/wp\/v2\/types\/post"}],"author":[{"embeddable":true,"href":"https:\/\/kronika-futbolu.pl\/historia\/wp-json\/wp\/v2\/users\/3"}],"replies":[{"embeddable":true,"href":"https:\/\/kronika-futbolu.pl\/historia\/wp-json\/wp\/v2\/comments?post=7813"}],"version-history":[{"count":0,"href":"https:\/\/kronika-futbolu.pl\/historia\/wp-json\/wp\/v2\/posts\/7813\/revisions"}],"wp:featuredmedia":[{"embeddable":true,"href":"https:\/\/kronika-futbolu.pl\/historia\/wp-json\/wp\/v2\/media\/1935"}],"wp:attachment":[{"href":"https:\/\/kronika-futbolu.pl\/historia\/wp-json\/wp\/v2\/media?parent=7813"}],"wp:term":[{"taxonomy":"category","embeddable":true,"href":"https:\/\/kronika-futbolu.pl\/historia\/wp-json\/wp\/v2\/categories?post=7813"},{"taxonomy":"post_tag","embeddable":true,"href":"https:\/\/kronika-futbolu.pl\/historia\/wp-json\/wp\/v2\/tags?post=7813"}],"curies":[{"name":"wp","href":"https:\/\/api.w.org\/{rel}","templated":true}]}}