{"id":7818,"date":"2020-09-02T00:01:23","date_gmt":"2020-09-01T22:01:23","guid":{"rendered":"https:\/\/kronika-futbolu.pl\/historia\/?p=7818"},"modified":"2022-10-15T11:33:00","modified_gmt":"2022-10-15T09:33:00","slug":"pilkarska-kartka-z-kalendarza-2-wrzesnia","status":"publish","type":"post","link":"https:\/\/kronika-futbolu.pl\/historia\/pilkarska-kartka-z-kalendarza-2-wrzesnia\/","title":{"rendered":"Pi\u0142karska kartka z kalendarza 2 wrze\u015bnia"},"content":{"rendered":"<h4>Pi\u0142karska kartka z kalendarza 2 wrze\u015bnia<\/h4>\n<p>1961.09.02 Urodzi\u0142 si\u0119 Carlos Valderrama, kolumbijski pomocnik<\/p>\n<p>1977.09.02 Urodzi\u0142 si\u0119 Fr\u00e9d\u00e9ric Kanout\u00e9, malijski napastnik, zdobywca Pucharu UEFA 2006,2007 z Sevill\u0105, pi\u0142karz roku w Afryce 2007<\/p>\n<p>1977.09.02 Urodzi\u0142 si\u0119 Marek Mint\u00e1l, s\u0142owacki pi\u0142karz<\/p>\n<p>1981.09.02 Urodzi\u0142 si\u0119 Marcin Ku\u015b, polski pi\u0142karz<\/p>\n<p>1988.09.02 Urodzi\u0142 si\u0119 J\u00e9r\u00f4me Boateng, niemiecki obro\u0144ca, mistrz \u015bwiata 2014<\/p>\n<p>1923-09-02 Polska &#8211; Rumunia 1-1 MT Lw\u00f3w bramki: Wac\u0142aw Kuchar 35&#8242;- Aurel Guga 39&#8242;<\/p>\n<p>1925-09-02 Estonia &#8211; Polska 0-0 MT Tallin<\/p>\n<p>1962-09-02 Polska &#8211; W\u0119gry 0-2 MT Pozna\u0144 bramki: Lajos Tichy 11&#8242;, J\u00e1nos G\u00f6r\u00f6cs 39&#8242;<\/p>\n<p>1970-09-02 Polska &#8211; Dania 5-0 MT Warszawa bramki: W\u0142odzimierz Luba\u0144ski 4&#8242;, Kazimierz Deyna 13&#8242;, Joachim Marx 59&#8242;,61&#8242;,81&#8242;<\/p>\n<p>1981-09-02 Polska &#8211; RFN 0-2 MT Chorz\u00f3w bramki: Klaus Fischer 59&#8242;, Karl Heinz Rummenigge 70&#8242;<\/p>\n<p>1987-09-02 Polska &#8211; Rumunia 3-1 MT Bydgoszcz bramki: Marek Le\u015bniak 20&#8242;, 37&#8242;, Andrzej Rudy 27&#8242;- Ladislau Boloni 80&#8242;<\/p>\n<p>2006-09-02 Polska &#8211; Finlandia 1-3 EME 2008 Bydgoszcz bramki: \u0141ukasz Gargu\u0142a 90&#8242;- Jari Litmanen 54&#8242;, 76&#8242;, Mika Vayrynen 85&#8242;<\/p>\n<p>2011-09-02 Polska-Meksyk 1-1 MT Warszawa bramki: Pawe\u0142 Bro\u017cek 27&#8242;- Javier Hern\u00e1ndez 35&#8242;<\/p>\n<p>02.09.1964 Admira Wiede\u0144- Legia Warszawa 1-3 Puchar Zdobywc\u00f3w Puchar\u00f3w 1\/16 fina\u0142u bramki: G\u00fcnther Kaltenbrunner 69&#8242; &#8211; Lucjan Brychczy 43&#8242;, Janusz \u017bmijewski 73&#8242;, 75&#8242;<\/p>\n","protected":false},"excerpt":{"rendered":"<p>Pi\u0142karska kartka z kalendarza 2 wrze\u015bnia 1961.09.02 Urodzi\u0142 si\u0119 Carlos Valderrama, kolumbijski pomocnik 1977.09.02 Urodzi\u0142 si\u0119 Fr\u00e9d\u00e9ric Kanout\u00e9, malijski napastnik, zdobywca Pucharu UEFA 2006,2007 z Sevill\u0105, pi\u0142karz roku w Afryce 2007 1977.09.02 Urodzi\u0142 si\u0119 Marek Mint\u00e1l, s\u0142owacki pi\u0142karz 1981.09.02 Urodzi\u0142 si\u0119 Marcin Ku\u015b, polski pi\u0142karz 1988.09.02 Urodzi\u0142 si\u0119 J\u00e9r\u00f4me Boateng, niemiecki obro\u0144ca, mistrz \u015bwiata 2014 [&hellip;]<\/p>\n","protected":false},"author":3,"featured_media":13082,"comment_status":"closed","ping_status":"open","sticky":false,"template":"","format":"standard","meta":{"_acf_changed":false,"footnotes":""},"categories":[144],"tags":[143],"class_list":["post-7818","post","type-post","status-publish","format-standard","has-post-thumbnail","hentry","category-kartka-z-kalendarza","tag-kalendarium"],"acf":[],"_links":{"self":[{"href":"https:\/\/kronika-futbolu.pl\/historia\/wp-json\/wp\/v2\/posts\/7818","targetHints":{"allow":["GET"]}}],"collection":[{"href":"https:\/\/kronika-futbolu.pl\/historia\/wp-json\/wp\/v2\/posts"}],"about":[{"href":"https:\/\/kronika-futbolu.pl\/historia\/wp-json\/wp\/v2\/types\/post"}],"author":[{"embeddable":true,"href":"https:\/\/kronika-futbolu.pl\/historia\/wp-json\/wp\/v2\/users\/3"}],"replies":[{"embeddable":true,"href":"https:\/\/kronika-futbolu.pl\/historia\/wp-json\/wp\/v2\/comments?post=7818"}],"version-history":[{"count":1,"href":"https:\/\/kronika-futbolu.pl\/historia\/wp-json\/wp\/v2\/posts\/7818\/revisions"}],"predecessor-version":[{"id":13083,"href":"https:\/\/kronika-futbolu.pl\/historia\/wp-json\/wp\/v2\/posts\/7818\/revisions\/13083"}],"wp:featuredmedia":[{"embeddable":true,"href":"https:\/\/kronika-futbolu.pl\/historia\/wp-json\/wp\/v2\/media\/13082"}],"wp:attachment":[{"href":"https:\/\/kronika-futbolu.pl\/historia\/wp-json\/wp\/v2\/media?parent=7818"}],"wp:term":[{"taxonomy":"category","embeddable":true,"href":"https:\/\/kronika-futbolu.pl\/historia\/wp-json\/wp\/v2\/categories?post=7818"},{"taxonomy":"post_tag","embeddable":true,"href":"https:\/\/kronika-futbolu.pl\/historia\/wp-json\/wp\/v2\/tags?post=7818"}],"curies":[{"name":"wp","href":"https:\/\/api.w.org\/{rel}","templated":true}]}}