{"id":7821,"date":"2020-09-05T00:01:09","date_gmt":"2020-09-04T22:01:09","guid":{"rendered":"https:\/\/kronika-futbolu.pl\/historia\/?p=7821"},"modified":"2022-10-15T11:26:47","modified_gmt":"2022-10-15T09:26:47","slug":"pilkarska-kartka-z-kalendarza-5-wrzesnia","status":"publish","type":"post","link":"https:\/\/kronika-futbolu.pl\/historia\/pilkarska-kartka-z-kalendarza-5-wrzesnia\/","title":{"rendered":"Pi\u0142karska kartka z kalendarza 5 wrze\u015bnia"},"content":{"rendered":"<h4>Pi\u0142karska kartka z kalendarza 5 wrze\u015bnia<\/h4>\n<p>1933.09.05 &#8211; Za\u0142o\u017cono belgijski klub KVC Westerlo.<\/p>\n<p>1946.09.05 Urodzi\u0142 si\u0119 Frank Farina, australijski napastnik, trener<\/p>\n<p>1951.09.05 Urodzi\u0142 si\u0119 Paul Breitner, niemiecki pomocnik, mistrz Europy 1972, \u015bwiata 1974<\/p>\n<p>1967.09.05 Urodzi\u0142 si\u0119 Matthias Sammer, niemiecki pomocnik, trener pi\u0142karski, zdobywca Ligi Mistrz\u00f3w 1997 z Borussi\u0105<\/p>\n<p>1969.09.05 Urodzi\u0142 si\u0119 Leonardo Nascimento de Ara\u00fajo, brazylijski pomocnik, mistrz \u015bwiata 1994<\/p>\n<p>1989.09.05 Urodzi\u0142 si\u0119 Grzegorz Sandomierski, bramkarz<\/p>\n<p>1972-09-05 Polska &#8211; ZSRR 2-1 IO 1972 Augsburg bramki: Kazimierz Deyna 79&#8242;, Zygfryd Szo\u0142tysik 87&#8242;- Oleg B\u0142ochin 29&#8242;<\/p>\n<p>1989-09-05 Polska &#8211; Grecja 3-0 MT Warszawa bramki: Robert Warzycha 2&#8242;, Dariusz Dziekanowski 28&#8242;, Jacek Ziober 43&#8242;<\/p>\n<p>2001-09-05 Bia\u0142oru\u015b &#8211; Polska 4-1 EM\u015a 2002 Mi\u0144sk bramki: Roman Wasiliuk 8&#8242;,46&#8242;,52&#8242;,62&#8242;- &#8211; Marcin \u017bew\u0142akow 78&#8242;<\/p>\n<p>2009-09-05 Polska-Irlandia P\u0142n. 1-1 el.m\u015b Chorz\u00f3w bramki: Aaron Hughes 80&#8242;-sam.- Kyle Lafferty 38&#8242;<\/p>\n","protected":false},"excerpt":{"rendered":"<p>Pi\u0142karska kartka z kalendarza 5 wrze\u015bnia 1933.09.05 &#8211; Za\u0142o\u017cono belgijski klub KVC Westerlo. 1946.09.05 Urodzi\u0142 si\u0119 Frank Farina, australijski napastnik, trener 1951.09.05 Urodzi\u0142 si\u0119 Paul Breitner, niemiecki pomocnik, mistrz Europy 1972, \u015bwiata 1974 1967.09.05 Urodzi\u0142 si\u0119 Matthias Sammer, niemiecki pomocnik, trener pi\u0142karski, zdobywca Ligi Mistrz\u00f3w 1997 z Borussi\u0105 1969.09.05 Urodzi\u0142 si\u0119 Leonardo Nascimento de Ara\u00fajo, [&hellip;]<\/p>\n","protected":false},"author":3,"featured_media":12991,"comment_status":"closed","ping_status":"open","sticky":false,"template":"","format":"standard","meta":{"_acf_changed":false,"footnotes":""},"categories":[144],"tags":[143],"class_list":["post-7821","post","type-post","status-publish","format-standard","has-post-thumbnail","hentry","category-kartka-z-kalendarza","tag-kalendarium"],"acf":[],"_links":{"self":[{"href":"https:\/\/kronika-futbolu.pl\/historia\/wp-json\/wp\/v2\/posts\/7821","targetHints":{"allow":["GET"]}}],"collection":[{"href":"https:\/\/kronika-futbolu.pl\/historia\/wp-json\/wp\/v2\/posts"}],"about":[{"href":"https:\/\/kronika-futbolu.pl\/historia\/wp-json\/wp\/v2\/types\/post"}],"author":[{"embeddable":true,"href":"https:\/\/kronika-futbolu.pl\/historia\/wp-json\/wp\/v2\/users\/3"}],"replies":[{"embeddable":true,"href":"https:\/\/kronika-futbolu.pl\/historia\/wp-json\/wp\/v2\/comments?post=7821"}],"version-history":[{"count":1,"href":"https:\/\/kronika-futbolu.pl\/historia\/wp-json\/wp\/v2\/posts\/7821\/revisions"}],"predecessor-version":[{"id":13080,"href":"https:\/\/kronika-futbolu.pl\/historia\/wp-json\/wp\/v2\/posts\/7821\/revisions\/13080"}],"wp:featuredmedia":[{"embeddable":true,"href":"https:\/\/kronika-futbolu.pl\/historia\/wp-json\/wp\/v2\/media\/12991"}],"wp:attachment":[{"href":"https:\/\/kronika-futbolu.pl\/historia\/wp-json\/wp\/v2\/media?parent=7821"}],"wp:term":[{"taxonomy":"category","embeddable":true,"href":"https:\/\/kronika-futbolu.pl\/historia\/wp-json\/wp\/v2\/categories?post=7821"},{"taxonomy":"post_tag","embeddable":true,"href":"https:\/\/kronika-futbolu.pl\/historia\/wp-json\/wp\/v2\/tags?post=7821"}],"curies":[{"name":"wp","href":"https:\/\/api.w.org\/{rel}","templated":true}]}}