{"id":7834,"date":"2020-09-09T00:01:01","date_gmt":"2020-09-08T22:01:01","guid":{"rendered":"https:\/\/kronika-futbolu.pl\/historia\/?p=7834"},"modified":"2022-10-15T11:20:31","modified_gmt":"2022-10-15T09:20:31","slug":"pilkarska-kartka-z-kalendarza-9-wrzesnia","status":"publish","type":"post","link":"https:\/\/kronika-futbolu.pl\/historia\/pilkarska-kartka-z-kalendarza-9-wrzesnia\/","title":{"rendered":"Pi\u0142karska kartka z kalendarza 9 wrze\u015bnia"},"content":{"rendered":"<h4>Pi\u0142karska kartka z kalendarza 9 wrze\u015bnia<\/h4>\n<p>1963.09.09 Urodzi\u0142 si\u0119 Roberto Donadoni, w\u0142oski pomocnik, trener<\/p>\n<p>1980.09.09 Urodzi\u0142 si\u0119 V\u00e1clav Drobn\u00fd, czeski obro\u0144ca (zm. 2012)<\/p>\n<p>1985.09.09 Urodzi\u0142 si\u0119 Luka Modri\u0107<\/p>\n<p>1934-09-09 Polska &#8211; Niemcy 2-5 MT Warszawa bramki: Ernest Wilimowski 28&#8242;, Karol Pazurek 55&#8242;- Ernst Lehner 15&#8242;, 80&#8242;, Karol Hohmann 71&#8242;, Otto Siffling 78&#8242;, Friedrich Sczepan 83&#8242;<\/p>\n<p>1992-09-09 Polska &#8211; Izrael 1-1 MT Mielec bramki: Roman Szewczyk 24&#8242;- Ronny Rosenthal 35&#8242;<\/p>\n<p>2009-09-09 S\u0142owenia-Polska 3-0 el.m\u015b Maribor bramki: Zlatko Dedi\u0107 13&#8242;, Milivoje Novakovi\u0107 44&#8242;, Walter Birsa 62&#8242;<\/p>\n<p>1959.09.09 Jeunesse Esch-\u0141KS \u0141\u00f3d\u017a 5-0 Puchar Europy, runda wst\u0119pna bramki: Marcel Theis 6&#8242;, Paul May 24&#8242;, Albert Schaack 55&#8242;, Jules Meurisse 80&#8242;,85&#8242;<\/p>\n","protected":false},"excerpt":{"rendered":"<p>Pi\u0142karska kartka z kalendarza 9 wrze\u015bnia 1963.09.09 Urodzi\u0142 si\u0119 Roberto Donadoni, w\u0142oski pomocnik, trener 1980.09.09 Urodzi\u0142 si\u0119 V\u00e1clav Drobn\u00fd, czeski obro\u0144ca (zm. 2012) 1985.09.09 Urodzi\u0142 si\u0119 Luka Modri\u0107 1934-09-09 Polska &#8211; Niemcy 2-5 MT Warszawa bramki: Ernest Wilimowski 28&#8242;, Karol Pazurek 55&#8242;- Ernst Lehner 15&#8242;, 80&#8242;, Karol Hohmann 71&#8242;, Otto Siffling 78&#8242;, Friedrich Sczepan 83&#8242; [&hellip;]<\/p>\n","protected":false},"author":3,"featured_media":12991,"comment_status":"closed","ping_status":"open","sticky":false,"template":"","format":"standard","meta":{"_acf_changed":false,"footnotes":""},"categories":[144],"tags":[143],"class_list":["post-7834","post","type-post","status-publish","format-standard","has-post-thumbnail","hentry","category-kartka-z-kalendarza","tag-kalendarium"],"acf":[],"_links":{"self":[{"href":"https:\/\/kronika-futbolu.pl\/historia\/wp-json\/wp\/v2\/posts\/7834","targetHints":{"allow":["GET"]}}],"collection":[{"href":"https:\/\/kronika-futbolu.pl\/historia\/wp-json\/wp\/v2\/posts"}],"about":[{"href":"https:\/\/kronika-futbolu.pl\/historia\/wp-json\/wp\/v2\/types\/post"}],"author":[{"embeddable":true,"href":"https:\/\/kronika-futbolu.pl\/historia\/wp-json\/wp\/v2\/users\/3"}],"replies":[{"embeddable":true,"href":"https:\/\/kronika-futbolu.pl\/historia\/wp-json\/wp\/v2\/comments?post=7834"}],"version-history":[{"count":1,"href":"https:\/\/kronika-futbolu.pl\/historia\/wp-json\/wp\/v2\/posts\/7834\/revisions"}],"predecessor-version":[{"id":13076,"href":"https:\/\/kronika-futbolu.pl\/historia\/wp-json\/wp\/v2\/posts\/7834\/revisions\/13076"}],"wp:featuredmedia":[{"embeddable":true,"href":"https:\/\/kronika-futbolu.pl\/historia\/wp-json\/wp\/v2\/media\/12991"}],"wp:attachment":[{"href":"https:\/\/kronika-futbolu.pl\/historia\/wp-json\/wp\/v2\/media?parent=7834"}],"wp:term":[{"taxonomy":"category","embeddable":true,"href":"https:\/\/kronika-futbolu.pl\/historia\/wp-json\/wp\/v2\/categories?post=7834"},{"taxonomy":"post_tag","embeddable":true,"href":"https:\/\/kronika-futbolu.pl\/historia\/wp-json\/wp\/v2\/tags?post=7834"}],"curies":[{"name":"wp","href":"https:\/\/api.w.org\/{rel}","templated":true}]}}