{"id":7879,"date":"2020-09-28T00:04:53","date_gmt":"2020-09-27T22:04:53","guid":{"rendered":"https:\/\/kronika-futbolu.pl\/historia\/?p=7879"},"modified":"2020-09-28T00:04:53","modified_gmt":"2020-09-27T22:04:53","slug":"pilkarska-kartka-z-kalendarza-28-wrzesnia","status":"publish","type":"post","link":"https:\/\/kronika-futbolu.pl\/historia\/pilkarska-kartka-z-kalendarza-28-wrzesnia\/","title":{"rendered":"Pi\u0142karska kartka z kalendarza 28 wrze\u015bnia"},"content":{"rendered":"<div id=\"ez-toc-container\" class=\"ez-toc-v2_0_75 counter-hierarchy ez-toc-counter ez-toc-grey ez-toc-container-direction\">\n<div class=\"ez-toc-title-container\">\n<p class=\"ez-toc-title\" style=\"cursor:inherit\">Table of Contents<\/p>\n<span class=\"ez-toc-title-toggle\"><a href=\"#\" class=\"ez-toc-pull-right ez-toc-btn ez-toc-btn-xs ez-toc-btn-default ez-toc-toggle\" aria-label=\"Toggle Table of Content\"><span class=\"ez-toc-js-icon-con\"><span class=\"\"><span class=\"eztoc-hide\" style=\"display:none;\">Toggle<\/span><span class=\"ez-toc-icon-toggle-span\"><svg style=\"fill: #999;color:#999\" xmlns=\"http:\/\/www.w3.org\/2000\/svg\" class=\"list-377408\" width=\"20px\" height=\"20px\" viewBox=\"0 0 24 24\" fill=\"none\"><path d=\"M6 6H4v2h2V6zm14 0H8v2h12V6zM4 11h2v2H4v-2zm16 0H8v2h12v-2zM4 16h2v2H4v-2zm16 0H8v2h12v-2z\" fill=\"currentColor\"><\/path><\/svg><svg style=\"fill: #999;color:#999\" class=\"arrow-unsorted-368013\" xmlns=\"http:\/\/www.w3.org\/2000\/svg\" width=\"10px\" height=\"10px\" viewBox=\"0 0 24 24\" version=\"1.2\" baseProfile=\"tiny\"><path d=\"M18.2 9.3l-6.2-6.3-6.2 6.3c-.2.2-.3.4-.3.7s.1.5.3.7c.2.2.4.3.7.3h11c.3 0 .5-.1.7-.3.2-.2.3-.5.3-.7s-.1-.5-.3-.7zM5.8 14.7l6.2 6.3 6.2-6.3c.2-.2.3-.5.3-.7s-.1-.5-.3-.7c-.2-.2-.4-.3-.7-.3h-11c-.3 0-.5.1-.7.3-.2.2-.3.5-.3.7s.1.5.3.7z\"\/><\/svg><\/span><\/span><\/span><\/a><\/span><\/div>\n<nav><ul class='ez-toc-list ez-toc-list-level-1 ' ><li class='ez-toc-page-1 ez-toc-heading-level-4'><a class=\"ez-toc-link ez-toc-heading-1\" href=\"https:\/\/kronika-futbolu.pl\/historia\/pilkarska-kartka-z-kalendarza-28-wrzesnia\/#Pilkarska_kartka_z_kalendarza_28_wrzesnia\" >Pi\u0142karska kartka z kalendarza 28 wrze\u015bnia<\/a><ul class='ez-toc-list-level-5' ><li class='ez-toc-heading-level-5'><a class=\"ez-toc-link ez-toc-heading-2\" href=\"https:\/\/kronika-futbolu.pl\/historia\/pilkarska-kartka-z-kalendarza-28-wrzesnia\/#Mecze_reprezentacji_Polski_tego_dnia\" >Mecze reprezentacji Polski tego dnia:<\/a><\/li><\/ul><\/li><li class='ez-toc-page-1 ez-toc-heading-level-4'><a class=\"ez-toc-link ez-toc-heading-3\" href=\"https:\/\/kronika-futbolu.pl\/historia\/pilkarska-kartka-z-kalendarza-28-wrzesnia\/#Mecze_polskich_klubow_w_europejskich_pucharach_tego_dnia\" >Mecze polskich klub\u00f3w w europejskich pucharach tego dnia:<\/a><\/li><\/ul><\/nav><\/div>\n<h4><span class=\"ez-toc-section\" id=\"Pilkarska_kartka_z_kalendarza_28_wrzesnia\"><\/span>Pi\u0142karska kartka z kalendarza 28 wrze\u015bnia<span class=\"ez-toc-section-end\"><\/span><\/h4>\n<p>1931.09.28 Urodzi\u0142 si\u0119 Ryszard Kulesza, pi\u0142karz, trener, selekcjoner reprezentacji, pracowa\u0142 min. w Tunezji i Maroko , dzia\u0142acz pi\u0142karski (zm. 2008)<\/p>\n<p>1910.09.28 W Brzozowie urodzi\u0142 si\u0119 Micha\u0142 Matyas, napastnik p\u00f3\u017aniej trener, gra\u0142 w Lechii Lw\u00f3w, Pogoni Lw\u00f3w, w Borys\u0142awiu, Dynamie Kij\u00f3w, Polonii Bytom, kr\u00f3l strzelc\u00f3w ligi polskiej 1935 (22 bramki), uczestnik Igrzysk Olimpijskich 1936, by\u0142 pierwszym samodzielnym trenerem reprezentacji Polski, zaliczany jest do najwybitniejszych trener\u00f3w polskich powojennego, w 1970 doprowadzi\u0142 G\u00f3rnik Zabrze do fina\u0142u Pucharu Zdobywc\u00f3w Puchar\u00f3w(zm. 1975)<\/p>\n<p>1973.09.28 Urodzil si\u0119 Hugo Cardoso Porf\u00edrio, portugalski pi\u0142karz<\/p>\n<h5><span class=\"ez-toc-section\" id=\"Mecze_reprezentacji_Polski_tego_dnia\"><\/span>Mecze reprezentacji Polski tego dnia:<span class=\"ez-toc-section-end\"><\/span><\/h5>\n<p>1930-09-28 Szwecja &#8211; Polska 0-3 MT Sztokholm bramki: J\u00f3zef Ciszewski 39&#8242;, J\u00f3zef Smoczek 43&#8242;, J\u00f3zef Ciszewski 69&#8242;<\/p>\n<p>1960-09-28 Polska &#8211; Francja 2-2 MT Warszawa bramki: Marian Norkowski 43&#8242;, Eugeniusz Faber 65&#8242;- Roland Guillas 84&#8242;, Maryan Wisnieski 89&#8242;<\/p>\n<h4><span class=\"ez-toc-section\" id=\"Mecze_polskich_klubow_w_europejskich_pucharach_tego_dnia\"><\/span>Mecze polskich klub\u00f3w w europejskich pucharach tego dnia:<span class=\"ez-toc-section-end\"><\/span><\/h4>\n<p>1966.09.28 G\u00f3rnik Zabrze- Vorw\u00e4rts Berlin 2-1 Puchar Europy I runda bramki: Ernest Pol 38&#8242;, 71&#8242;- Otto Fr\u00e4\u00dfdorf 57&#8242;<\/p>\n<p>1966.09.28 Chemie Lipsk- Legia Warszawa 3-0 Puchar Zdobywc\u00f3w Puchar\u00f3w 1\/16 fina\u0142u bramki: Bernd Bauchspie\u00df 58&#8242;, 85&#8242;, Dieter Scherbarth 78&#8242;<\/p>\n<p>1972.09.28 Zag\u0142\u0119bie Sosnowiec- Vitoria Setubal 1-0 Puchar UEFA 1\/32 fina\u0142u gol: Wies\u0142aw Ambro\u017cy 55&#8242;-k.<\/p>\n<p>1977.09.28 \u015al\u0105sk Wroc\u0142aw- Lewski Sofia 2-2 Puchar Europy I runda bramki: Tadeusz Paw\u0142owski 22&#8242;, Mieczys\u0142aw Kopycki 75&#8242;- Pavel Panov 29&#8242;,58&#8242;<\/p>\n<p>1977.09.28 Zag\u0142\u0119bie Sosnowiec- PAOK Saloniki 0-2 Puchar Zdobywc\u00f3w Puchar\u00f3w 1\/16 fina\u0142u bramki: Panagiotis Kermanidis 48&#8242;, Ioannis Damanakis 70&#8242;<\/p>\n<p>1977.09.28 Haka Valkeakoski- G\u00f3rnik Zabrze 0-0 Puchar UEFA 1\/32 fina\u0142u<\/p>\n<p>1977.09.28 1. FC Magdeburg- Odra Opole 1-1 Puchar UEFA 1\/32 fina\u0142u bramki: Joachim Streich 11&#8242;- J\u00f3zef Klose 39&#8242;<\/p>\n<p>1977.09.28 Widzew \u0141\u00f3d\u017a- Manchester City 0-0 Puchar UEFA 1\/32 fina\u0142u<\/p>\n<p>1982.09.28 KSC Lokeren- Stal Mielec 0-0 Puchar UEFA 1\/32 fina\u0142u<\/p>\n<p>1983.09.28 Athletic Bilbao- Lech Pozna\u0144 4-0 Puchar Europy I runda bramki: Goikoetxea 10&#8242;, Sola 33&#8242;-k. Noriega 50&#8242;, Urquiaga 84&#8242;<\/p>\n<p>1983.09.28 Lechia Gda\u0144sk-Juventus 2-3 Puchar Zdobywc\u00f3w Puchar\u00f3w 1\/16 fina\u0142u bramki: Marek Kowalczyk 50&#8242;, Jerzy Kruszczy\u0144ski 65&#8242;-k.- Beniamino Vignola 17&#8242;, Roberto Tavola 77&#8242;, Zbigniew Boniek 83&#8242;<\/p>\n<p>1983.09.28 Elfsborg Bor\u00e5s-Widzew \u0141\u00f3d\u017a 2-2 Puchar UEFA 1\/32 fina\u0142u bramki: Tommy Svensson 28&#8242;, Roger Bergstr\u00f6m 85&#8242;- Krzysztof Kajrys 80&#8242;, Dariusz Dziekanowski 84&#8242;<\/p>\n<p>2000.09.28 Wis\u0142a Krak\u00f3w &#8211; Real Saragossa 4-1 K: 4-3 Puchar UEFA I runda bramki: Kelechi Zeal 50&#8242;, Tomasz Frankowski 54&#8242;, 66&#8242;, Kazimierz Moskal 61&#8242;- Marcin Baszczy\u0144ski 5&#8242;-sam.<\/p>\n<p>2000.09.28 Inter Mediolan &#8211; Ruch Chorz\u00f3w 4-1 Puchar UEFA I runda bramki: Alvaro Recoba 6&#8242;-k. Clarence Seedorf 41&#8242;,87&#8242;, Corrado Colombo 89&#8242;- Grzegorz Skwara 85&#8242;<\/p>\n<p>2000.09.28 Amica Wronki &#8211; A\u0142ania W\u0142adykaukaz 2-0 Puchar UEFA I runda bramki: Pawel Kryszalowicz 39&#8242;, Remigiusz Sobocinski 73&#8242;<\/p>\n<p>2006.09.28 Austria Wiede\u0144 &#8211; Legia Warszawa 1-0 Puchar UEFA I runda gol: Roman Wallner 65&#8242;<\/p>\n<p>2006.09.28 Iraklis Saloniki -Wis\u0142a Krak\u00f3w 0-2 dogr. Puchar UEFA I runda bramki: Nikola Mijailovi\u0107 90&#8242;, Mauro Cantoro 100&#8242;<\/p>\n","protected":false},"excerpt":{"rendered":"<p>Pi\u0142karska kartka z kalendarza 28 wrze\u015bnia 1931.09.28 Urodzi\u0142 si\u0119 Ryszard Kulesza, pi\u0142karz, trener, selekcjoner reprezentacji, pracowa\u0142 min. w Tunezji i Maroko , dzia\u0142acz pi\u0142karski (zm. 2008) 1910.09.28 W Brzozowie urodzi\u0142 si\u0119 Micha\u0142 Matyas, napastnik p\u00f3\u017aniej trener, gra\u0142 w Lechii Lw\u00f3w, Pogoni Lw\u00f3w, w Borys\u0142awiu, Dynamie Kij\u00f3w, Polonii Bytom, kr\u00f3l strzelc\u00f3w ligi polskiej 1935 (22 bramki), [&hellip;]<\/p>\n","protected":false},"author":3,"featured_media":0,"comment_status":"closed","ping_status":"open","sticky":false,"template":"","format":"standard","meta":{"_acf_changed":false,"footnotes":""},"categories":[144],"tags":[143],"class_list":["post-7879","post","type-post","status-publish","format-standard","hentry","category-kartka-z-kalendarza","tag-kalendarium"],"acf":[],"_links":{"self":[{"href":"https:\/\/kronika-futbolu.pl\/historia\/wp-json\/wp\/v2\/posts\/7879","targetHints":{"allow":["GET"]}}],"collection":[{"href":"https:\/\/kronika-futbolu.pl\/historia\/wp-json\/wp\/v2\/posts"}],"about":[{"href":"https:\/\/kronika-futbolu.pl\/historia\/wp-json\/wp\/v2\/types\/post"}],"author":[{"embeddable":true,"href":"https:\/\/kronika-futbolu.pl\/historia\/wp-json\/wp\/v2\/users\/3"}],"replies":[{"embeddable":true,"href":"https:\/\/kronika-futbolu.pl\/historia\/wp-json\/wp\/v2\/comments?post=7879"}],"version-history":[{"count":0,"href":"https:\/\/kronika-futbolu.pl\/historia\/wp-json\/wp\/v2\/posts\/7879\/revisions"}],"wp:attachment":[{"href":"https:\/\/kronika-futbolu.pl\/historia\/wp-json\/wp\/v2\/media?parent=7879"}],"wp:term":[{"taxonomy":"category","embeddable":true,"href":"https:\/\/kronika-futbolu.pl\/historia\/wp-json\/wp\/v2\/categories?post=7879"},{"taxonomy":"post_tag","embeddable":true,"href":"https:\/\/kronika-futbolu.pl\/historia\/wp-json\/wp\/v2\/tags?post=7879"}],"curies":[{"name":"wp","href":"https:\/\/api.w.org\/{rel}","templated":true}]}}