{"id":7881,"date":"2020-09-29T00:01:30","date_gmt":"2020-09-28T22:01:30","guid":{"rendered":"https:\/\/kronika-futbolu.pl\/historia\/?p=7881"},"modified":"2020-10-03T10:44:30","modified_gmt":"2020-10-03T08:44:30","slug":"pilkarska-kartka-z-kalendarza-29-wrzesnia","status":"publish","type":"post","link":"https:\/\/kronika-futbolu.pl\/historia\/pilkarska-kartka-z-kalendarza-29-wrzesnia\/","title":{"rendered":"Pi\u0142karska kartka z kalendarza 29 wrze\u015bnia"},"content":{"rendered":"<div id=\"ez-toc-container\" class=\"ez-toc-v2_0_75 counter-hierarchy ez-toc-counter ez-toc-grey ez-toc-container-direction\">\n<div class=\"ez-toc-title-container\">\n<p class=\"ez-toc-title\" style=\"cursor:inherit\">Table of Contents<\/p>\n<span class=\"ez-toc-title-toggle\"><a href=\"#\" class=\"ez-toc-pull-right ez-toc-btn ez-toc-btn-xs ez-toc-btn-default ez-toc-toggle\" aria-label=\"Toggle Table of Content\"><span class=\"ez-toc-js-icon-con\"><span class=\"\"><span class=\"eztoc-hide\" style=\"display:none;\">Toggle<\/span><span class=\"ez-toc-icon-toggle-span\"><svg style=\"fill: #999;color:#999\" xmlns=\"http:\/\/www.w3.org\/2000\/svg\" class=\"list-377408\" width=\"20px\" height=\"20px\" viewBox=\"0 0 24 24\" fill=\"none\"><path d=\"M6 6H4v2h2V6zm14 0H8v2h12V6zM4 11h2v2H4v-2zm16 0H8v2h12v-2zM4 16h2v2H4v-2zm16 0H8v2h12v-2z\" fill=\"currentColor\"><\/path><\/svg><svg style=\"fill: #999;color:#999\" class=\"arrow-unsorted-368013\" xmlns=\"http:\/\/www.w3.org\/2000\/svg\" width=\"10px\" height=\"10px\" viewBox=\"0 0 24 24\" version=\"1.2\" baseProfile=\"tiny\"><path d=\"M18.2 9.3l-6.2-6.3-6.2 6.3c-.2.2-.3.4-.3.7s.1.5.3.7c.2.2.4.3.7.3h11c.3 0 .5-.1.7-.3.2-.2.3-.5.3-.7s-.1-.5-.3-.7zM5.8 14.7l6.2 6.3 6.2-6.3c.2-.2.3-.5.3-.7s-.1-.5-.3-.7c-.2-.2-.4-.3-.7-.3h-11c-.3 0-.5.1-.7.3-.2.2-.3.5-.3.7s.1.5.3.7z\"\/><\/svg><\/span><\/span><\/span><\/a><\/span><\/div>\n<nav><ul class='ez-toc-list ez-toc-list-level-1 ' ><li class='ez-toc-page-1 ez-toc-heading-level-4'><a class=\"ez-toc-link ez-toc-heading-1\" href=\"https:\/\/kronika-futbolu.pl\/historia\/pilkarska-kartka-z-kalendarza-29-wrzesnia\/#Pilkarska_kartka_z_kalendarza_29_wrzesnia\" >Pi\u0142karska kartka z kalendarza 29 wrze\u015bnia<\/a><ul class='ez-toc-list-level-5' ><li class='ez-toc-heading-level-5'><a class=\"ez-toc-link ez-toc-heading-2\" href=\"https:\/\/kronika-futbolu.pl\/historia\/pilkarska-kartka-z-kalendarza-29-wrzesnia\/#Mecze_polskich_klubow_w_europejskich_pucharach_tego_dnia\" >Mecze polskich klub\u00f3w w europejskich pucharach tego dnia:<\/a><\/li><\/ul><\/li><\/ul><\/nav><\/div>\n<h4><span class=\"ez-toc-section\" id=\"Pilkarska_kartka_z_kalendarza_29_wrzesnia\"><\/span>Pi\u0142karska kartka z kalendarza 29 wrze\u015bnia<span class=\"ez-toc-section-end\"><\/span><\/h4>\n<p>1887.09.29 Za\u0142o\u017cono SC Germania von 1887 najstarszy z 3 za\u0142o\u017cycieli Hamburger SV, 6-krotny mistrz Niemiec, zdobywca Pucharu Europy 1983, Pucharu Zdobywc\u00f3w Puchar\u00f3w 1977, Pucharu UEFA 1982<\/p>\n<p>1943.09.29 Urodzi\u0142 si\u0119 Wolfgang Overath, niemiecki pomocnik, mistrz \u015bwiata 1974<\/p>\n<p>1976.09.29 Urodzi\u0142 si\u0119 Andrij Szewczenko, ukrai\u0144ski napastnik, zdobywca Ligi Mistrz\u00f3w 2003 z Milanem, laureat Zlotej Pi\u0142ki 2004<\/p>\n<p>1984.09.29 Urodzi\u0142 si\u0119 Per Mertesacker, niemiecki obro\u0144ca<\/p>\n<p>1957-09-29 Bu\u0142garia &#8211; Polska 1-1 MT Sofia bramki: Dimitar Mi\u0142anow 72&#8242;- Lucjan Brychczy 40&#8242;<\/p>\n<h5><span class=\"ez-toc-section\" id=\"Mecze_polskich_klubow_w_europejskich_pucharach_tego_dnia\"><\/span>Mecze polskich klub\u00f3w w europejskich pucharach tego dnia:<span class=\"ez-toc-section-end\"><\/span><\/h5>\n<p>1971.09.29 G\u00f3rnik Zabrze &#8211; Olympique Marsylia 1-1 Puchar Europy I runda bramki: Zygmunt Anczok 32&#8242;- Skoblar 53&#8242;<\/p>\n<p>1971.09.29 \u00c5tvidabergs FF &#8211; Zag\u0142\u0119bie Sosnowiec 1-1 Puchar Zdobywc\u00f3w Puchar\u00f3w I runda bramki: Anders Ljungberg 15&#8242;- Andrzej Jarosik 7&#8242;<\/p>\n<p>1971.09.29 Legia Warszawa-FC Lugano 0-0 Puchar UEFA I runda<\/p>\n<p>1971.09.29 Union Teplice-Zag\u0142\u0119bie Wa\u0142brzych 2-3 Puchar UEFA I runda bramki: Pavel Stratil 70&#8242;, Rudolf Smetana 75&#8242;- J\u00f3zef Kwiatkowski 65&#8242;,78&#8242; Zbigniew Augustyniak 73&#8242;<\/p>\n<p>1976.09.29 Real Madryt-Stal Mielec 1-0 w Walencji Puchar Europy I runda gol: Pirri 64<\/p>\n<p>1976.09.29 \u015al\u0105sk Wroc\u0142aw &#8211; Floriana FC 2-0 Puchar Zdobywc\u00f3w Puchar\u00f3w 1\/16 fina\u0142u bramki: Tadeusz Paw\u0142owski 60&#8242;, Jan Erlich 70&#8242;<\/p>\n<p>1976.09.29 Wis\u0142a Krak\u00f3w &#8211; Celtic FC 2-0 Puchar UEFA 1\/32 fina\u0142u bramki: Kazimierz Kmiecik 53\u2019, 59&#8242;<\/p>\n<p>1976.09.29 GKS Tychy &#8211; 1.FC K\u00f6ln 1-1 h Puchar UEFA 1\/32 fina\u0142u bramki: Roman Ogaza 18&#8242;- Dieter M\u00fcller 75<\/p>\n<p>1982.09.29 Widzew \u0141\u00f3d\u017a &#8211; Hibernians Paola 3-1 Puchar Europy I runda bramki: Andrzej Gr\u0119bosz 26&#8242;-k, Witold Matusiak 51&#8242;, 86&#8242;- \u0120u\u017ci Xuereb 16&#8242;<\/p>\n<p>1982.09.29 Lech Pozna\u0144 &#8211; \u00cdB Vestmannaeyja 3-0 Puchar Zdobywc\u00f3w Puchar\u00f3w 1\/16 fina\u0142u bramki: Miros\u0142aw Oko\u0144ski 6&#8242;, 52&#8242; Mariusz Niewiadomski 49&#8242;<\/p>\n<p>1982.09.29 Dinamo Moskwa &#8211; \u015al\u0105sk Wroc\u0142aw 0-1 Puchar UEFA 1\/32 fina\u0142u gol:Ryszard Tarasiewicz 17&#8242;<\/p>\n<p>1992.09.29 Galatasaray Stambu\u0142-GKS Katowice 2-1 Puchar UEFA 1\/32 fina\u0142u bramki: Hakan \u015e\u00fck\u00fcr 30&#8242;, Falko G\u00f6tz 55&#8242;-k- Krzysztof Maciejewski 73<\/p>\n<p>1993.09.29 Beitar Jerozolima- Lech Pozna\u0144 2-4 Liga Mistrz\u00f3w I runda bramki: Eli Ohana 12&#8242;, Yaakov Schwartz 73&#8242;- Damian \u0141ukasik 4&#8242;, Miroslaw Trzeciak 24&#8242;, Jerzy Podbro\u017cny 31&#8242;,70&#8242;<\/p>\n<p>1993.09.29 GKS Katowice- Benfica Lizbona 1-1 Puchar Zdobywc\u00f3w Puchar\u00f3w 1\/16 fina\u0142u bramki: Adam Kucz 45&#8242;- V\u00edtor Paneira 70&#8242;<\/p>\n<p>1994.09.29 \u0141KS \u0141\u00f3d\u017a- FC Porto 0-1 Puchar Zdobywc\u00f3w Puchar\u00f3w 1\/16 fina\u0142u gol: Ljubinko Drulovi\u0107 44&#8242;<\/p>\n<p>1997.09.29 Udinese Calcio-Widzew \u0141\u00f3d\u017a 3-0 Puchar UEFA I runda bramki: Oliver Bierhoff 2&#8242;, Paolo Poggi 6&#8242;, Tomas Locatelli 89&#8242;<\/p>\n<p>1998.09.29 AS Monaco &#8211; \u0141KS \u0141\u00f3d\u017a 0-0 Puchar UEFA I runda<\/p>\n<p>1998.09.29 Wis\u0142a Krak\u00f3w &#8211; NK Maribor 3-0 Puchar UEFA I runda bramki: Marek Zaj\u0105c 85&#8242; 88&#8242;, Tomasz Kulawik 90&#8242;<\/p>\n<p>2005.09.29 Wis\u0142a Krak\u00f3w- Vit\u00f3ria SC 0-1 Puchar UEFA I runda gol: Marek Saganowski 82&#8242;<\/p>\n<p>2005.09.29 Dyskobolia Grodzisk Wlkp.- RC Lens 2-4 Puchar UEFA I runda bramki: Sedl\u00e1\u010dek 57 (k), S\u00e1bl\u00edk 79 &#8211; Cousin 23, 54, Dindan\u00e9 30, Lachor 90<\/p>\n<p>2011.09.29 Twente Enschede &#8211; Wis\u0142a Krak\u00f3w 4-1 Liga Europy faza grupowa bramki: Luuk de Jong 32, Marc Janko 45, 57, Willem Janssen 80 &#8211; Dudu Biton 9<\/p>\n<p>2011.09.29 Legia Warszawa &#8211; Hapoel Tel Awiw 3-2 Liga Europy faza grupowa bramki: Danijel Ljuboja 67, Marcin Komorowski 72 (k), Miroslav Radovi\u0107 89 &#8211; Toto Tamuz 34, Maaran Al Lala 78<\/p>\n","protected":false},"excerpt":{"rendered":"<p>Pi\u0142karska kartka z kalendarza 29 wrze\u015bnia 1887.09.29 Za\u0142o\u017cono SC Germania von 1887 najstarszy z 3 za\u0142o\u017cycieli Hamburger SV, 6-krotny mistrz Niemiec, zdobywca Pucharu Europy 1983, Pucharu Zdobywc\u00f3w Puchar\u00f3w 1977, Pucharu UEFA 1982 1943.09.29 Urodzi\u0142 si\u0119 Wolfgang Overath, niemiecki pomocnik, mistrz \u015bwiata 1974 1976.09.29 Urodzi\u0142 si\u0119 Andrij Szewczenko, ukrai\u0144ski napastnik, zdobywca Ligi Mistrz\u00f3w 2003 z Milanem, [&hellip;]<\/p>\n","protected":false},"author":3,"featured_media":7882,"comment_status":"closed","ping_status":"open","sticky":false,"template":"","format":"standard","meta":{"_acf_changed":false,"footnotes":""},"categories":[144],"tags":[143],"class_list":["post-7881","post","type-post","status-publish","format-standard","has-post-thumbnail","hentry","category-kartka-z-kalendarza","tag-kalendarium"],"acf":[],"_links":{"self":[{"href":"https:\/\/kronika-futbolu.pl\/historia\/wp-json\/wp\/v2\/posts\/7881","targetHints":{"allow":["GET"]}}],"collection":[{"href":"https:\/\/kronika-futbolu.pl\/historia\/wp-json\/wp\/v2\/posts"}],"about":[{"href":"https:\/\/kronika-futbolu.pl\/historia\/wp-json\/wp\/v2\/types\/post"}],"author":[{"embeddable":true,"href":"https:\/\/kronika-futbolu.pl\/historia\/wp-json\/wp\/v2\/users\/3"}],"replies":[{"embeddable":true,"href":"https:\/\/kronika-futbolu.pl\/historia\/wp-json\/wp\/v2\/comments?post=7881"}],"version-history":[{"count":1,"href":"https:\/\/kronika-futbolu.pl\/historia\/wp-json\/wp\/v2\/posts\/7881\/revisions"}],"predecessor-version":[{"id":9196,"href":"https:\/\/kronika-futbolu.pl\/historia\/wp-json\/wp\/v2\/posts\/7881\/revisions\/9196"}],"wp:featuredmedia":[{"embeddable":true,"href":"https:\/\/kronika-futbolu.pl\/historia\/wp-json\/wp\/v2\/media\/7882"}],"wp:attachment":[{"href":"https:\/\/kronika-futbolu.pl\/historia\/wp-json\/wp\/v2\/media?parent=7881"}],"wp:term":[{"taxonomy":"category","embeddable":true,"href":"https:\/\/kronika-futbolu.pl\/historia\/wp-json\/wp\/v2\/categories?post=7881"},{"taxonomy":"post_tag","embeddable":true,"href":"https:\/\/kronika-futbolu.pl\/historia\/wp-json\/wp\/v2\/tags?post=7881"}],"curies":[{"name":"wp","href":"https:\/\/api.w.org\/{rel}","templated":true}]}}