{"id":7946,"date":"2019-10-18T00:01:51","date_gmt":"2019-10-17T22:01:51","guid":{"rendered":"https:\/\/kronika-futbolu.pl\/historia\/?p=7946"},"modified":"2019-10-18T00:01:51","modified_gmt":"2019-10-17T22:01:51","slug":"pilkarska-kartka-z-kalendarza-18-pazdziernika","status":"publish","type":"post","link":"https:\/\/kronika-futbolu.pl\/historia\/pilkarska-kartka-z-kalendarza-18-pazdziernika\/","title":{"rendered":"Pi\u0142karska kartka z kalendarza 18 Pa\u017adziernika"},"content":{"rendered":"<h4>Pi\u0142karska kartka z kalendarza 18 Pa\u017adziernika<\/h4>\n<p>1891 Urodzi\u0142 si\u0119 Andrzej Bujak, jeden z najlepszych obro\u0144c\u00f3w przed I wojn\u0105 \u015bwiatow\u0105, zawodnik Wis\u0142y Krak\u00f3w, Legii Warszawa, Krakowianki Krak\u00f3w, uczestnik Mistrzostw Galicji, reprezentant Galicji, Krakowa, \u017co\u0142nierz I Brygady Legion\u00f3w Polskich i Armii austriackiej w I wojnie \u015bwiatowej<\/p>\n<p>1923.10.18 Urodzi\u0142 si\u0119 Paulo Amaral, brazylijski zawodnik i trener (zm. 2008)<\/p>\n<p>1938.10.18 Urodzi\u0142 si\u0119 Guy Roux, francuski zawodnik i trener, prowadzi\u0142 AJ Auxerre w latach 1961-2005<\/p>\n<p>1974.10.18 Urodzi\u0142 si\u0119 Robbie Savage, walijski pomocnik<\/p>\n<p>1959-10-18 Finlandia &#8211; Polska 1-3  EIO 1960 Helsinki bramki: Hannu Kankkonen 48&#8242;- Ernest Pol 3&#8242;, Stanis\u0142aw Hachorek 58&#8242;, Jan Gawro\u0144ski 81&#8242;<\/p>\n<p>1978.10.18 FC Zbrojovka Brno-Wis\u0142a Krak\u00f3w 2-2 Puchar Europy II runda bramki: Kazimierz Kmiecik 37&#8242;, Henryk Maculewicz 86&#8242;- Josef Pesice 73&#8242;-k., Karel Kroupa 78&#8242;<\/p>\n<p>1994.10.18 GKS Katowice-Girondins Bordeaux 1-0 Puchar UEFA 1\/16 fina\u0142u gol: Zdzislaw Strojek 88&#8242;<\/p>\n<p>1995.10.18 Legia Warszawa-Blackburn Rovers 1-0 Liga Mistrz\u00f3w faza grupowa gol: Jerzy Podbro\u017cny 26&#8242;<\/p>\n<p>2001.10.18 Inter Mediolan-Wis\u0142a Krak\u00f3w 2-0 Puchar UEFA II runda bramki: Kallon 61&#8242; , 65&#8242; mecz w Trie\u015bcie<\/p>\n<p>2001.10.18 Legia Warszawa-Valencia CF 1-1 Puchar UEFA II runda bramki: Karwan 11&#8242; &#8211; A.Ilie 61&#8242;-k<\/p>\n","protected":false},"excerpt":{"rendered":"<p>Pi\u0142karska kartka z kalendarza 18 Pa\u017adziernika 1891 Urodzi\u0142 si\u0119 Andrzej Bujak, jeden z najlepszych obro\u0144c\u00f3w przed I wojn\u0105 \u015bwiatow\u0105, zawodnik Wis\u0142y Krak\u00f3w, Legii Warszawa, Krakowianki Krak\u00f3w, uczestnik Mistrzostw Galicji, reprezentant Galicji, Krakowa, \u017co\u0142nierz I Brygady Legion\u00f3w Polskich i Armii austriackiej w I wojnie \u015bwiatowej 1923.10.18 Urodzi\u0142 si\u0119 Paulo Amaral, brazylijski zawodnik i trener (zm. 2008) [&hellip;]<\/p>\n","protected":false},"author":3,"featured_media":0,"comment_status":"closed","ping_status":"open","sticky":false,"template":"","format":"standard","meta":{"_acf_changed":false,"footnotes":""},"categories":[144],"tags":[143],"class_list":["post-7946","post","type-post","status-publish","format-standard","hentry","category-kartka-z-kalendarza","tag-kalendarium"],"acf":[],"_links":{"self":[{"href":"https:\/\/kronika-futbolu.pl\/historia\/wp-json\/wp\/v2\/posts\/7946","targetHints":{"allow":["GET"]}}],"collection":[{"href":"https:\/\/kronika-futbolu.pl\/historia\/wp-json\/wp\/v2\/posts"}],"about":[{"href":"https:\/\/kronika-futbolu.pl\/historia\/wp-json\/wp\/v2\/types\/post"}],"author":[{"embeddable":true,"href":"https:\/\/kronika-futbolu.pl\/historia\/wp-json\/wp\/v2\/users\/3"}],"replies":[{"embeddable":true,"href":"https:\/\/kronika-futbolu.pl\/historia\/wp-json\/wp\/v2\/comments?post=7946"}],"version-history":[{"count":0,"href":"https:\/\/kronika-futbolu.pl\/historia\/wp-json\/wp\/v2\/posts\/7946\/revisions"}],"wp:attachment":[{"href":"https:\/\/kronika-futbolu.pl\/historia\/wp-json\/wp\/v2\/media?parent=7946"}],"wp:term":[{"taxonomy":"category","embeddable":true,"href":"https:\/\/kronika-futbolu.pl\/historia\/wp-json\/wp\/v2\/categories?post=7946"},{"taxonomy":"post_tag","embeddable":true,"href":"https:\/\/kronika-futbolu.pl\/historia\/wp-json\/wp\/v2\/tags?post=7946"}],"curies":[{"name":"wp","href":"https:\/\/api.w.org\/{rel}","templated":true}]}}