{"id":7948,"date":"2019-10-19T00:01:50","date_gmt":"2019-10-18T22:01:50","guid":{"rendered":"https:\/\/kronika-futbolu.pl\/historia\/?p=7948"},"modified":"2022-10-14T14:35:36","modified_gmt":"2022-10-14T12:35:36","slug":"pilkarska-kartka-z-kalendarza-19-pazdziernika","status":"publish","type":"post","link":"https:\/\/kronika-futbolu.pl\/historia\/pilkarska-kartka-z-kalendarza-19-pazdziernika\/","title":{"rendered":"Pi\u0142karska kartka z kalendarza 19 Pa\u017adziernika"},"content":{"rendered":"<h4>Pi\u0142karska kartka z kalendarza 19 Pa\u017adziernika<\/h4>\n<p>1939.10.19 Za\u0142o\u017cono norweski klub Haugar Haugesund.<\/p>\n<p>1927.10.19 Urodzi\u0142 si\u0119 r,<span style=\"font-size: 0.95em;\">Hans Sch\u00e4fe<\/span><span style=\"font-size: 0.95em;\"> niemiecki napastnik, mistrz \u015bwiata 1954. Zawodnik 1. FC K\u00f6ln w latach 1948-1965. W reprezentacji Niemiec 40 mecz\u00f3w 15 bramek. Pi\u0142karz roku w Niemczech 1963.<\/span><\/p>\n<p>1974.10.19 Urodzi\u0142 si\u0119 Serginho, brazylijski obro\u0144ca (zm. 2004)<\/p>\n<p>1947-10-19 Serbia Jugos\u0142awia &#8211; Polska 7-1 MT Belgrad bramki: Stjepan Bobek 4&#8242;,35&#8242;, Jovan Jezerki\u0107 10&#8242; 20&#8242; 21&#8242; 28&#8242;, Rajko Miti\u0107 11&#8242;- Gerard Cie\u015blik 78&#8242;<\/p>\n<p>1988-10-19 Polska &#8211; Albania 1-0 EM\u015a 1990 Chorz\u00f3w gol: Krzysztof Warzycha 78&#8242;<\/p>\n<p>1971.10.19 Rapid Bukareszt- Legia Warszawa 4-0 Puchar UEFA II runda bramki: Daniel Ene 21&#8242;, 29&#8242;, Alexandru Neagu 30&#8242;, 72&#8242;<\/p>\n<p>1977.10.19 Aston Villa-G\u00f3rnik Zabrze 2-0 Puchar UEFA 1\/16 fina\u0142u bramki: Ken McNaught 11&#8242;, 54&#8242;<\/p>\n<p>1977.10.19 Widzew \u0141\u00f3d\u017a-PSV Eindhoven 3-5 Puchar UEFA 1\/16 fina\u0142u bramki: Zdzis\u0142aw Rozborski 16&#8242;, Ryszard Kowenicki 65&#8242;, Zbigniew Boniek 79&#8242;- Nick Deacy 25&#8242;, Gerrie Deijkers 37&#8242;,54&#8242;, Willy van der Kuijlen 72&#8242;,Guy Fran\u00e7ois 74&#8242;<\/p>\n<p>1983.10.19 Widzew \u0141\u00f3d\u017a-Sparta Praga 1-0 Puchar UEFA 1\/16 fina\u0142u gol: Roman W\u00f3jcicki 42&#8242;<\/p>\n<p>1999.10.19 Udinese Calcio-Legia Warszawa 1-0 Puchar UEFA II runda gol: Roberto Sosa 29&#8242;<\/p>\n<p>2006.10.19 Wis\u0142a Krak\u00f3w-Blackburn Rovers 1-2 Puchar UEFA faza grupowa bramki: Roberto Mauro Cantoro 28&#8242; &#8211; Robert Savage 56&#8242;, David Bentley 89&#8242;<\/p>\n","protected":false},"excerpt":{"rendered":"<p>Pi\u0142karska kartka z kalendarza 19 Pa\u017adziernika 1939.10.19 Za\u0142o\u017cono norweski klub Haugar Haugesund. 1927.10.19 Urodzi\u0142 si\u0119 r,Hans Sch\u00e4fe niemiecki napastnik, mistrz \u015bwiata 1954. Zawodnik 1. FC K\u00f6ln w latach 1948-1965. W reprezentacji Niemiec 40 mecz\u00f3w 15 bramek. Pi\u0142karz roku w Niemczech 1963. 1974.10.19 Urodzi\u0142 si\u0119 Serginho, brazylijski obro\u0144ca (zm. 2004) 1947-10-19 Serbia Jugos\u0142awia &#8211; Polska 7-1 [&hellip;]<\/p>\n","protected":false},"author":3,"featured_media":0,"comment_status":"closed","ping_status":"open","sticky":false,"template":"","format":"standard","meta":{"_acf_changed":false,"footnotes":""},"categories":[144],"tags":[459],"class_list":["post-7948","post","type-post","status-publish","format-standard","hentry","category-kartka-z-kalendarza","tag-kalednarium"],"acf":[],"_links":{"self":[{"href":"https:\/\/kronika-futbolu.pl\/historia\/wp-json\/wp\/v2\/posts\/7948","targetHints":{"allow":["GET"]}}],"collection":[{"href":"https:\/\/kronika-futbolu.pl\/historia\/wp-json\/wp\/v2\/posts"}],"about":[{"href":"https:\/\/kronika-futbolu.pl\/historia\/wp-json\/wp\/v2\/types\/post"}],"author":[{"embeddable":true,"href":"https:\/\/kronika-futbolu.pl\/historia\/wp-json\/wp\/v2\/users\/3"}],"replies":[{"embeddable":true,"href":"https:\/\/kronika-futbolu.pl\/historia\/wp-json\/wp\/v2\/comments?post=7948"}],"version-history":[{"count":1,"href":"https:\/\/kronika-futbolu.pl\/historia\/wp-json\/wp\/v2\/posts\/7948\/revisions"}],"predecessor-version":[{"id":13007,"href":"https:\/\/kronika-futbolu.pl\/historia\/wp-json\/wp\/v2\/posts\/7948\/revisions\/13007"}],"wp:attachment":[{"href":"https:\/\/kronika-futbolu.pl\/historia\/wp-json\/wp\/v2\/media?parent=7948"}],"wp:term":[{"taxonomy":"category","embeddable":true,"href":"https:\/\/kronika-futbolu.pl\/historia\/wp-json\/wp\/v2\/categories?post=7948"},{"taxonomy":"post_tag","embeddable":true,"href":"https:\/\/kronika-futbolu.pl\/historia\/wp-json\/wp\/v2\/tags?post=7948"}],"curies":[{"name":"wp","href":"https:\/\/api.w.org\/{rel}","templated":true}]}}