{"id":7957,"date":"2019-10-21T00:02:30","date_gmt":"2019-10-20T22:02:30","guid":{"rendered":"https:\/\/kronika-futbolu.pl\/historia\/?p=7957"},"modified":"2019-10-21T00:02:30","modified_gmt":"2019-10-20T22:02:30","slug":"pilkarska-kartka-z-kalendarza-21-pazdziernika","status":"publish","type":"post","link":"https:\/\/kronika-futbolu.pl\/historia\/pilkarska-kartka-z-kalendarza-21-pazdziernika\/","title":{"rendered":"Pi\u0142karska kartka z kalendarza 21 Pa\u017adziernika"},"content":{"rendered":"<h4>Pi\u0142karska kartka z kalendarza 21 Pa\u017adziernika<\/h4>\n<p>1892.10.21 Urodzi\u0142 si\u0119 Otto Nerz, pierwszy trener reprezentacji Niemiec w historii, funkcj\u0119 t\u0119 pe\u0142ni\u0142 w latach 1926-1936, w 1934 zaj\u0105\u0142 3 miejsce na Mistrzostwach \u015awiata. (zm. 1949)<\/p>\n<p>1932.10.21 Urodzi\u0142 si\u0119 P\u00e1l Csernai, w\u0119gierski pomocnik , trener (zm. 2013)<\/p>\n<p>1933.10.21 Urodzi\u0142 si\u0119 Francisco Gento L\u00f3pez, hiszpa\u0144ski napastnik zdobywca Pucharu Europy 56,57,58,59,60,66<\/p>\n<p>1970.10.21 Urodzi\u0142 si\u0119 Andrzej Krzyszta\u0142owicz, bramkarz<\/p>\n<p>1973-10-21 Irlandia &#8211; Polska 1-0 MT Dublin gol: Jeremiah Dennehy 32&#8242;<\/p>\n<p>1970.10.21 Standard Liege-Legia Warszawa 1-0 Puchar Europy II runda gol: Louis Pilot 76&#8242;<\/p>\n<p>1970.10.21 G\u00f6ztepe Izmir-G\u00f3rnik Zabrze 0-1 Puchar Zdobywc\u00f3w Puchar\u00f3w 1\/8 fina\u0142u gol: W\u0142odzimierz Luba\u0144ski 28&#8242;<\/p>\n<p>1978.10.21 \u00cdB Vestmannaeyja- \u015al\u0105sk Wroc\u0142aw 0-2 Puchar UEFA 1\/16 fina\u0142u bramki: J\u00f3zef Kwiatkowski 52.&#8217;- Roman Faber 68&#8242;<\/p>\n<p>1981.10.21 Legia Warszawa- Lausanne Sports 2-1Puchar Zdobywc\u00f3w Puchar\u00f3w 1\/8 fina\u0142u bramki: Krzysztof Adamczyk 8&#8242;, Janusz Baran 32&#8242;- Robert Kok 22&#8242;<\/p>\n<p>1982.10.21 \u015al\u0105sk Wroc\u0142aw -Servette Genewa 0-2 Puchar UEFA 1\/16 fina\u0142u bramki: Michel Decastel 68&#8242;, Lucien Favre 78&#8242;<\/p>\n<p>1987.10.21 Rangers FC &#8211; G\u00f3rnik Zabrze 3-1 Puchar UEFA II runda bramki: Ally McCoist 7&#8242;, Ian Durrant 22&#8242;, Mark Falco 45&#8242;- Jan Urban 58&#8242;<\/p>\n<p>1992.10.21 IFK G\u00f6teborg-Lech Pozna\u0144 1-0 Liga Mistrz\u00f3w UEFA  II runda gol: Patrik Bengtsson 87&#8242;<\/p>\n<p>1999.10.21 Widzew \u0141\u00f3d\u017a-AS Monaco 1-1 Puchar UEFA II runda bramki: Artur Wichniarek 5&#8242;-k- Ludovic Giuly 40&#8242;<\/p>\n<p>1999.10.21 Atletico Madryt-Amica Wronki 1-0 Puchar UEFA II runda gol: Baraja 83&#8242;<\/p>\n<p>2004.10.21 Amica Wronki-Rangers F.C. 0-5 Puchar UEFA Faza grupowa bramki: Peter L\u00f8venkrands 18&#8242;, Nacho Novo 58&#8242;, Fernando Ricksen 69&#8242;, Shota Arveladze 74&#8242;,-k Steven Thompson 89&#8242;<\/p>\n<p>2010.10.21 Manchester City-Lech Pozna\u0144 3-1 Liga Europy faza grupowa bramki: Emmanuel Adebayor 13&#8242;, 25&#8242;, 73&#8242;- Jo\u00ebl Tshibamba 50&#8242;<\/p>\n","protected":false},"excerpt":{"rendered":"<p>Pi\u0142karska kartka z kalendarza 21 Pa\u017adziernika 1892.10.21 Urodzi\u0142 si\u0119 Otto Nerz, pierwszy trener reprezentacji Niemiec w historii, funkcj\u0119 t\u0119 pe\u0142ni\u0142 w latach 1926-1936, w 1934 zaj\u0105\u0142 3 miejsce na Mistrzostwach \u015awiata. (zm. 1949) 1932.10.21 Urodzi\u0142 si\u0119 P\u00e1l Csernai, w\u0119gierski pomocnik , trener (zm. 2013) 1933.10.21 Urodzi\u0142 si\u0119 Francisco Gento L\u00f3pez, hiszpa\u0144ski napastnik zdobywca Pucharu Europy [&hellip;]<\/p>\n","protected":false},"author":3,"featured_media":0,"comment_status":"closed","ping_status":"open","sticky":false,"template":"","format":"standard","meta":{"_acf_changed":false,"footnotes":""},"categories":[144],"tags":[143],"class_list":["post-7957","post","type-post","status-publish","format-standard","hentry","category-kartka-z-kalendarza","tag-kalendarium"],"acf":[],"_links":{"self":[{"href":"https:\/\/kronika-futbolu.pl\/historia\/wp-json\/wp\/v2\/posts\/7957","targetHints":{"allow":["GET"]}}],"collection":[{"href":"https:\/\/kronika-futbolu.pl\/historia\/wp-json\/wp\/v2\/posts"}],"about":[{"href":"https:\/\/kronika-futbolu.pl\/historia\/wp-json\/wp\/v2\/types\/post"}],"author":[{"embeddable":true,"href":"https:\/\/kronika-futbolu.pl\/historia\/wp-json\/wp\/v2\/users\/3"}],"replies":[{"embeddable":true,"href":"https:\/\/kronika-futbolu.pl\/historia\/wp-json\/wp\/v2\/comments?post=7957"}],"version-history":[{"count":0,"href":"https:\/\/kronika-futbolu.pl\/historia\/wp-json\/wp\/v2\/posts\/7957\/revisions"}],"wp:attachment":[{"href":"https:\/\/kronika-futbolu.pl\/historia\/wp-json\/wp\/v2\/media?parent=7957"}],"wp:term":[{"taxonomy":"category","embeddable":true,"href":"https:\/\/kronika-futbolu.pl\/historia\/wp-json\/wp\/v2\/categories?post=7957"},{"taxonomy":"post_tag","embeddable":true,"href":"https:\/\/kronika-futbolu.pl\/historia\/wp-json\/wp\/v2\/tags?post=7957"}],"curies":[{"name":"wp","href":"https:\/\/api.w.org\/{rel}","templated":true}]}}